

{"id":2507,"date":"2015-02-19T14:02:22","date_gmt":"2015-02-19T16:02:22","guid":{"rendered":"https:\/\/siteshom.goias.gov.br\/industriaecomercio\/perfil-do-secretario\/"},"modified":"2024-06-07T14:26:09","modified_gmt":"2024-06-07T17:26:09","slug":"perfil-do-secretario","status":"publish","type":"post","link":"https:\/\/goias.gov.br\/industriaecomercio\/perfil-do-secretario\/","title":{"rendered":"Secret\u00e1rio"},"content":{"rendered":"<hr \/>\n<p><img fetchpriority=\"high\" decoding=\"async\" id=\"\" class=\"size-full wp-image-2505 aligncenter\" title=\"\" src=\"https:\/\/goias.gov.br\/industriaecomercio\/wp-content\/uploads\/sites\/32\/2015\/02\/JoelSantannaBragaFilho-611-scaled.jpg\" alt=\"\" width=\"448\" height=\"513\" srcset=\"https:\/\/goias.gov.br\/industriaecomercio\/wp-content\/uploads\/sites\/32\/2015\/02\/JoelSantannaBragaFilho-611-scaled.jpg 2232w, https:\/\/goias.gov.br\/industriaecomercio\/wp-content\/uploads\/sites\/32\/2015\/02\/JoelSantannaBragaFilho-611-262x300.jpg 262w, https:\/\/goias.gov.br\/industriaecomercio\/wp-content\/uploads\/sites\/32\/2015\/02\/JoelSantannaBragaFilho-611-893x1024.jpg 893w, https:\/\/goias.gov.br\/industriaecomercio\/wp-content\/uploads\/sites\/32\/2015\/02\/JoelSantannaBragaFilho-611-768x881.jpg 768w, https:\/\/goias.gov.br\/industriaecomercio\/wp-content\/uploads\/sites\/32\/2015\/02\/JoelSantannaBragaFilho-611-1339x1536.jpg 1339w, https:\/\/goias.gov.br\/industriaecomercio\/wp-content\/uploads\/sites\/32\/2015\/02\/JoelSantannaBragaFilho-611-1786x2048.jpg 1786w\" sizes=\"(max-width: 448px) 100vw, 448px\" \/><\/p>\n<h4><strong><span style=\"color: #008000;\">Joel de Sant&#8217;Anna Braga Filho<br \/>\n<\/span><\/strong><span style=\"font-weight: 400; color: #808080;\">Secret\u00e1rio de Estado de Ind\u00fastria, Com\u00e9rcio e Servi\u00e7os de Goi\u00e1s<\/span><\/h4>\n<p style=\"text-align: justify;\">Possui gradua\u00e7\u00e3o em Odontologia e tem especializa\u00e7\u00e3o em Pol\u00edticas P\u00fablicas. Empres\u00e1rio, professor e gestor p\u00fablico, Joel de Sant\u2019Anna Braga filho, 58 anos de idade, \u00e9 casado com Gisela Maciel Braga e pai de dois filhos, Lu\u00edza e Jo\u00e3o Pedro.<\/p>\n<p style=\"text-align: justify;\">Aos 20 anos de idade j\u00e1 trabalhava como empres\u00e1rio no ramo de confec\u00e7\u00f5es e, desde ent\u00e3o, se mant\u00e9m em atividade no ramo empresarial. Em 1986 concluiu a gradua\u00e7\u00e3o em odontologia, profiss\u00e3o que exerceu de 1987 a 2005, quando iniciou sua vida p\u00fablica, aceitando convite do ent\u00e3o prefeito de Goi\u00e2nia, Iris Rezende Machado, para ocupar a Secretaria Municipal de Desenvolvimento Econ\u00f4mico (Sedem), da Prefeitura de Goi\u00e2nia.<\/p>\n<p style=\"text-align: justify;\">Foi secret\u00e1rio de governo na gest\u00e3o do ent\u00e3o governador Alcides Rodrigues Filho quando ocupou o cargo de secret\u00e1rio de Estado da Ci\u00eancia e Tecnologia de Goi\u00e1s entre 2008 a 2010, per\u00edodo em que conseguiu implantar mais de 20 escolas t\u00e9cnicas em todo o Estado, al\u00e9m de organizar 22 concursos p\u00fablicos e inaugurar o primeiro teatro escola do Brasil, Teatro Escola Basileu Fran\u00e7a. Entre os anos de 2011 a 2021 foi diretor Administrativo e de Articula\u00e7\u00e3o Pol\u00edtica da Assembleia Legislativa de Goi\u00e1s.<\/p>\n","protected":false},"excerpt":{"rendered":"<p>Joel de Sant&#8217;Anna Braga Filho Secret\u00e1rio de Estado de Ind\u00fastria, Com\u00e9rcio e Servi\u00e7os de Goi\u00e1s Possui gradua\u00e7\u00e3o em Odontologia e tem especializa\u00e7\u00e3o em Pol\u00edticas P\u00fablicas. Empres\u00e1rio, professor e gestor p\u00fablico, Joel de Sant\u2019Anna Braga filho, 58 anos de idade, \u00e9 casado com Gisela Maciel Braga e pai de dois filhos, Lu\u00edza e Jo\u00e3o Pedro. Aos [&hellip;]<\/p>\n","protected":false},"author":7,"featured_media":2505,"comment_status":"closed","ping_status":"open","sticky":false,"template":"","format":"standard","meta":{"footnotes":""},"categories":[2],"tags":[],"class_list":["post-2507","post","type-post","status-publish","format-standard","has-post-thumbnail","hentry","category-institucional"],"rttpg_featured_image_url":{"full":["https:\/\/goias.gov.br\/industriaecomercio\/wp-content\/uploads\/sites\/32\/2015\/02\/JoelSantannaBragaFilho-611-scaled.jpg",2232,2560,false],"landscape":["https:\/\/goias.gov.br\/industriaecomercio\/wp-content\/uploads\/sites\/32\/2015\/02\/JoelSantannaBragaFilho-611-scaled.jpg",2232,2560,false],"portraits":["https:\/\/goias.gov.br\/industriaecomercio\/wp-content\/uploads\/sites\/32\/2015\/02\/JoelSantannaBragaFilho-611-scaled.jpg",2232,2560,false],"thumbnail":["https:\/\/goias.gov.br\/industriaecomercio\/wp-content\/uploads\/sites\/32\/2015\/02\/JoelSantannaBragaFilho-611-150x150.jpg",150,150,true],"medium":["https:\/\/goias.gov.br\/industriaecomercio\/wp-content\/uploads\/sites\/32\/2015\/02\/JoelSantannaBragaFilho-611-262x300.jpg",262,300,true],"large":["https:\/\/goias.gov.br\/industriaecomercio\/wp-content\/uploads\/sites\/32\/2015\/02\/JoelSantannaBragaFilho-611-893x1024.jpg",893,1024,true],"1536x1536":["https:\/\/goias.gov.br\/industriaecomercio\/wp-content\/uploads\/sites\/32\/2015\/02\/JoelSantannaBragaFilho-611-1339x1536.jpg",1339,1536,true],"2048x2048":["https:\/\/goias.gov.br\/industriaecomercio\/wp-content\/uploads\/sites\/32\/2015\/02\/JoelSantannaBragaFilho-611-1786x2048.jpg",1786,2048,true]},"rttpg_author":{"display_name":"gustavogoncalves","author_link":"https:\/\/goias.gov.br\/industriaecomercio\/author\/gustavogoncalves\/"},"rttpg_comment":0,"rttpg_category":"<a href=\"https:\/\/goias.gov.br\/industriaecomercio\/categoria\/licitacoes\/institucional\/\" rel=\"category tag\">Institucional<\/a>","rttpg_excerpt":"Joel de Sant&#8217;Anna Braga Filho Secret\u00e1rio de Estado de Ind\u00fastria, Com\u00e9rcio e Servi\u00e7os de Goi\u00e1s Possui gradua\u00e7\u00e3o em Odontologia e tem especializa\u00e7\u00e3o em Pol\u00edticas P\u00fablicas. Empres\u00e1rio, professor e gestor p\u00fablico, Joel de Sant\u2019Anna Braga filho, 58 anos de idade, \u00e9 casado com Gisela Maciel Braga e pai de dois filhos, Lu\u00edza e Jo\u00e3o Pedro. Aos&hellip;","_links":{"self":[{"href":"https:\/\/goias.gov.br\/industriaecomercio\/wp-json\/wp\/v2\/posts\/2507","targetHints":{"allow":["GET"]}}],"collection":[{"href":"https:\/\/goias.gov.br\/industriaecomercio\/wp-json\/wp\/v2\/posts"}],"about":[{"href":"https:\/\/goias.gov.br\/industriaecomercio\/wp-json\/wp\/v2\/types\/post"}],"author":[{"embeddable":true,"href":"https:\/\/goias.gov.br\/industriaecomercio\/wp-json\/wp\/v2\/users\/7"}],"replies":[{"embeddable":true,"href":"https:\/\/goias.gov.br\/industriaecomercio\/wp-json\/wp\/v2\/comments?post=2507"}],"version-history":[{"count":2,"href":"https:\/\/goias.gov.br\/industriaecomercio\/wp-json\/wp\/v2\/posts\/2507\/revisions"}],"predecessor-version":[{"id":7655,"href":"https:\/\/goias.gov.br\/industriaecomercio\/wp-json\/wp\/v2\/posts\/2507\/revisions\/7655"}],"wp:featuredmedia":[{"embeddable":true,"href":"https:\/\/goias.gov.br\/industriaecomercio\/wp-json\/wp\/v2\/media\/2505"}],"wp:attachment":[{"href":"https:\/\/goias.gov.br\/industriaecomercio\/wp-json\/wp\/v2\/media?parent=2507"}],"wp:term":[{"taxonomy":"category","embeddable":true,"href":"https:\/\/goias.gov.br\/industriaecomercio\/wp-json\/wp\/v2\/categories?post=2507"},{"taxonomy":"post_tag","embeddable":true,"href":"https:\/\/goias.gov.br\/industriaecomercio\/wp-json\/wp\/v2\/tags?post=2507"}],"curies":[{"name":"wp","href":"https:\/\/api.w.org\/{rel}","templated":true}]}}