

{"id":19610,"date":"2025-05-16T15:17:52","date_gmt":"2025-05-16T18:17:52","guid":{"rendered":"https:\/\/goias.gov.br\/industriaecomercio\/?p=19610"},"modified":"2025-05-16T15:17:52","modified_gmt":"2025-05-16T18:17:52","slug":"comercio-varejista-de-goias-cresce-24-em-marco-e-tem-segunda-maior-alta-do-pais","status":"publish","type":"post","link":"https:\/\/goias.gov.br\/industriaecomercio\/comercio-varejista-de-goias-cresce-24-em-marco-e-tem-segunda-maior-alta-do-pais\/","title":{"rendered":"Com\u00e9rcio varejista de Goi\u00e1s cresce 2,4% em mar\u00e7o e tem segunda maior alta do pa\u00eds"},"content":{"rendered":"\n<figure class=\"wp-block-image size-full\"><img fetchpriority=\"high\" decoding=\"async\" width=\"800\" height=\"533\" src=\"https:\/\/goias.gov.br\/industriaecomercio\/wp-content\/uploads\/sites\/32\/2025\/05\/WhatsApp-Image-2025-05-16-at-13.52.45.jpeg\" alt=\"\" class=\"wp-image-19611\" srcset=\"https:\/\/goias.gov.br\/industriaecomercio\/wp-content\/uploads\/sites\/32\/2025\/05\/WhatsApp-Image-2025-05-16-at-13.52.45.jpeg 800w, https:\/\/goias.gov.br\/industriaecomercio\/wp-content\/uploads\/sites\/32\/2025\/05\/WhatsApp-Image-2025-05-16-at-13.52.45-300x200.jpeg 300w, https:\/\/goias.gov.br\/industriaecomercio\/wp-content\/uploads\/sites\/32\/2025\/05\/WhatsApp-Image-2025-05-16-at-13.52.45-768x512.jpeg 768w\" sizes=\"(max-width: 800px) 100vw, 800px\" \/><\/figure>\n\n\n\n<p><em>Setor registra o melhor resultado para o m\u00eas em 16 anos e supera m\u00e9dia nacional<\/em><\/p>\n\n\n\n<p>Em mar\u00e7o de 2025, o volume de vendas do com\u00e9rcio varejista goiano cresceu 2,4%, na s\u00e9rie com ajuste sazonal. Este foi o melhor resultado para o m\u00eas de mar\u00e7o desde 2009, quando houve alta de 3,2%. O desempenho de Goi\u00e1s superou a m\u00e9dia nacional, que registrou crescimento de 0,8% no mesmo per\u00edodo. Os dados s\u00e3o da Pesquisa Mensal do Com\u00e9rcio (PMC), divulgada nesta quinta-feira (15\/5) pelo Instituto Brasileiro de Geografia e Estat\u00edstica (IBGE).<\/p>\n\n\n\n<p>Com esse desempenho, Goi\u00e1s alcan\u00e7a a segunda maior alta do com\u00e9rcio varejista no pa\u00eds em mar\u00e7o de 2025, ficando atr\u00e1s apenas do estado da Para\u00edba. Na compara\u00e7\u00e3o com mar\u00e7o de 2024, tamb\u00e9m houve aumento de 0,4%, marcando o d\u00e9cimo sexto crescimento consecutivo em rela\u00e7\u00e3o ao mesmo m\u00eas do ano anterior. Com isso, a varia\u00e7\u00e3o acumulada nos \u00faltimos 12 meses permanece positiva, com alta de 3,6%.<\/p>\n\n\n\n<p>Para o secret\u00e1rio de Ind\u00fastria, Com\u00e9rcio e Servi\u00e7os, Joel de Sant\u2019Anna Braga Filho, os resultados confirmam o bom momento vivido pelo com\u00e9rcio em Goi\u00e1s. \u201cO Estado tem adotado medidas para estimular o ambiente de neg\u00f3cios, o que tem favorecido tanto a manuten\u00e7\u00e3o quanto a expans\u00e3o do setor varejista. Isso impacta diretamente a gera\u00e7\u00e3o de empregos e a movimenta\u00e7\u00e3o da economia local\u201d, destacou.<\/p>\n\n\n\n<p>O principal respons\u00e1vel pelo crescimento do com\u00e9rcio varejista em mar\u00e7o foi o setor de m\u00f3veis e eletrodom\u00e9sticos, com alta de 21,4% em rela\u00e7\u00e3o a mar\u00e7o de 2024. O grupo j\u00e1 vinha apresentando bom desempenho, com crescimento acumulado de 21,7% no primeiro trimestre de 2025.<\/p>\n\n\n\n<p>Outras atividades que tamb\u00e9m contribu\u00edram para o desempenho positivo foram livros, jornais, revistas e papelaria, com crescimento de 18,7%; e artigos farmac\u00eauticos, m\u00e9dicos, ortop\u00e9dicos e de perfumaria, com alta de 1,5%. Ambas as atividades tamb\u00e9m registraram resultados positivos no acumulado do primeiro trimestre, com crescimentos de 9,3% e 6,6%, respectivamente.<\/p>\n\n\n\n<p><em>Foto: Leandro Bifano\/CNI<\/em><\/p>\n\n\n\n<p><strong>Legenda:<\/strong> Com\u00e9rcio goiano apresentou crescimento de 2,4% e teve a segunda maior alta do pa\u00eds<\/p>\n\n\n\n<p><strong>Secretaria de Ind\u00fastria, Com\u00e9rcio e Servi\u00e7os \u2013 Governo de Goi\u00e1s<\/strong><\/p>\n","protected":false},"excerpt":{"rendered":"<p>Setor registra o melhor resultado para o m\u00eas em 16 anos e supera m\u00e9dia nacional Em mar\u00e7o de 2025, o volume de vendas do com\u00e9rcio varejista goiano cresceu 2,4%, na s\u00e9rie com ajuste sazonal. Este foi o melhor resultado para o m\u00eas de mar\u00e7o desde 2009, quando houve alta de 3,2%. O desempenho de Goi\u00e1s [&hellip;]<\/p>\n","protected":false},"author":546,"featured_media":19612,"comment_status":"closed","ping_status":"open","sticky":false,"template":"","format":"standard","meta":{"footnotes":""},"categories":[4],"tags":[90,65,91,48],"class_list":["post-19610","post","type-post","status-publish","format-standard","has-post-thumbnail","hentry","category-noticias","tag-comercio","tag-comercio-exterior","tag-crescimento","tag-investimentos"],"rttpg_featured_image_url":{"full":["https:\/\/goias.gov.br\/industriaecomercio\/wp-content\/uploads\/sites\/32\/2025\/05\/WhatsApp-Image-2025-05-16-at-13.52.45-1.jpeg",800,533,false],"landscape":["https:\/\/goias.gov.br\/industriaecomercio\/wp-content\/uploads\/sites\/32\/2025\/05\/WhatsApp-Image-2025-05-16-at-13.52.45-1.jpeg",800,533,false],"portraits":["https:\/\/goias.gov.br\/industriaecomercio\/wp-content\/uploads\/sites\/32\/2025\/05\/WhatsApp-Image-2025-05-16-at-13.52.45-1.jpeg",800,533,false],"thumbnail":["https:\/\/goias.gov.br\/industriaecomercio\/wp-content\/uploads\/sites\/32\/2025\/05\/WhatsApp-Image-2025-05-16-at-13.52.45-1-150x150.jpeg",150,150,true],"medium":["https:\/\/goias.gov.br\/industriaecomercio\/wp-content\/uploads\/sites\/32\/2025\/05\/WhatsApp-Image-2025-05-16-at-13.52.45-1-300x200.jpeg",300,200,true],"large":["https:\/\/goias.gov.br\/industriaecomercio\/wp-content\/uploads\/sites\/32\/2025\/05\/WhatsApp-Image-2025-05-16-at-13.52.45-1.jpeg",800,533,false],"1536x1536":["https:\/\/goias.gov.br\/industriaecomercio\/wp-content\/uploads\/sites\/32\/2025\/05\/WhatsApp-Image-2025-05-16-at-13.52.45-1.jpeg",800,533,false],"2048x2048":["https:\/\/goias.gov.br\/industriaecomercio\/wp-content\/uploads\/sites\/32\/2025\/05\/WhatsApp-Image-2025-05-16-at-13.52.45-1.jpeg",800,533,false]},"rttpg_author":{"display_name":"leoncioneto","author_link":"https:\/\/goias.gov.br\/industriaecomercio\/author\/leoncioneto\/"},"rttpg_comment":0,"rttpg_category":"<a href=\"https:\/\/goias.gov.br\/industriaecomercio\/categoria\/noticias\/\" rel=\"category tag\">Not\u00edcias<\/a>","rttpg_excerpt":"Setor registra o melhor resultado para o m\u00eas em 16 anos e supera m\u00e9dia nacional Em mar\u00e7o de 2025, o volume de vendas do com\u00e9rcio varejista goiano cresceu 2,4%, na s\u00e9rie com ajuste sazonal. Este foi o melhor resultado para o m\u00eas de mar\u00e7o desde 2009, quando houve alta de 3,2%. O desempenho de Goi\u00e1s&hellip;","_links":{"self":[{"href":"https:\/\/goias.gov.br\/industriaecomercio\/wp-json\/wp\/v2\/posts\/19610","targetHints":{"allow":["GET"]}}],"collection":[{"href":"https:\/\/goias.gov.br\/industriaecomercio\/wp-json\/wp\/v2\/posts"}],"about":[{"href":"https:\/\/goias.gov.br\/industriaecomercio\/wp-json\/wp\/v2\/types\/post"}],"author":[{"embeddable":true,"href":"https:\/\/goias.gov.br\/industriaecomercio\/wp-json\/wp\/v2\/users\/546"}],"replies":[{"embeddable":true,"href":"https:\/\/goias.gov.br\/industriaecomercio\/wp-json\/wp\/v2\/comments?post=19610"}],"version-history":[{"count":1,"href":"https:\/\/goias.gov.br\/industriaecomercio\/wp-json\/wp\/v2\/posts\/19610\/revisions"}],"predecessor-version":[{"id":19613,"href":"https:\/\/goias.gov.br\/industriaecomercio\/wp-json\/wp\/v2\/posts\/19610\/revisions\/19613"}],"wp:featuredmedia":[{"embeddable":true,"href":"https:\/\/goias.gov.br\/industriaecomercio\/wp-json\/wp\/v2\/media\/19612"}],"wp:attachment":[{"href":"https:\/\/goias.gov.br\/industriaecomercio\/wp-json\/wp\/v2\/media?parent=19610"}],"wp:term":[{"taxonomy":"category","embeddable":true,"href":"https:\/\/goias.gov.br\/industriaecomercio\/wp-json\/wp\/v2\/categories?post=19610"},{"taxonomy":"post_tag","embeddable":true,"href":"https:\/\/goias.gov.br\/industriaecomercio\/wp-json\/wp\/v2\/tags?post=19610"}],"curies":[{"name":"wp","href":"https:\/\/api.w.org\/{rel}","templated":true}]}}