

{"id":18693,"date":"2025-04-09T14:43:48","date_gmt":"2025-04-09T17:43:48","guid":{"rendered":"https:\/\/goias.gov.br\/industriaecomercio\/?p=18693"},"modified":"2025-04-10T14:57:19","modified_gmt":"2025-04-10T17:57:19","slug":"comercio-varejista-de-goias-cresce-acima-da-media-nacional-em-fevereiro","status":"publish","type":"post","link":"https:\/\/goias.gov.br\/industriaecomercio\/comercio-varejista-de-goias-cresce-acima-da-media-nacional-em-fevereiro\/","title":{"rendered":"Com\u00e9rcio varejista de Goi\u00e1s cresce acima da m\u00e9dia nacional em fevereiro"},"content":{"rendered":"\n<figure class=\"wp-block-image size-large\"><img fetchpriority=\"high\" decoding=\"async\" width=\"1024\" height=\"682\" src=\"https:\/\/goias.gov.br\/industriaecomercio\/wp-content\/uploads\/sites\/32\/2025\/04\/WhatsApp-Image-2025-04-10-at-14.31.52-1024x682.jpeg\" alt=\"\" class=\"wp-image-18695\" srcset=\"https:\/\/goias.gov.br\/industriaecomercio\/wp-content\/uploads\/sites\/32\/2025\/04\/WhatsApp-Image-2025-04-10-at-14.31.52-1024x682.jpeg 1024w, https:\/\/goias.gov.br\/industriaecomercio\/wp-content\/uploads\/sites\/32\/2025\/04\/WhatsApp-Image-2025-04-10-at-14.31.52-300x200.jpeg 300w, https:\/\/goias.gov.br\/industriaecomercio\/wp-content\/uploads\/sites\/32\/2025\/04\/WhatsApp-Image-2025-04-10-at-14.31.52-768x512.jpeg 768w, https:\/\/goias.gov.br\/industriaecomercio\/wp-content\/uploads\/sites\/32\/2025\/04\/WhatsApp-Image-2025-04-10-at-14.31.52-1536x1023.jpeg 1536w, https:\/\/goias.gov.br\/industriaecomercio\/wp-content\/uploads\/sites\/32\/2025\/04\/WhatsApp-Image-2025-04-10-at-14.31.52.jpeg 1600w\" sizes=\"(max-width: 1024px) 100vw, 1024px\" \/><\/figure>\n\n\n\n<p><em>Setor registra alta de 1,0% no m\u00eas e consolida 15\u00aa varia\u00e7\u00e3o positiva consecutiva na compara\u00e7\u00e3o anual<\/em><\/p>\n\n\n\n<p>O volume de vendas do com\u00e9rcio varejista goiano avan\u00e7ou 1,0% em fevereiro de 2025, segundo dados da Pesquisa Mensal do Com\u00e9rcio (PMC) divulgada pelo Instituto Brasileiro de Geografia e Estat\u00edstica (IBGE). Esse desempenho superou a m\u00e9dia nacional, que foi de 0,5%.<\/p>\n\n\n\n<p>Na compara\u00e7\u00e3o com o mesmo m\u00eas do ano anterior, o crescimento foi de 1,6%, marcando a 15\u00aa taxa positiva consecutiva nessa base de compara\u00e7\u00e3o. O acumulado dos \u00faltimos 12 meses registrou 4,0%, evidenciando a resist\u00eancia do setor e o dinamismo da economia goiana.<\/p>\n\n\n\n<p>Para o secret\u00e1rio estadual de Ind\u00fastria, Com\u00e9rcio e Servi\u00e7os (SIC), Joel de Sant\u2019Anna Braga Filho, os resultados confirmam o bom momento vivido pelo com\u00e9rcio em Goi\u00e1s. \u201cO estado tem adotado medidas para estimular o ambiente de neg\u00f3cios, o que tem favorecido tanto a manuten\u00e7\u00e3o quanto a expans\u00e3o do setor varejista. Isso impacta diretamente a gera\u00e7\u00e3o de empregos e a movimenta\u00e7\u00e3o da economia local\u201d, destacou.<\/p>\n\n\n\n<p>O principal setor respons\u00e1vel pelo crescimento em fevereiro foi o de M\u00f3veis e Eletrodom\u00e9sticos, com uma expressiva alta de 30,2% na compara\u00e7\u00e3o com fevereiro de 2024. Tamb\u00e9m contribu\u00edram positivamente os setores de Artigos farmac\u00eauticos, m\u00e9dicos, ortop\u00e9dicos e de perfumaria (9,0%), Livros, jornais e papelaria (9,4%) e Outros artigos de uso pessoal e dom\u00e9stico (2,4%).<\/p>\n\n\n\n<h3 class=\"wp-block-heading\">Goi\u00e1s entre os maiores crescimentos do pa\u00eds<\/h3>\n\n\n\n<p>Goi\u00e1s ocupou a 12\u00aa posi\u00e7\u00e3o entre os estados com maior crescimento no volume de vendas do com\u00e9rcio varejista em fevereiro. Esses dados confirmam a for\u00e7a do com\u00e9rcio goiano como pilar fundamental da economia estadual e refor\u00e7am a atua\u00e7\u00e3o da SIC em promover pol\u00edticas p\u00fablicas voltadas para o fortalecimento do setor, estimulando o consumo, a gera\u00e7\u00e3o de empregos e a atra\u00e7\u00e3o de novos investimentos.<\/p>\n\n\n\n<p><em>Foto: Cristov\u00e3o Matos\/SIC<\/em><\/p>\n\n\n\n<p><strong>Legenda:<\/strong> Artigos farmac\u00eauticos, m\u00e9dicos, ortop\u00e9dicos e de perfumaria tiveram alta de 9,0%.<\/p>\n\n\n\n<p><strong>Secretaria de Estado de Ind\u00fastria, Com\u00e9rcio e Servi\u00e7os \u2013 Governo de Goi\u00e1s<\/strong><\/p>\n","protected":false},"excerpt":{"rendered":"<p>Setor registra alta de 1,0% no m\u00eas e consolida 15\u00aa varia\u00e7\u00e3o positiva consecutiva na compara\u00e7\u00e3o anual O volume de vendas do com\u00e9rcio varejista goiano avan\u00e7ou 1,0% em fevereiro de 2025, segundo dados da Pesquisa Mensal do Com\u00e9rcio (PMC) divulgada pelo Instituto Brasileiro de Geografia e Estat\u00edstica (IBGE). Esse desempenho superou a m\u00e9dia nacional, que foi [&hellip;]<\/p>\n","protected":false},"author":677,"featured_media":18694,"comment_status":"closed","ping_status":"open","sticky":false,"template":"","format":"standard","meta":{"footnotes":""},"categories":[4,3],"tags":[90],"class_list":["post-18693","post","type-post","status-publish","format-standard","has-post-thumbnail","hentry","category-noticias","category-videos","tag-comercio"],"rttpg_featured_image_url":{"full":["https:\/\/goias.gov.br\/industriaecomercio\/wp-content\/uploads\/sites\/32\/2025\/04\/WhatsApp-Image-2025-04-10-at-14.32.00.jpeg",1600,1066,false],"landscape":["https:\/\/goias.gov.br\/industriaecomercio\/wp-content\/uploads\/sites\/32\/2025\/04\/WhatsApp-Image-2025-04-10-at-14.32.00.jpeg",1600,1066,false],"portraits":["https:\/\/goias.gov.br\/industriaecomercio\/wp-content\/uploads\/sites\/32\/2025\/04\/WhatsApp-Image-2025-04-10-at-14.32.00.jpeg",1600,1066,false],"thumbnail":["https:\/\/goias.gov.br\/industriaecomercio\/wp-content\/uploads\/sites\/32\/2025\/04\/WhatsApp-Image-2025-04-10-at-14.32.00-150x150.jpeg",150,150,true],"medium":["https:\/\/goias.gov.br\/industriaecomercio\/wp-content\/uploads\/sites\/32\/2025\/04\/WhatsApp-Image-2025-04-10-at-14.32.00-300x200.jpeg",300,200,true],"large":["https:\/\/goias.gov.br\/industriaecomercio\/wp-content\/uploads\/sites\/32\/2025\/04\/WhatsApp-Image-2025-04-10-at-14.32.00-1024x682.jpeg",1024,682,true],"1536x1536":["https:\/\/goias.gov.br\/industriaecomercio\/wp-content\/uploads\/sites\/32\/2025\/04\/WhatsApp-Image-2025-04-10-at-14.32.00-1536x1023.jpeg",1536,1023,true],"2048x2048":["https:\/\/goias.gov.br\/industriaecomercio\/wp-content\/uploads\/sites\/32\/2025\/04\/WhatsApp-Image-2025-04-10-at-14.32.00.jpeg",1600,1066,false]},"rttpg_author":{"display_name":"","author_link":"https:\/\/goias.gov.br\/industriaecomercio\/author\/"},"rttpg_comment":0,"rttpg_category":"<a href=\"https:\/\/goias.gov.br\/industriaecomercio\/categoria\/noticias\/\" rel=\"category tag\">Not\u00edcias<\/a> <a href=\"https:\/\/goias.gov.br\/industriaecomercio\/categoria\/noticias\/videos\/\" rel=\"category tag\">V\u00eddeos<\/a>","rttpg_excerpt":"Setor registra alta de 1,0% no m\u00eas e consolida 15\u00aa varia\u00e7\u00e3o positiva consecutiva na compara\u00e7\u00e3o anual O volume de vendas do com\u00e9rcio varejista goiano avan\u00e7ou 1,0% em fevereiro de 2025, segundo dados da Pesquisa Mensal do Com\u00e9rcio (PMC) divulgada pelo Instituto Brasileiro de Geografia e Estat\u00edstica (IBGE). Esse desempenho superou a m\u00e9dia nacional, que foi&hellip;","_links":{"self":[{"href":"https:\/\/goias.gov.br\/industriaecomercio\/wp-json\/wp\/v2\/posts\/18693","targetHints":{"allow":["GET"]}}],"collection":[{"href":"https:\/\/goias.gov.br\/industriaecomercio\/wp-json\/wp\/v2\/posts"}],"about":[{"href":"https:\/\/goias.gov.br\/industriaecomercio\/wp-json\/wp\/v2\/types\/post"}],"author":[{"embeddable":true,"href":"https:\/\/goias.gov.br\/industriaecomercio\/wp-json\/wp\/v2\/users\/677"}],"replies":[{"embeddable":true,"href":"https:\/\/goias.gov.br\/industriaecomercio\/wp-json\/wp\/v2\/comments?post=18693"}],"version-history":[{"count":2,"href":"https:\/\/goias.gov.br\/industriaecomercio\/wp-json\/wp\/v2\/posts\/18693\/revisions"}],"predecessor-version":[{"id":18697,"href":"https:\/\/goias.gov.br\/industriaecomercio\/wp-json\/wp\/v2\/posts\/18693\/revisions\/18697"}],"wp:featuredmedia":[{"embeddable":true,"href":"https:\/\/goias.gov.br\/industriaecomercio\/wp-json\/wp\/v2\/media\/18694"}],"wp:attachment":[{"href":"https:\/\/goias.gov.br\/industriaecomercio\/wp-json\/wp\/v2\/media?parent=18693"}],"wp:term":[{"taxonomy":"category","embeddable":true,"href":"https:\/\/goias.gov.br\/industriaecomercio\/wp-json\/wp\/v2\/categories?post=18693"},{"taxonomy":"post_tag","embeddable":true,"href":"https:\/\/goias.gov.br\/industriaecomercio\/wp-json\/wp\/v2\/tags?post=18693"}],"curies":[{"name":"wp","href":"https:\/\/api.w.org\/{rel}","templated":true}]}}