

{"id":15013,"date":"2024-10-15T14:45:36","date_gmt":"2024-10-15T17:45:36","guid":{"rendered":"https:\/\/goias.gov.br\/industriaecomercio\/?p=15013"},"modified":"2024-10-15T14:45:36","modified_gmt":"2024-10-15T17:45:36","slug":"sic-promove-ii-seminario-recicla-goias","status":"publish","type":"post","link":"https:\/\/goias.gov.br\/industriaecomercio\/sic-promove-ii-seminario-recicla-goias\/","title":{"rendered":"SIC promove II Semin\u00e1rio Recicla Goi\u00e1s"},"content":{"rendered":"\n<figure class=\"wp-block-image size-large\"><img fetchpriority=\"high\" decoding=\"async\" width=\"819\" height=\"1024\" src=\"https:\/\/goias.gov.br\/industriaecomercio\/wp-content\/uploads\/sites\/32\/2024\/10\/WhatsApp-Image-2024-10-15-at-14.31.51-819x1024.jpeg\" alt=\"\" class=\"wp-image-15014\" srcset=\"https:\/\/goias.gov.br\/industriaecomercio\/wp-content\/uploads\/sites\/32\/2024\/10\/WhatsApp-Image-2024-10-15-at-14.31.51-819x1024.jpeg 819w, https:\/\/goias.gov.br\/industriaecomercio\/wp-content\/uploads\/sites\/32\/2024\/10\/WhatsApp-Image-2024-10-15-at-14.31.51-240x300.jpeg 240w, https:\/\/goias.gov.br\/industriaecomercio\/wp-content\/uploads\/sites\/32\/2024\/10\/WhatsApp-Image-2024-10-15-at-14.31.51-768x960.jpeg 768w, https:\/\/goias.gov.br\/industriaecomercio\/wp-content\/uploads\/sites\/32\/2024\/10\/WhatsApp-Image-2024-10-15-at-14.31.51.jpeg 1080w\" sizes=\"(max-width: 819px) 100vw, 819px\" \/><\/figure>\n\n\n\n<p><em>Evento ir\u00e1 fornecer certificado de participa\u00e7\u00e3o<\/em><\/p>\n\n\n\n<p>A Secretaria de Estado de Ind\u00fastria, Com\u00e9rcio e Servi\u00e7os (SIC), em parceria com a Secretaria de Estado da Retomada e a Secretaria de Estado do Meio Ambiente e Desenvolvimento Sustent\u00e1vel (SEMAD), al\u00e9m de outras entidades, est\u00e1 promovendo o II Semin\u00e1rio Recicla Goi\u00e1s. O evento vai ser realizado no dia 16 de outubro, das 8h \u00e0s 12h, no audit\u00f3rio Carlos Vieira da Assembleia Legislativa de Goi\u00e1s. As inscri\u00e7\u00f5es podem ser feitas aqui, at\u00e9 o dia 15 de outubro.<\/p>\n\n\n\n<p>O encontro tem como objetivo promover discuss\u00f5es, por meio de palestras e pain\u00e9is, sobre a reciclagem e o papel crucial das cooperativas de catadores e catadoras na busca por solu\u00e7\u00f5es sustent\u00e1veis para a cadeia de reciclagem. Durante o evento, ser\u00e3o apresentadas as metas e iniciativas do Governo de Goi\u00e1s, que incluem a capacita\u00e7\u00e3o, consultoria e incuba\u00e7\u00e3o de cooperativas de catadores, al\u00e9m da abertura para cadastro das empresas no programa de Log\u00edstica Reversa.<\/p>\n\n\n\n<p>O semin\u00e1rio ir\u00e1 fornecer certificado de 4 horas aos participantes.<\/p>\n\n\n\n<p><strong>EVENTO PRESENCIAL<\/strong><br><strong>DATA:<\/strong> 16\/10\/2024 (quarta-feira)<br><strong>HOR\u00c1RIO:<\/strong> 8:00 \u00e0s 12:00<br><strong>CARGA HOR\u00c1RIA:<\/strong> 4 horas<br><strong>LOCAL:<\/strong> Assembleia Legislativa do Estado de Goi\u00e1s (ALEGO) &#8211; Audit\u00f3rio Carlos Vieira.<br>Av. Emival Bueno, Quadra G &#8211; Lote 01 &#8211; Park Lozandes, Goi\u00e2nia &#8211; GO, 74884-090.<\/p>\n\n\n\n<p><strong>ATEN\u00c7\u00c3O:<\/strong> Inscri\u00e7\u00f5es at\u00e9 15\/10\/24.<\/p>\n\n\n\n<p><strong>Secretaria de Estado de Ind\u00fastria, Com\u00e9rcio e Servi\u00e7os &#8211; Governo de Goi\u00e1s<\/strong><\/p>\n\n\n\n<p><\/p>\n","protected":false},"excerpt":{"rendered":"<p>Evento ir\u00e1 fornecer certificado de participa\u00e7\u00e3o A Secretaria de Estado de Ind\u00fastria, Com\u00e9rcio e Servi\u00e7os (SIC), em parceria com a Secretaria de Estado da Retomada e a Secretaria de Estado do Meio Ambiente e Desenvolvimento Sustent\u00e1vel (SEMAD), al\u00e9m de outras entidades, est\u00e1 promovendo o II Semin\u00e1rio Recicla Goi\u00e1s. O evento vai ser realizado no dia [&hellip;]<\/p>\n","protected":false},"author":163,"featured_media":15015,"comment_status":"closed","ping_status":"open","sticky":false,"template":"","format":"standard","meta":{"footnotes":""},"categories":[3],"tags":[52,246,245],"class_list":["post-15013","post","type-post","status-publish","format-standard","has-post-thumbnail","hentry","category-videos","tag-evento","tag-recicla-goias","tag-seminario"],"rttpg_featured_image_url":{"full":["https:\/\/goias.gov.br\/industriaecomercio\/wp-content\/uploads\/sites\/32\/2024\/10\/WhatsApp-Image-2024-10-15-at-14.31.51-1.jpeg",1080,1350,false],"landscape":["https:\/\/goias.gov.br\/industriaecomercio\/wp-content\/uploads\/sites\/32\/2024\/10\/WhatsApp-Image-2024-10-15-at-14.31.51-1.jpeg",1080,1350,false],"portraits":["https:\/\/goias.gov.br\/industriaecomercio\/wp-content\/uploads\/sites\/32\/2024\/10\/WhatsApp-Image-2024-10-15-at-14.31.51-1.jpeg",1080,1350,false],"thumbnail":["https:\/\/goias.gov.br\/industriaecomercio\/wp-content\/uploads\/sites\/32\/2024\/10\/WhatsApp-Image-2024-10-15-at-14.31.51-1-150x150.jpeg",150,150,true],"medium":["https:\/\/goias.gov.br\/industriaecomercio\/wp-content\/uploads\/sites\/32\/2024\/10\/WhatsApp-Image-2024-10-15-at-14.31.51-1-240x300.jpeg",240,300,true],"large":["https:\/\/goias.gov.br\/industriaecomercio\/wp-content\/uploads\/sites\/32\/2024\/10\/WhatsApp-Image-2024-10-15-at-14.31.51-1-819x1024.jpeg",819,1024,true],"1536x1536":["https:\/\/goias.gov.br\/industriaecomercio\/wp-content\/uploads\/sites\/32\/2024\/10\/WhatsApp-Image-2024-10-15-at-14.31.51-1.jpeg",1080,1350,false],"2048x2048":["https:\/\/goias.gov.br\/industriaecomercio\/wp-content\/uploads\/sites\/32\/2024\/10\/WhatsApp-Image-2024-10-15-at-14.31.51-1.jpeg",1080,1350,false]},"rttpg_author":{"display_name":"anaryaoliveira","author_link":"https:\/\/goias.gov.br\/industriaecomercio\/author\/anaryaoliveira\/"},"rttpg_comment":0,"rttpg_category":"<a href=\"https:\/\/goias.gov.br\/industriaecomercio\/categoria\/noticias\/videos\/\" rel=\"category tag\">V\u00eddeos<\/a>","rttpg_excerpt":"Evento ir\u00e1 fornecer certificado de participa\u00e7\u00e3o A Secretaria de Estado de Ind\u00fastria, Com\u00e9rcio e Servi\u00e7os (SIC), em parceria com a Secretaria de Estado da Retomada e a Secretaria de Estado do Meio Ambiente e Desenvolvimento Sustent\u00e1vel (SEMAD), al\u00e9m de outras entidades, est\u00e1 promovendo o II Semin\u00e1rio Recicla Goi\u00e1s. O evento vai ser realizado no dia&hellip;","_links":{"self":[{"href":"https:\/\/goias.gov.br\/industriaecomercio\/wp-json\/wp\/v2\/posts\/15013","targetHints":{"allow":["GET"]}}],"collection":[{"href":"https:\/\/goias.gov.br\/industriaecomercio\/wp-json\/wp\/v2\/posts"}],"about":[{"href":"https:\/\/goias.gov.br\/industriaecomercio\/wp-json\/wp\/v2\/types\/post"}],"author":[{"embeddable":true,"href":"https:\/\/goias.gov.br\/industriaecomercio\/wp-json\/wp\/v2\/users\/163"}],"replies":[{"embeddable":true,"href":"https:\/\/goias.gov.br\/industriaecomercio\/wp-json\/wp\/v2\/comments?post=15013"}],"version-history":[{"count":1,"href":"https:\/\/goias.gov.br\/industriaecomercio\/wp-json\/wp\/v2\/posts\/15013\/revisions"}],"predecessor-version":[{"id":15016,"href":"https:\/\/goias.gov.br\/industriaecomercio\/wp-json\/wp\/v2\/posts\/15013\/revisions\/15016"}],"wp:featuredmedia":[{"embeddable":true,"href":"https:\/\/goias.gov.br\/industriaecomercio\/wp-json\/wp\/v2\/media\/15015"}],"wp:attachment":[{"href":"https:\/\/goias.gov.br\/industriaecomercio\/wp-json\/wp\/v2\/media?parent=15013"}],"wp:term":[{"taxonomy":"category","embeddable":true,"href":"https:\/\/goias.gov.br\/industriaecomercio\/wp-json\/wp\/v2\/categories?post=15013"},{"taxonomy":"post_tag","embeddable":true,"href":"https:\/\/goias.gov.br\/industriaecomercio\/wp-json\/wp\/v2\/tags?post=15013"}],"curies":[{"name":"wp","href":"https:\/\/api.w.org\/{rel}","templated":true}]}}