

{"id":1423,"date":"2015-11-06T15:11:38","date_gmt":"2015-11-06T17:11:38","guid":{"rendered":"https:\/\/siteshom.goias.gov.br\/industriaecomercio\/campanha-de-e-aftosa-e-lancada-neste-sabado-07\/"},"modified":"2015-11-06T15:11:38","modified_gmt":"2015-11-06T17:11:38","slug":"campanha-de-e-aftosa-e-lancada-neste-sabado-07","status":"publish","type":"post","link":"https:\/\/goias.gov.br\/industriaecomercio\/campanha-de-e-aftosa-e-lancada-neste-sabado-07\/","title":{"rendered":"Campanha de vacina\u00e7\u00e3o contra febre aftosa \u00e9 lan\u00e7ada neste s\u00e1bado (07)"},"content":{"rendered":"<p><img fetchpriority=\"high\" decoding=\"async\" class=\" size-full wp-image-1422\" src=\"https:\/\/goias.gov.br\/industriaecomercio\/wp-content\/uploads\/sites\/32\/2015\/11\/vacinacao-ourofino-in2-2ee.jpg\" alt=\"\" width=\"1000\" height=\"747\" srcset=\"https:\/\/goias.gov.br\/industriaecomercio\/wp-content\/uploads\/sites\/32\/2015\/11\/vacinacao-ourofino-in2-2ee.jpg 1000w, https:\/\/goias.gov.br\/industriaecomercio\/wp-content\/uploads\/sites\/32\/2015\/11\/vacinacao-ourofino-in2-2ee-300x224.jpg 300w, https:\/\/goias.gov.br\/industriaecomercio\/wp-content\/uploads\/sites\/32\/2015\/11\/vacinacao-ourofino-in2-2ee-768x574.jpg 768w\" sizes=\"(max-width: 1000px) 100vw, 1000px\" \/><!DOCTYPE html PUBLIC \"-\/\/W3C\/\/DTD HTML 4.0 Transitional\/\/EN\" \"http:\/\/www.w3.org\/TR\/REC-html40\/loose.dtd\"><br \/>\n<html><body><\/p>\n<p style=\"text-align: justify;\" align=\"center\"><span style=\"font-size: 12px;\"><em>Governador Marconi Perillo e vice-governador e secret&aacute;rio de Desenvolvimento Econ&ocirc;mico, Jos&eacute; Eliton, abrem oficialmente a campanha na Fazenda Boa Vista, em Abadi&acirc;nia<\/em>&nbsp;<\/span><\/p>\n<p style=\"text-align: justify;\"><span style=\"font-size: 12px;\">O Governo de Goi&aacute;s, por meio da Ag&ecirc;ncia Goiana de Defesa Agropecu&aacute;ria (Agrodefesa), lan&ccedil;ar&aacute; oficialmente a 2&ordf; etapa da campanha de vacina&ccedil;&atilde;o contra a febre aftosa \/ 2015. O lan&ccedil;amento ser&aacute; neste s&aacute;bado (7\/11), &agrave;s 9h, na Fazenda Boa Vista, em Abadi&acirc;nia. O governador Marconi Perillo e o vice-governador e secret&aacute;rio de Desenvolvimento Econ&ocirc;mico, Jos&eacute; Eliton, estar&atilde;o presentes na abertura da campanha. A Agrodefesa &eacute; jurisdicionada &agrave; SED.&nbsp;<\/span><\/p>\n<p style=\"text-align: justify;\"><span style=\"font-size: 12px;\">O presidente da Agrodefesa, Arthur Toledo, destaca que a vacina&ccedil;&atilde;o vai at&eacute; o dia 30 de novembro. &ldquo;Todo rebanho bovino e bubalino, de at&eacute; 24 meses, deve ser vacinado&rdquo;, diz.<\/span><\/p>\n<p><span style=\"font-size: 12px;\">Tamb&eacute;m devem ser vacinados contra a raiva todos os animais herb&iacute;voros, incluindo, al&eacute;m dos bov&iacute;deos, equ&iacute;deos e capr&iacute;deos, com idade de at&eacute; 12 meses, dos 120 munic&iacute;pios considerados de alto risco para a doen&ccedil;a no Estado, cuja lista pode ser encontrada no site da Ag&ecirc;ncia Goiana de Defesa Agropecu&aacute;ria.<\/span><\/p>\n<p><span style=\"font-size: 12px;\">De acordo com a Ger&ecirc;ncia de Sanidade Animal da Agrodefesa, nessa etapa devem ser vacinadas aproximadamente 10 milh&otilde;es de bov&iacute;deos, de um rebanho estimado de 21 milh&otilde;es de cabe&ccedil;as. A Declara&ccedil;&atilde;o de Vacina&ccedil;&atilde;o deve ser encaminhada para a Agrodefesa at&eacute; o 5&ordm; dia &uacute;til ap&oacute;s o fim da campanha, o que pode ser feito online, no site da Ag&ecirc;ncia, ou mediante formul&aacute;rio impresso, modelo tamb&eacute;m disponibilizado no mesmo site:&nbsp;<a href=\"http:\/\/www.agrodefesa.go.gov.br\/\">www.agrodefesa.go.gov.br<\/a>.<\/span><\/p>\n<p style=\"text-align: justify;\">&nbsp;<\/p>\n<p style=\"text-align: justify;\"><span style=\"font-size: 12px;\"><strong>Vacina&ccedil;&atilde;o assistida<\/strong><\/span><\/p>\n<p style=\"text-align: justify;\"><span style=\"font-size: 12px;\">O pecuarista que n&atilde;o imunizar seus animais ter&aacute; que fazer a vacina&ccedil;&atilde;o assistida por fiscais da Agrodefesa, al&eacute;m de ser autuado em R$ 7 por animal, ou R$ 14 em caso de reincid&ecirc;ncia, al&eacute;m de ter sua propriedade interditada. Merece aten&ccedil;&atilde;o especial a observ&acirc;ncia do per&iacute;odo de car&ecirc;ncia da vacina, pois durante a campanha, a movimenta&ccedil;&atilde;o de qualquer animal exige que o mesmo esteja imunizado a pelo menos 15 dias, se primo-vacinado, ou sete dias nos demais casos. Durante a etapa s&oacute; ser&atilde;o emitidas Guias de Transporte Animal (GTA) entre propriedades com Declara&ccedil;&atilde;o de Vacina&ccedil;&atilde;o j&aacute; lan&ccedil;ada, ou para animais destinados ao abate.&nbsp;<\/span><\/p>\n<p style=\"text-align: justify;\"><span style=\"font-size: 12px;\">A aquisi&ccedil;&atilde;o das vacinas pelo produtor, obrigatoriamente, deve estar acobertadas por Nota Fiscal Eletr&ocirc;nica (NF-e), emitida no ato de retirada do medicamento. A Portaria n&ordm; 960\/2015, que regula a 2&ordf; etapa anual de vacina&ccedil;&atilde;o pro&iacute;be a realiza&ccedil;&atilde;o de leil&otilde;es virtuais ou presenciais de bovino e bubalinos no per&iacute;odo de 1&ordm; a 7 de novembro, tendo em vista o per&iacute;odo de car&ecirc;ncia da vacina. Tamb&eacute;m fica proibida nesse per&iacute;odo a presen&ccedil;a de bovinos e bubalinos em feiras agropecu&aacute;rias em todo o Estado. Ap&oacute;s esse prazo, a entrada de animais nesses eventos se far&aacute; mediante comprova&ccedil;&atilde;o de vacina&ccedil;&atilde;o e a devida observ&acirc;ncia dos prazos de car&ecirc;ncia.&nbsp;<\/span><\/p>\n<p style=\"text-align: justify;\"><span style=\"font-size: 12px;\"><strong>Com informa&ccedil;&otilde;es da Assessoria de Imprensa da Agrodefesa.<\/strong><\/span><\/p>\n<p style=\"text-align: justify;\"><span style=\"font-size: 12px;\"><strong><br \/>Comunica&ccedil;&atilde;o Setorial<br \/>Secretaria de Estado de Desenvolvimento Econ&ocirc;mico, Cient&iacute;fico e Tecnol&oacute;gico e de Agricultura, Pecu&aacute;ria e Irriga&ccedil;&atilde;o (SED)<br \/>(62) 3201-5463, 3201-5487<\/strong><\/span><\/p>\n<p><\/body><\/html><\/p>\n","protected":false},"excerpt":{"rendered":"<p>Governador Marconi Perillo e vice-governador e secret&aacute;rio de Desenvolvimento Econ&ocirc;mico, Jos&eacute; Eliton, abrem oficialmente a campanha na Fazenda Boa Vista, em Abadi&acirc;nia&nbsp; O Governo de Goi&aacute;s, por meio da Ag&ecirc;ncia Goiana de Defesa Agropecu&aacute;ria (Agrodefesa), lan&ccedil;ar&aacute; oficialmente a 2&ordf; etapa da campanha de vacina&ccedil;&atilde;o contra a febre aftosa \/ 2015. O lan&ccedil;amento ser&aacute; neste s&aacute;bado [&hellip;]<\/p>\n","protected":false},"author":7,"featured_media":1422,"comment_status":"closed","ping_status":"open","sticky":false,"template":"","format":"standard","meta":{"footnotes":""},"categories":[4],"tags":[],"class_list":["post-1423","post","type-post","status-publish","format-standard","has-post-thumbnail","hentry","category-noticias"],"rttpg_featured_image_url":{"full":["https:\/\/goias.gov.br\/industriaecomercio\/wp-content\/uploads\/sites\/32\/2015\/11\/vacinacao-ourofino-in2-2ee.jpg",1000,747,false],"landscape":["https:\/\/goias.gov.br\/industriaecomercio\/wp-content\/uploads\/sites\/32\/2015\/11\/vacinacao-ourofino-in2-2ee.jpg",1000,747,false],"portraits":["https:\/\/goias.gov.br\/industriaecomercio\/wp-content\/uploads\/sites\/32\/2015\/11\/vacinacao-ourofino-in2-2ee.jpg",1000,747,false],"thumbnail":["https:\/\/goias.gov.br\/industriaecomercio\/wp-content\/uploads\/sites\/32\/2015\/11\/vacinacao-ourofino-in2-2ee-150x150.jpg",150,150,true],"medium":["https:\/\/goias.gov.br\/industriaecomercio\/wp-content\/uploads\/sites\/32\/2015\/11\/vacinacao-ourofino-in2-2ee-300x224.jpg",300,224,true],"large":["https:\/\/goias.gov.br\/industriaecomercio\/wp-content\/uploads\/sites\/32\/2015\/11\/vacinacao-ourofino-in2-2ee.jpg",1000,747,false],"1536x1536":["https:\/\/goias.gov.br\/industriaecomercio\/wp-content\/uploads\/sites\/32\/2015\/11\/vacinacao-ourofino-in2-2ee.jpg",1000,747,false],"2048x2048":["https:\/\/goias.gov.br\/industriaecomercio\/wp-content\/uploads\/sites\/32\/2015\/11\/vacinacao-ourofino-in2-2ee.jpg",1000,747,false]},"rttpg_author":{"display_name":"gustavogoncalves","author_link":"https:\/\/goias.gov.br\/industriaecomercio\/author\/gustavogoncalves\/"},"rttpg_comment":0,"rttpg_category":"<a href=\"https:\/\/goias.gov.br\/industriaecomercio\/categoria\/noticias\/\" rel=\"category tag\">Not\u00edcias<\/a>","rttpg_excerpt":"Governador Marconi Perillo e vice-governador e secret&aacute;rio de Desenvolvimento Econ&ocirc;mico, Jos&eacute; Eliton, abrem oficialmente a campanha na Fazenda Boa Vista, em Abadi&acirc;nia&nbsp; O Governo de Goi&aacute;s, por meio da Ag&ecirc;ncia Goiana de Defesa Agropecu&aacute;ria (Agrodefesa), lan&ccedil;ar&aacute; oficialmente a 2&ordf; etapa da campanha de vacina&ccedil;&atilde;o contra a febre aftosa \/ 2015. O lan&ccedil;amento ser&aacute; neste s&aacute;bado&hellip;","_links":{"self":[{"href":"https:\/\/goias.gov.br\/industriaecomercio\/wp-json\/wp\/v2\/posts\/1423","targetHints":{"allow":["GET"]}}],"collection":[{"href":"https:\/\/goias.gov.br\/industriaecomercio\/wp-json\/wp\/v2\/posts"}],"about":[{"href":"https:\/\/goias.gov.br\/industriaecomercio\/wp-json\/wp\/v2\/types\/post"}],"author":[{"embeddable":true,"href":"https:\/\/goias.gov.br\/industriaecomercio\/wp-json\/wp\/v2\/users\/7"}],"replies":[{"embeddable":true,"href":"https:\/\/goias.gov.br\/industriaecomercio\/wp-json\/wp\/v2\/comments?post=1423"}],"version-history":[{"count":0,"href":"https:\/\/goias.gov.br\/industriaecomercio\/wp-json\/wp\/v2\/posts\/1423\/revisions"}],"wp:featuredmedia":[{"embeddable":true,"href":"https:\/\/goias.gov.br\/industriaecomercio\/wp-json\/wp\/v2\/media\/1422"}],"wp:attachment":[{"href":"https:\/\/goias.gov.br\/industriaecomercio\/wp-json\/wp\/v2\/media?parent=1423"}],"wp:term":[{"taxonomy":"category","embeddable":true,"href":"https:\/\/goias.gov.br\/industriaecomercio\/wp-json\/wp\/v2\/categories?post=1423"},{"taxonomy":"post_tag","embeddable":true,"href":"https:\/\/goias.gov.br\/industriaecomercio\/wp-json\/wp\/v2\/tags?post=1423"}],"curies":[{"name":"wp","href":"https:\/\/api.w.org\/{rel}","templated":true}]}}