

{"id":1232,"date":"2016-09-16T11:09:16","date_gmt":"2016-09-16T14:09:16","guid":{"rendered":"https:\/\/siteshom.goias.gov.br\/industriaecomercio\/mdic-lanca-programa-de-capacitacao-de-empresas-para-exportacao\/"},"modified":"2016-09-16T11:09:16","modified_gmt":"2016-09-16T14:09:16","slug":"mdic-lanca-programa-de-capacitacao-de-empresas-para-exportacao","status":"publish","type":"post","link":"https:\/\/goias.gov.br\/industriaecomercio\/mdic-lanca-programa-de-capacitacao-de-empresas-para-exportacao\/","title":{"rendered":"MDIC lan\u00e7a programa de capacita\u00e7\u00e3o de empresas para exporta\u00e7\u00e3o"},"content":{"rendered":"<p><!DOCTYPE html PUBLIC \"-\/\/W3C\/\/DTD HTML 4.0 Transitional\/\/EN\" \"http:\/\/www.w3.org\/TR\/REC-html40\/loose.dtd\"><br \/>\n<html><body><\/p>\n<p style=\"text-align: justify;\">O secret&aacute;rio de Desenvolvimento (SED), Luiz Maronezi, participou do lan&ccedil;amento do Plano Nacional da Cultura Exportadora (PNCE) e do Programa Brasil Mais Produtivo a&ccedil;&otilde;es do Minist&eacute;rio da Ind&uacute;stria, Com&eacute;rcio Exterior e Servi&ccedil;os (MDIC), realizado hoje (16\/09) pelo ministro, Marcos Pereira, na presen&ccedil;a do Governador Marconi Perillo e do presidente da Federa&ccedil;&atilde;o das Ind&uacute;strias do Estado de Goi&aacute;s (FIEG), Pedro Alves, no audit&oacute;rio da FIEG.<\/p>\n<p style=\"text-align: justify;\">O objetivo das a&ccedil;&otilde;es &eacute; melhorar os processos produtivos para que se possa ampliar a entrada de mercadorias da regi&atilde;o no com&eacute;rcio internacional.<\/p>\n<p style=\"text-align: justify;\">O Governador Marconi Perillo destacou o crescimento do saldo exportador de Goi&aacute;s. &ldquo;H&aacute; alguns anos, Goi&aacute;s se relacionava com menos de 40 pa&iacute;ses, hoje s&atilde;o mais de 150. Estas a&ccedil;&otilde;es dar&atilde;o refor&ccedil;o importante e em sintonia com as diretrizes adotadas pelo Governo de Goi&aacute;s&rdquo;, avaliou Marconi Perillo.<\/p>\n<p style=\"text-align: justify;\"><strong>Comit&ecirc;<\/strong><\/p>\n<p style=\"text-align: justify;\">A Secretaria de Desenvolvimento (SED), por meio da superintend&ecirc;ncia de Com&eacute;rcio Exterior, assumiu a secretaria executiva do Comit&ecirc; Estadual do Plano Nacional da Cultura Exportadora, cujo termo de constitui&ccedil;&atilde;o foi assinado pelo ministro, Marcos Pereira e pelo governador Marconi Perillo. A Fieg ser&aacute; a coordenadora do Comit&ecirc;, que &eacute; composto por diversas institui&ccedil;&otilde;es como Adial, Acieg, Banco do Brasil, Correios, Facieg, Faeg, Fecom&eacute;rcio, Movimento Goi&aacute;s Competitivo (MGC), Senai, Sebrae, entre outros.<\/p>\n<p style=\"text-align: justify;\"><strong>Brasil Mais Produtivo<\/strong><\/p>\n<p style=\"text-align: justify;\">O Programa Brasil Mais Produtivo est&aacute; oferecendo 3 mil vagas para capacita&ccedil;&atilde;o de empresas em todo o Brasil, sendo destas, 220 para Goi&aacute;s. &ldquo;J&aacute; temos 580 empresas inscritas, o que demonstra o interesse dos empres&aacute;rios goianos&rdquo;.&nbsp; Ser&atilde;o investidos R$ 50 milh&otilde;es, para capacitar 3 mil empresas no Brasil. O Programa tem como foco a melhoria do processo produtivo das empresas brasileiras, buscando a redu&ccedil;&atilde;o de desperd&iacute;cios mais comuns com o objetivo de aumentar em pelo menos 20% sua &nbsp;produtividade.<\/p>\n<p style=\"text-align: justify;\"><strong>PNCE<\/strong><\/p>\n<p style=\"text-align: justify;\">O Plano Nacional da Cultura Exportadora tem o objetivo de aumentar a participa&ccedil;&atilde;o empresarial nas opera&ccedil;&otilde;es de com&eacute;rcio exterior e incentivar o aumento da comercializa&ccedil;&atilde;o de produtos e servi&ccedil;os de Goi&aacute;s. As empresas contar&atilde;o com ferramentas de treinamento, capacita&ccedil;&atilde;o, consultoria para adequa&ccedil;&atilde;o de produtos e identifica&ccedil;&atilde;o de mercados. O Plano ser&aacute; desenvolvido em cinco etapas &ndash; sensibiliza&ccedil;&atilde;o, intelig&ecirc;ncia comercial, adequa&ccedil;&atilde;o de produtos e processos, promo&ccedil;&atilde;o comercial e comercializa&ccedil;&atilde;o.<\/p>\n<p><\/body><\/html><\/p>\n","protected":false},"excerpt":{"rendered":"<p>O secret&aacute;rio de Desenvolvimento (SED), Luiz Maronezi, participou do lan&ccedil;amento do Plano Nacional da Cultura Exportadora (PNCE) e do Programa Brasil Mais Produtivo a&ccedil;&otilde;es do Minist&eacute;rio da Ind&uacute;stria, Com&eacute;rcio Exterior e Servi&ccedil;os (MDIC), realizado hoje (16\/09) pelo ministro, Marcos Pereira, na presen&ccedil;a do Governador Marconi Perillo e do presidente da Federa&ccedil;&atilde;o das Ind&uacute;strias do Estado [&hellip;]<\/p>\n","protected":false},"author":7,"featured_media":0,"comment_status":"closed","ping_status":"open","sticky":false,"template":"","format":"standard","meta":{"footnotes":""},"categories":[4],"tags":[],"class_list":["post-1232","post","type-post","status-publish","format-standard","hentry","category-noticias"],"rttpg_featured_image_url":null,"rttpg_author":{"display_name":"gustavogoncalves","author_link":"https:\/\/goias.gov.br\/industriaecomercio\/author\/gustavogoncalves\/"},"rttpg_comment":0,"rttpg_category":"<a href=\"https:\/\/goias.gov.br\/industriaecomercio\/categoria\/noticias\/\" rel=\"category tag\">Not\u00edcias<\/a>","rttpg_excerpt":"O secret&aacute;rio de Desenvolvimento (SED), Luiz Maronezi, participou do lan&ccedil;amento do Plano Nacional da Cultura Exportadora (PNCE) e do Programa Brasil Mais Produtivo a&ccedil;&otilde;es do Minist&eacute;rio da Ind&uacute;stria, Com&eacute;rcio Exterior e Servi&ccedil;os (MDIC), realizado hoje (16\/09) pelo ministro, Marcos Pereira, na presen&ccedil;a do Governador Marconi Perillo e do presidente da Federa&ccedil;&atilde;o das Ind&uacute;strias do Estado&hellip;","_links":{"self":[{"href":"https:\/\/goias.gov.br\/industriaecomercio\/wp-json\/wp\/v2\/posts\/1232","targetHints":{"allow":["GET"]}}],"collection":[{"href":"https:\/\/goias.gov.br\/industriaecomercio\/wp-json\/wp\/v2\/posts"}],"about":[{"href":"https:\/\/goias.gov.br\/industriaecomercio\/wp-json\/wp\/v2\/types\/post"}],"author":[{"embeddable":true,"href":"https:\/\/goias.gov.br\/industriaecomercio\/wp-json\/wp\/v2\/users\/7"}],"replies":[{"embeddable":true,"href":"https:\/\/goias.gov.br\/industriaecomercio\/wp-json\/wp\/v2\/comments?post=1232"}],"version-history":[{"count":0,"href":"https:\/\/goias.gov.br\/industriaecomercio\/wp-json\/wp\/v2\/posts\/1232\/revisions"}],"wp:attachment":[{"href":"https:\/\/goias.gov.br\/industriaecomercio\/wp-json\/wp\/v2\/media?parent=1232"}],"wp:term":[{"taxonomy":"category","embeddable":true,"href":"https:\/\/goias.gov.br\/industriaecomercio\/wp-json\/wp\/v2\/categories?post=1232"},{"taxonomy":"post_tag","embeddable":true,"href":"https:\/\/goias.gov.br\/industriaecomercio\/wp-json\/wp\/v2\/tags?post=1232"}],"curies":[{"name":"wp","href":"https:\/\/api.w.org\/{rel}","templated":true}]}}