
{"id":9746,"date":"2018-11-14T16:06:41","date_gmt":"2018-11-14T18:06:41","guid":{"rendered":"https:\/\/siteshom.goias.gov.br\/imb\/vendas-do-comercio-goiano-recua-20-em-setembro-setembro-2018\/"},"modified":"2018-11-14T16:06:41","modified_gmt":"2018-11-14T18:06:41","slug":"vendas-do-comercio-goiano-recua-20-em-setembro-setembro-2018","status":"publish","type":"post","link":"https:\/\/goias.gov.br\/imb\/vendas-do-comercio-goiano-recua-20-em-setembro-setembro-2018\/","title":{"rendered":"Vendas do com\u00e9rcio goiano recua 2,0% em setembro &#8211; Setembro\/2018"},"content":{"rendered":"<p>De acordo com dados da Pesquisa Mensal do Com\u00e9rcio (PMC\/IBGE), o volume de vendas do com\u00e9rcio varejista goiano na s\u00e9rie com ajuste sazonal, ou seja, comparado ao m\u00eas anterior, recuou 2,0% em setembro de 2018, enquanto o Brasil recuou 1,3%. Na mesma compara\u00e7\u00e3o, as vendas no com\u00e9rcio varejista apresentaram resultados negativos para 16 das 27 Unidades da Federa\u00e7\u00e3o, com destaque para Para\u00edba (\u20116,4%) e Minas Gerais (-3,1%).<\/p>\n<p><!--more--><\/p>\n<p class=\"btn btn-primary\"><a href=\"https:\/\/goias.gov.br\/imb\/wp-content\/uploads\/sites\/29\/2018\/11\/pmc201809-26e.pdf\" id=\"\" style=\"color: white\" target=\"_blank\" title=\"\" rel=\"noopener\">Clique aqui para baixar a publica\u00e7\u00e3o: PMC Setembro\/2018&nbsp;em arquivo no formato PDF<\/a><\/p>\n","protected":false},"excerpt":{"rendered":"<p>De acordo com dados da Pesquisa Mensal do Com\u00e9rcio (PMC\/IBGE), o volume de vendas do com\u00e9rcio varejista goiano na s\u00e9rie com ajuste sazonal, ou seja, comparado ao m\u00eas anterior, recuou 2,0% em setembro de 2018, enquanto o Brasil recuou 1,3%. Na mesma compara\u00e7\u00e3o, as vendas no com\u00e9rcio varejista apresentaram resultados negativos para 16 das 27 [&hellip;]<\/p>\n","protected":false},"author":467,"featured_media":0,"comment_status":"closed","ping_status":"open","sticky":false,"template":"","format":"standard","meta":{"footnotes":""},"categories":[712],"tags":[],"class_list":["post-9746","post","type-post","status-publish","format-standard","hentry","category-pmc-pesquisa-mensal-do-comercio"],"rttpg_featured_image_url":null,"rttpg_author":{"display_name":"anapsantos","author_link":"https:\/\/goias.gov.br\/imb\/author\/anapsantos\/"},"rttpg_comment":0,"rttpg_category":"<a href=\"https:\/\/goias.gov.br\/imb\/categoria\/publicacoes\/analises-conjunturais\/pmc-pesquisa-mensal-do-comercio\/\" rel=\"category tag\">PMC - Pesquisa Mensal do Com\u00e9rcio<\/a>","rttpg_excerpt":"De acordo com dados da Pesquisa Mensal do Com\u00e9rcio (PMC\/IBGE), o volume de vendas do com\u00e9rcio varejista goiano na s\u00e9rie com ajuste sazonal, ou seja, comparado ao m\u00eas anterior, recuou 2,0% em setembro de 2018, enquanto o Brasil recuou 1,3%. Na mesma compara\u00e7\u00e3o, as vendas no com\u00e9rcio varejista apresentaram resultados negativos para 16 das 27&hellip;","_links":{"self":[{"href":"https:\/\/goias.gov.br\/imb\/wp-json\/wp\/v2\/posts\/9746","targetHints":{"allow":["GET"]}}],"collection":[{"href":"https:\/\/goias.gov.br\/imb\/wp-json\/wp\/v2\/posts"}],"about":[{"href":"https:\/\/goias.gov.br\/imb\/wp-json\/wp\/v2\/types\/post"}],"author":[{"embeddable":true,"href":"https:\/\/goias.gov.br\/imb\/wp-json\/wp\/v2\/users\/467"}],"replies":[{"embeddable":true,"href":"https:\/\/goias.gov.br\/imb\/wp-json\/wp\/v2\/comments?post=9746"}],"version-history":[{"count":0,"href":"https:\/\/goias.gov.br\/imb\/wp-json\/wp\/v2\/posts\/9746\/revisions"}],"wp:attachment":[{"href":"https:\/\/goias.gov.br\/imb\/wp-json\/wp\/v2\/media?parent=9746"}],"wp:term":[{"taxonomy":"category","embeddable":true,"href":"https:\/\/goias.gov.br\/imb\/wp-json\/wp\/v2\/categories?post=9746"},{"taxonomy":"post_tag","embeddable":true,"href":"https:\/\/goias.gov.br\/imb\/wp-json\/wp\/v2\/tags?post=9746"}],"curies":[{"name":"wp","href":"https:\/\/api.w.org\/{rel}","templated":true}]}}