
{"id":14003,"date":"2024-05-08T14:08:46","date_gmt":"2024-05-08T17:08:46","guid":{"rendered":"https:\/\/goias.gov.br\/imb\/?p=14003"},"modified":"2024-05-08T14:08:46","modified_gmt":"2024-05-08T17:08:46","slug":"vendas-no-comercio-goiano-registram-alta-de-59-em-marco","status":"publish","type":"post","link":"https:\/\/goias.gov.br\/imb\/vendas-no-comercio-goiano-registram-alta-de-59-em-marco\/","title":{"rendered":"Vendas no com\u00e9rcio goiano registram alta de 5,9% em mar\u00e7o"},"content":{"rendered":"<p>O com\u00e9rcio goiano registrou alta de 5,9% no m\u00eas de mar\u00e7o, na compara\u00e7\u00e3o com o mesmo m\u00eas do ano anterior. O resultado ficou acima da m\u00e9dia nacional no per\u00edodo, que foi de 5,7%, segundo dados da Pesquisa Mensal do Com\u00e9rcio (PMC), do Instituto Brasileiro de Geografia e Estat\u00edstica (IBGE), com apura\u00e7\u00e3o do Instituto Mauro Borges (IMB).<\/p>\n<p>Goi\u00e1s tamb\u00e9m registrou alta de 5,6% na varia\u00e7\u00e3o acumulada no ano; seguido pelo crescimento de 1,7% no acumulado em 12 meses. Em todos os indicadores, os resultados foram impulsionados pela venda de artigos farmac\u00eauticos, m\u00e9dicos, ortop\u00e9dicos, de perfumaria e cosm\u00e9ticos e hipermercados e supermercados.<\/p>\n<p>Os n\u00fameros revelam a prioridade dada pelos consumidores \u00e0 compra de itens b\u00e1sicos, como medicamentos e alimentos, em detrimento de outras mercadorias que s\u00e3o consideradas n\u00e3o essenciais.<\/p>\n<blockquote><p>O secret\u00e1rio-geral de Governo, Adriano da Rocha Lima, destaca que os resultados s\u00e3o muito positivos e ressaltam a import\u00e2ncia do setor para a economia. \u201cO desenvolvimento do com\u00e9rcio goiano contribui com o desenvolvimento econ\u00f4mico e social do nosso estado, impactando diretamente na gera\u00e7\u00e3o de emprego e renda para as fam\u00edlias goianas\u201d, enfatiza o titular da pasta.<\/p><\/blockquote>\n<blockquote><p>Joel de Sant\u2019Anna Braga Filho, secret\u00e1rio de Ind\u00fastria, Com\u00e9rcio e Servi\u00e7os, pontua o trabalho feito pelo governo estadual para fortalecer o setor terci\u00e1rio, uma das bases da economia goiana. \u201cAs altas consecutivas atestam que estamos no caminho certo para tornar Goi\u00e1s o melhor lugar para se empreender e trabalhar\u201d, afirma.<\/p><\/blockquote>\n<p>O com\u00e9rcio varejista ampliado em Goi\u00e1s obteve crescimento acumulado no ano de 6%, com destaque para as vendas de ve\u00edculos, motocicletas, partes e pe\u00e7as, seguido pelas vendas especializadas em produtos aliment\u00edcios, bebidas e fumo. J\u00e1 no acumulado em 12 meses e na varia\u00e7\u00e3o interanual, Goi\u00e1s registrou leve aumento de 0,6% e 0,5%, respectivamente.<\/p>\n<h4>Sobre a pesquisa<\/h4>\n<p>A Pesquisa Mensal de Com\u00e9rcio (PMC) produz indicadores que permitem acompanhar o comportamento conjuntural do com\u00e9rcio varejista no pa\u00eds, investigando a receita bruta de revenda nas empresas formalmente constitu\u00eddas, com 20 ou mais pessoas ocupadas, e cuja atividade principal \u00e9 o com\u00e9rcio varejista.<\/p>\n","protected":false},"excerpt":{"rendered":"<p>O com\u00e9rcio goiano registrou alta de 5,9% no m\u00eas de mar\u00e7o, na compara\u00e7\u00e3o com o mesmo m\u00eas do ano anterior. O resultado ficou acima da m\u00e9dia nacional no per\u00edodo, que foi de 5,7%, segundo dados da Pesquisa Mensal do Com\u00e9rcio (PMC), do Instituto Brasileiro de Geografia e Estat\u00edstica (IBGE), com apura\u00e7\u00e3o do Instituto Mauro Borges [&hellip;]<\/p>\n","protected":false},"author":60,"featured_media":14004,"comment_status":"closed","ping_status":"open","sticky":false,"template":"","format":"standard","meta":{"footnotes":""},"categories":[683],"tags":[1376],"class_list":["post-14003","post","type-post","status-publish","format-standard","has-post-thumbnail","hentry","category-noticias","tag-comercio"],"rttpg_featured_image_url":{"full":["https:\/\/goias.gov.br\/imb\/wp-content\/uploads\/sites\/29\/2024\/05\/PMC.jpeg",875,485,false],"landscape":["https:\/\/goias.gov.br\/imb\/wp-content\/uploads\/sites\/29\/2024\/05\/PMC.jpeg",875,485,false],"portraits":["https:\/\/goias.gov.br\/imb\/wp-content\/uploads\/sites\/29\/2024\/05\/PMC.jpeg",875,485,false],"thumbnail":["https:\/\/goias.gov.br\/imb\/wp-content\/uploads\/sites\/29\/2024\/05\/PMC.jpeg",150,83,false],"medium":["https:\/\/goias.gov.br\/imb\/wp-content\/uploads\/sites\/29\/2024\/05\/PMC.jpeg",300,166,false],"large":["https:\/\/goias.gov.br\/imb\/wp-content\/uploads\/sites\/29\/2024\/05\/PMC.jpeg",875,485,false],"1536x1536":["https:\/\/goias.gov.br\/imb\/wp-content\/uploads\/sites\/29\/2024\/05\/PMC.jpeg",875,485,false],"2048x2048":["https:\/\/goias.gov.br\/imb\/wp-content\/uploads\/sites\/29\/2024\/05\/PMC.jpeg",875,485,false]},"rttpg_author":{"display_name":"anapcarvalho","author_link":"https:\/\/goias.gov.br\/imb\/author\/anapcarvalho\/"},"rttpg_comment":0,"rttpg_category":"<a href=\"https:\/\/goias.gov.br\/imb\/categoria\/noticias\/\" rel=\"category tag\">Not\u00edcias<\/a>","rttpg_excerpt":"O com\u00e9rcio goiano registrou alta de 5,9% no m\u00eas de mar\u00e7o, na compara\u00e7\u00e3o com o mesmo m\u00eas do ano anterior. O resultado ficou acima da m\u00e9dia nacional no per\u00edodo, que foi de 5,7%, segundo dados da Pesquisa Mensal do Com\u00e9rcio (PMC), do Instituto Brasileiro de Geografia e Estat\u00edstica (IBGE), com apura\u00e7\u00e3o do Instituto Mauro Borges&hellip;","_links":{"self":[{"href":"https:\/\/goias.gov.br\/imb\/wp-json\/wp\/v2\/posts\/14003","targetHints":{"allow":["GET"]}}],"collection":[{"href":"https:\/\/goias.gov.br\/imb\/wp-json\/wp\/v2\/posts"}],"about":[{"href":"https:\/\/goias.gov.br\/imb\/wp-json\/wp\/v2\/types\/post"}],"author":[{"embeddable":true,"href":"https:\/\/goias.gov.br\/imb\/wp-json\/wp\/v2\/users\/60"}],"replies":[{"embeddable":true,"href":"https:\/\/goias.gov.br\/imb\/wp-json\/wp\/v2\/comments?post=14003"}],"version-history":[{"count":1,"href":"https:\/\/goias.gov.br\/imb\/wp-json\/wp\/v2\/posts\/14003\/revisions"}],"predecessor-version":[{"id":14005,"href":"https:\/\/goias.gov.br\/imb\/wp-json\/wp\/v2\/posts\/14003\/revisions\/14005"}],"wp:featuredmedia":[{"embeddable":true,"href":"https:\/\/goias.gov.br\/imb\/wp-json\/wp\/v2\/media\/14004"}],"wp:attachment":[{"href":"https:\/\/goias.gov.br\/imb\/wp-json\/wp\/v2\/media?parent=14003"}],"wp:term":[{"taxonomy":"category","embeddable":true,"href":"https:\/\/goias.gov.br\/imb\/wp-json\/wp\/v2\/categories?post=14003"},{"taxonomy":"post_tag","embeddable":true,"href":"https:\/\/goias.gov.br\/imb\/wp-json\/wp\/v2\/tags?post=14003"}],"curies":[{"name":"wp","href":"https:\/\/api.w.org\/{rel}","templated":true}]}}