
{"id":10533,"date":"2020-05-09T16:10:29","date_gmt":"2020-05-09T19:10:29","guid":{"rendered":"https:\/\/siteshom.goias.gov.br\/imb\/nota-de-falecimento\/"},"modified":"2020-05-09T16:10:29","modified_gmt":"2020-05-09T19:10:29","slug":"nota-de-falecimento","status":"publish","type":"post","link":"https:\/\/goias.gov.br\/imb\/nota-de-falecimento\/","title":{"rendered":"Nota de Falecimento"},"content":{"rendered":"<p style=\"text-align: justify;\">Comunicamos o falecimento da ex-servidora Sueide Rodrigues de Souza Peixoto.<\/p>\n<p><!--more--><\/p>\n<p style=\"text-align: justify;\">\u00c9 com muito pesar que comunicamos o falecimento da ex-servidora Sueide Rodrigues de Souza Peixoto. Foram 40 anos de dedica\u00e7\u00e3o e comprometimento com o trabalho no servi\u00e7o p\u00fablico e um exemplo de profissional e pessoa, para n\u00f3s que tivemos a honra e a alegria de conhec\u00ea-la. Hoje, fica seu legado e muita saudade. Prestamos nossas sinceras condol\u00eancias e solidariedade aos familiares e amigos.<\/p>\n<p style=\"text-align: justify;\">Equipe IMB<\/p>\n<p style=\"text-align: center;\">&nbsp;<\/p>\n<p>&nbsp;<\/p>\n<p style=\"text-align: left;\">&nbsp;<\/p>\n","protected":false},"excerpt":{"rendered":"<p>Comunicamos o falecimento da ex-servidora Sueide Rodrigues de Souza Peixoto.<\/p>\n","protected":false},"author":472,"featured_media":10532,"comment_status":"closed","ping_status":"open","sticky":false,"template":"","format":"standard","meta":{"footnotes":""},"categories":[683],"tags":[],"class_list":["post-10533","post","type-post","status-publish","format-standard","has-post-thumbnail","hentry","category-noticias"],"rttpg_featured_image_url":{"full":["https:\/\/goias.gov.br\/imb\/wp-content\/uploads\/sites\/29\/2020\/05\/nota4-be5.jpg",960,720,false],"landscape":["https:\/\/goias.gov.br\/imb\/wp-content\/uploads\/sites\/29\/2020\/05\/nota4-be5.jpg",960,720,false],"portraits":["https:\/\/goias.gov.br\/imb\/wp-content\/uploads\/sites\/29\/2020\/05\/nota4-be5.jpg",960,720,false],"thumbnail":["https:\/\/goias.gov.br\/imb\/wp-content\/uploads\/sites\/29\/2020\/05\/nota4-be5-150x150.jpg",150,150,true],"medium":["https:\/\/goias.gov.br\/imb\/wp-content\/uploads\/sites\/29\/2020\/05\/nota4-be5-300x225.jpg",300,225,true],"large":["https:\/\/goias.gov.br\/imb\/wp-content\/uploads\/sites\/29\/2020\/05\/nota4-be5.jpg",960,720,false],"1536x1536":["https:\/\/goias.gov.br\/imb\/wp-content\/uploads\/sites\/29\/2020\/05\/nota4-be5.jpg",960,720,false],"2048x2048":["https:\/\/goias.gov.br\/imb\/wp-content\/uploads\/sites\/29\/2020\/05\/nota4-be5.jpg",960,720,false]},"rttpg_author":{"display_name":"3\u00ba SGT RENER","author_link":"https:\/\/goias.gov.br\/imb\/author\/renersantos\/"},"rttpg_comment":0,"rttpg_category":"<a href=\"https:\/\/goias.gov.br\/imb\/categoria\/noticias\/\" rel=\"category tag\">Not\u00edcias<\/a>","rttpg_excerpt":"Comunicamos o falecimento da ex-servidora Sueide Rodrigues de Souza Peixoto.","_links":{"self":[{"href":"https:\/\/goias.gov.br\/imb\/wp-json\/wp\/v2\/posts\/10533","targetHints":{"allow":["GET"]}}],"collection":[{"href":"https:\/\/goias.gov.br\/imb\/wp-json\/wp\/v2\/posts"}],"about":[{"href":"https:\/\/goias.gov.br\/imb\/wp-json\/wp\/v2\/types\/post"}],"author":[{"embeddable":true,"href":"https:\/\/goias.gov.br\/imb\/wp-json\/wp\/v2\/users\/472"}],"replies":[{"embeddable":true,"href":"https:\/\/goias.gov.br\/imb\/wp-json\/wp\/v2\/comments?post=10533"}],"version-history":[{"count":0,"href":"https:\/\/goias.gov.br\/imb\/wp-json\/wp\/v2\/posts\/10533\/revisions"}],"wp:featuredmedia":[{"embeddable":true,"href":"https:\/\/goias.gov.br\/imb\/wp-json\/wp\/v2\/media\/10532"}],"wp:attachment":[{"href":"https:\/\/goias.gov.br\/imb\/wp-json\/wp\/v2\/media?parent=10533"}],"wp:term":[{"taxonomy":"category","embeddable":true,"href":"https:\/\/goias.gov.br\/imb\/wp-json\/wp\/v2\/categories?post=10533"},{"taxonomy":"post_tag","embeddable":true,"href":"https:\/\/goias.gov.br\/imb\/wp-json\/wp\/v2\/tags?post=10533"}],"curies":[{"name":"wp","href":"https:\/\/api.w.org\/{rel}","templated":true}]}}