

{"id":8870,"date":"2022-11-17T11:15:54","date_gmt":"2022-11-17T14:15:54","guid":{"rendered":"https:\/\/siteshom.goias.gov.br\/governo\/pesquisa-mostra-que-91-dos-usuarios-avaliam-como-positiva-a-operacao-do-eixo-anhanguera\/"},"modified":"2022-11-17T11:15:54","modified_gmt":"2022-11-17T14:15:54","slug":"pesquisa-mostra-que-91-dos-usuarios-avaliam-como-positiva-a-operacao-do-eixo-anhanguera","status":"publish","type":"post","link":"https:\/\/goias.gov.br\/governo\/pesquisa-mostra-que-91-dos-usuarios-avaliam-como-positiva-a-operacao-do-eixo-anhanguera\/","title":{"rendered":"Pesquisa mostra que 91% dos usu\u00e1rios avaliam como positiva a opera\u00e7\u00e3o do Eixo Anhanguera"},"content":{"rendered":"<img fetchpriority=\"high\" decoding=\"async\" class=\" size-full wp-image-8869\" src=\"https:\/\/goias.gov.br\/governo\/wp-content\/uploads\/sites\/11\/2022\/11\/WhatsApp_Image_2022-11-17_at_091331-dac.jpeg\" alt=\"\" class=\"caption\" title=\"Frota auxiliar come\u00e7ou operar no inicio do segundo semestre, ap\u00f3s acordo firmado entre a Metrobus, CMTC e as empresas privadas que comp\u00f5e o sistema de transporte da regi\u00e3o metropolitana da capital.\" width=\"1066\" height=\"711\" srcset=\"https:\/\/goias.gov.br\/governo\/wp-content\/uploads\/sites\/11\/2022\/11\/WhatsApp_Image_2022-11-17_at_091331-dac.jpeg 1066w, https:\/\/goias.gov.br\/governo\/wp-content\/uploads\/sites\/11\/2022\/11\/WhatsApp_Image_2022-11-17_at_091331-dac-300x200.jpeg 300w, https:\/\/goias.gov.br\/governo\/wp-content\/uploads\/sites\/11\/2022\/11\/WhatsApp_Image_2022-11-17_at_091331-dac-1024x683.jpeg 1024w, https:\/\/goias.gov.br\/governo\/wp-content\/uploads\/sites\/11\/2022\/11\/WhatsApp_Image_2022-11-17_at_091331-dac-768x512.jpeg 768w\" sizes=\"(max-width: 1066px) 100vw, 1066px\" \/>\n<p>Com o objetivo de mapear o &iacute;ndice de satisfa&ccedil;&atilde;o dos usu&aacute;rios do Eixo Anhanguera &ndash; principal corredor de transporte coletivo intermunicipal da regi&atilde;o metropolitana da capital &ndash; o Mova-se realizou uma s&eacute;rie de pesquisas no segundo semestre deste ano, onde foi mapeado que 91% dos usu&aacute;rios avaliaram como positiva a opera&ccedil;&atilde;o no Eixo. Mais de 1500 pessoas foram ouvidas de forma espont&acirc;nea.&nbsp;<\/p>\n<p>Desde julho, um acordo operacional firmado entre a Metrobus (empresa que opera o Eixo Anhanguera), a Companhia Metropolitana de Transporte Coletivo (CMTC) e as empresas privadas (R&aacute;pido Araguaia, Via&ccedil;&atilde;o Reunidas e Cootego) tem possibilitado a amplia&ccedil;&atilde;o da frota que atende ao corredor, com o fortalecimento de 54 &ocirc;nibus articulados seminovos e outros seis zero quil&ocirc;metros.&nbsp;<\/p>\n<p>&ldquo;O refor&ccedil;o da frota tem o objetivo de conferir maior agilidade e conforto aos usu&aacute;rios do Eixo Anhanguera, enquanto trabalhamos com a licita&ccedil;&atilde;o da loca&ccedil;&atilde;o que vai substituir a atual frota por uma totalmente el&eacute;trica, zero poluente, mais moderna e confort&aacute;vel&rdquo;, explica o secret&aacute;rio-geral de Governo e presidente da C&acirc;mara Deliberativa do Transporte Coletivo, Adriano da Rocha Lima.&nbsp; &nbsp;<\/p>\n<h3><strong>Din&acirc;mica<\/strong><\/h3>\n<p>A primeira etapa da pesquisa abordou virtualmente mais de 500 pessoas, entre os dias 16 e 18 de agosto, que responderam espontaneamente a enquete, por meio das m&iacute;dias sociais. Em seguida, no dia 15 de setembro, a RedeMob Cons&oacute;rcio promoveu uma entrevista com 211 pessoas, nos terminais mais movimentados do Eixo: Padre Pel&aacute;gio e Pra&ccedil;a da B&iacute;blia. No dia 20 de agosto, a pesquisa conseguiu ouvir 405 pessoas nos mesmos terminais. A &uacute;ltima etapa ocorreu no dia 10 de novembro, onde 475 pessoas foram ouvidas nos terminais Padre Pel&aacute;gio, B&iacute;blia e Novo Mundo.<\/p>\n<p>A compila&ccedil;&atilde;o de todos os dados mostrou que 86% dos usu&aacute;rios querem que a opera&ccedil;&atilde;o de fortalecimento da frota continue. 75% dos usu&aacute;rios ouvidos aprovaram as altera&ccedil;&otilde;es feitas nos &uacute;ltimos meses; 70% dizem preferir os novos &ocirc;nibus que est&atilde;o em opera&ccedil;&atilde;o.&nbsp;<\/p>\n<p>Os atuais resultados foram compilados com exatos dois meses da realiza&ccedil;&atilde;o da &uacute;ltima pesquisa de satisfa&ccedil;&atilde;o, o que evidencia que as solu&ccedil;&otilde;es empreendidas para a melhoria do Eixo t&ecirc;m sido bem avaliadas pela popula&ccedil;&atilde;o. Antes das medidas, apenas 30% dos usu&aacute;rios avaliavam positivamente a opera&ccedil;&atilde;o no corredor. Em setembro, esse &iacute;ndice foi de 73%, e agora 91%.<\/p>\n<p class=\"pull-center\"><img decoding=\"async\" class=\" size-full wp-image-8848\" alt=\"\" data-image-widget-flowlayout=\"1\" height=\"463\" id=\"\" src=\"https:\/\/goias.gov.br\/governo\/wp-content\/uploads\/sites\/11\/2022\/06\/Nova_Frota_1-f41.jpeg\" title=\"\" width=\"695\" srcset=\"https:\/\/goias.gov.br\/governo\/wp-content\/uploads\/sites\/11\/2022\/06\/Nova_Frota_1-f41.jpeg 1600w, https:\/\/goias.gov.br\/governo\/wp-content\/uploads\/sites\/11\/2022\/06\/Nova_Frota_1-f41-300x200.jpeg 300w, https:\/\/goias.gov.br\/governo\/wp-content\/uploads\/sites\/11\/2022\/06\/Nova_Frota_1-f41-1024x682.jpeg 1024w, https:\/\/goias.gov.br\/governo\/wp-content\/uploads\/sites\/11\/2022\/06\/Nova_Frota_1-f41-768x512.jpeg 768w, https:\/\/goias.gov.br\/governo\/wp-content\/uploads\/sites\/11\/2022\/06\/Nova_Frota_1-f41-1536x1023.jpeg 1536w\" sizes=\"(max-width: 695px) 100vw, 695px\" \/><\/p>\n<h5 style=\"text-align: center;\">&nbsp;<\/h5>\n<h3>N&uacute;meros<\/h3>\n<p>&bull; 67% do pesquisados reprovaram a opera&ccedil;&atilde;o da Metrobus antes da entrada dos novos &ocirc;nibus;<\/p>\n<p>&bull; 68% aprovaram os novos &ocirc;nibus em opera&ccedil;&atilde;o<\/p>\n<p>&bull; 56% perceberam e avaliaram positivamente o aumento no n&uacute;mero de viagens<\/p>\n<p>&bull; 70% preferem os novos &ocirc;nibus em rela&ccedil;&atilde;o aos da Metrobus<\/p>\n<p>&bull; 86% querem que a opera&ccedil;&atilde;o conjunta continue<\/p>\n<p>&bull; 91% avaliam como positivo a opera&ccedil;&atilde;o atual no Eixo Anhanguera<\/p>\n<p>&bull; 75% aprovaram as altera&ccedil;&otilde;es feitas na opera&ccedil;&atilde;o do Eixo Anhanguera<\/p>\n","protected":false},"excerpt":{"rendered":"<p><em>Mais de 1500 pessoas participaram de forma espont&acirc;nea da pesquisa Mova-se, que buscou mapear o &iacute;ndice de satisfa&ccedil;&atilde;o dos usu&aacute;rios do principal corredor de transporte coletivo intermunicipal da regi&atilde;o metropolitana da capital, neste segundo semestre de 2022<\/em><\/p>\n","protected":false},"author":58,"featured_media":8869,"comment_status":"closed","ping_status":"open","sticky":false,"template":"","format":"standard","meta":{"footnotes":"","_links_to":"","_links_to_target":""},"categories":[383],"tags":[437,438,436],"class_list":["post-8870","post","type-post","status-publish","format-standard","has-post-thumbnail","hentry","category-noticias","tag-governadoria","tag-governo-de-goias","tag-sgg"],"rttpg_featured_image_url":{"full":["https:\/\/goias.gov.br\/governo\/wp-content\/uploads\/sites\/11\/2022\/11\/WhatsApp_Image_2022-11-17_at_091331-dac.jpeg",1066,711,false],"landscape":["https:\/\/goias.gov.br\/governo\/wp-content\/uploads\/sites\/11\/2022\/11\/WhatsApp_Image_2022-11-17_at_091331-dac.jpeg",1066,711,false],"portraits":["https:\/\/goias.gov.br\/governo\/wp-content\/uploads\/sites\/11\/2022\/11\/WhatsApp_Image_2022-11-17_at_091331-dac.jpeg",1066,711,false],"thumbnail":["https:\/\/goias.gov.br\/governo\/wp-content\/uploads\/sites\/11\/2022\/11\/WhatsApp_Image_2022-11-17_at_091331-dac-150x150.jpeg",150,150,true],"medium":["https:\/\/goias.gov.br\/governo\/wp-content\/uploads\/sites\/11\/2022\/11\/WhatsApp_Image_2022-11-17_at_091331-dac-300x200.jpeg",300,200,true],"large":["https:\/\/goias.gov.br\/governo\/wp-content\/uploads\/sites\/11\/2022\/11\/WhatsApp_Image_2022-11-17_at_091331-dac-1024x683.jpeg",1024,683,true],"1536x1536":["https:\/\/goias.gov.br\/governo\/wp-content\/uploads\/sites\/11\/2022\/11\/WhatsApp_Image_2022-11-17_at_091331-dac.jpeg",1066,711,false],"2048x2048":["https:\/\/goias.gov.br\/governo\/wp-content\/uploads\/sites\/11\/2022\/11\/WhatsApp_Image_2022-11-17_at_091331-dac.jpeg",1066,711,false]},"rttpg_author":{"display_name":"gabrielza","author_link":"https:\/\/goias.gov.br\/governo\/author\/gabrielza\/"},"rttpg_comment":0,"rttpg_category":"<a href=\"https:\/\/goias.gov.br\/governo\/categoria\/noticias\/\" rel=\"category tag\">Not\u00edcias<\/a>","rttpg_excerpt":"Mais de 1500 pessoas participaram de forma espont&acirc;nea da pesquisa Mova-se, que buscou mapear o &iacute;ndice de satisfa&ccedil;&atilde;o dos usu&aacute;rios do principal corredor de transporte coletivo intermunicipal da regi&atilde;o metropolitana da capital, neste segundo semestre de 2022","_links":{"self":[{"href":"https:\/\/goias.gov.br\/governo\/wp-json\/wp\/v2\/posts\/8870","targetHints":{"allow":["GET"]}}],"collection":[{"href":"https:\/\/goias.gov.br\/governo\/wp-json\/wp\/v2\/posts"}],"about":[{"href":"https:\/\/goias.gov.br\/governo\/wp-json\/wp\/v2\/types\/post"}],"author":[{"embeddable":true,"href":"https:\/\/goias.gov.br\/governo\/wp-json\/wp\/v2\/users\/58"}],"replies":[{"embeddable":true,"href":"https:\/\/goias.gov.br\/governo\/wp-json\/wp\/v2\/comments?post=8870"}],"version-history":[{"count":0,"href":"https:\/\/goias.gov.br\/governo\/wp-json\/wp\/v2\/posts\/8870\/revisions"}],"wp:featuredmedia":[{"embeddable":true,"href":"https:\/\/goias.gov.br\/governo\/wp-json\/wp\/v2\/media\/8869"}],"wp:attachment":[{"href":"https:\/\/goias.gov.br\/governo\/wp-json\/wp\/v2\/media?parent=8870"}],"wp:term":[{"taxonomy":"category","embeddable":true,"href":"https:\/\/goias.gov.br\/governo\/wp-json\/wp\/v2\/categories?post=8870"},{"taxonomy":"post_tag","embeddable":true,"href":"https:\/\/goias.gov.br\/governo\/wp-json\/wp\/v2\/tags?post=8870"}],"curies":[{"name":"wp","href":"https:\/\/api.w.org\/{rel}","templated":true}]}}