

{"id":8035,"date":"2021-07-01T18:50:20","date_gmt":"2021-07-01T21:50:20","guid":{"rendered":"https:\/\/siteshom.goias.gov.br\/governo\/governo-de-goias-celebra-acordo-de-cooperacao-tecnica-para-fomentar-o-desenvolvimento-industrial-2\/"},"modified":"2021-07-01T18:50:20","modified_gmt":"2021-07-01T21:50:20","slug":"governo-de-goias-celebra-acordo-de-cooperacao-tecnica-para-fomentar-o-desenvolvimento-industrial-2","status":"publish","type":"post","link":"https:\/\/goias.gov.br\/governo\/governo-de-goias-celebra-acordo-de-cooperacao-tecnica-para-fomentar-o-desenvolvimento-industrial-2\/","title":{"rendered":"Governo de Goi\u00e1s celebra acordo de coopera\u00e7\u00e3o t\u00e9cnica para fomentar o desenvolvimento industrial"},"content":{"rendered":"<img fetchpriority=\"high\" decoding=\"async\" class=\" size-full wp-image-8034\" src=\"https:\/\/goias.gov.br\/governo\/wp-content\/uploads\/sites\/11\/2021\/07\/Foto_destaque-4ff.png\" alt=\"\" class=\"caption\" title=\"Articulado pela Secretaria-Geral da Governadoria (SGG) junto ao F\u00f3rum das Entidades Empresariais, o AgreGO passa a integrar o planejamento estrat\u00e9gico do Estado, e prev\u00ea a\u00e7\u00f5es de fortalecimento do setor produtivo pelos pr\u00f3ximos dez anos\" width=\"1920\" height=\"1080\" srcset=\"https:\/\/goias.gov.br\/governo\/wp-content\/uploads\/sites\/11\/2021\/07\/Foto_destaque-4ff.png 1920w, https:\/\/goias.gov.br\/governo\/wp-content\/uploads\/sites\/11\/2021\/07\/Foto_destaque-4ff-300x169.png 300w, https:\/\/goias.gov.br\/governo\/wp-content\/uploads\/sites\/11\/2021\/07\/Foto_destaque-4ff-1024x576.png 1024w, https:\/\/goias.gov.br\/governo\/wp-content\/uploads\/sites\/11\/2021\/07\/Foto_destaque-4ff-768x432.png 768w, https:\/\/goias.gov.br\/governo\/wp-content\/uploads\/sites\/11\/2021\/07\/Foto_destaque-4ff-1536x864.png 1536w\" sizes=\"(max-width: 1920px) 100vw, 1920px\" \/>\n","protected":false},"excerpt":{"rendered":"<p>O Governo do Estado celebrou nesta quinta-feira (01\/07), a cria&ccedil;&atilde;o do projeto de agrega&ccedil;&atilde;o de valor para o setor industrial de Goi&aacute;s &#8211; o AgreGO &#8211; desenvolvido em conjunto com a Associa&ccedil;&atilde;o Pr&oacute;-Desenvolvimento Industrial do Estado (Adial), com apoio do F&oacute;rum das Entidades Empresariais. A iniciativa contempla um plano de desenvolvimento focado no fortalecimento do setor, a ser executado nos pr&oacute;ximos dez anos (2021-2030).<\/p>\n<p>Articulado pela Secretaria-Geral da Governadoria (SGG) junto a entidades representativas do setor, o AgreGO busca estruturar de maneira sustent&aacute;vel os avan&ccedil;os necess&aacute;rios ao setor produtivo, como forma de alavancar o crescimento industrial no Estado, o incremento tecnol&oacute;gico e a gera&ccedil;&atilde;o de emprego e renda.<\/p>\n<h2><strong>A solenidade<\/strong><\/h2>\n<p>Durante a solenidade do lan&ccedil;amento do programa, o governador Ronaldo Caiado exaltou o car&aacute;ter do projeto, focado no planejamento e na vasta experi&ecirc;ncia das pessoas da Magno Consultoria, respons&aacute;vel por delinear o estudo que vai resultar no plano de desenvolvimento industrial goiano. &ldquo;Como cirurgi&atilde;o que sou, sempre fui contra a improvisa&ccedil;&atilde;o. Tenho a convic&ccedil;&atilde;o de que com planejamento consistente vamos conseguir avan&ccedil;ar na qualifica&ccedil;&atilde;o da nossa ind&uacute;stria, e da nossa m&atilde;o de obra&rdquo;, ressaltou.<\/p>\n<p>O secret&aacute;rio-chefe da Governadoria, Adriano da Rocha Lima, recordou que por anos, o &uacute;nico atrativo utilizado pelo governo para captar empresas para Goi&aacute;s foi a pol&iacute;tica de incentivos fiscais. Com o AgreGo, est&aacute; se propondo avan&ccedil;ar de forma ampla e coordenada as necessidades que o setor produtivo demonstra para tornar ainda mais atrativo a capta&ccedil;&atilde;o de investimentos em solo goiano. &ldquo;Todo governo de resultado cria cen&aacute;rios onde o empresariado tenha condi&ccedil;&otilde;es de crescer. Cabe ao poder p&uacute;blico oferecer essas condi&ccedil;&otilde;es necess&aacute;rias, mas para isso &eacute; preciso mape&aacute;-las&rdquo;, declarou Adriano.<\/p>\n<p>Ele mencionou as potencialidades goianas, citando como exemplo o fato de Goi&aacute;s possuir a maior reserva de terras raras do Brasil; a localiza&ccedil;&atilde;o estrat&eacute;gica bem ao centro do pa&iacute;s; a grandeza do agroneg&oacute;cio, entre demais fatores que tornam o Estado ideal para o avan&ccedil;o da industrializa&ccedil;&atilde;o. &quot;&Eacute; isso que estamos propondo com o AgreGo, um salto no processamento das nossas mat&eacute;rias-primas de forma a gerar emprego e renda, e uma maior arrecada&ccedil;&atilde;o tamb&eacute;m&rdquo;, avaliou.<\/p>\n<p>O presidente do Conselho da Adial, Ot&aacute;vio Lage de Siqueira Filho, comentou sobre a for&ccedil;a do setor industrial ao declarar que Goi&aacute;s possui o s&eacute;timo maior parque fabril do pa&iacute;s e emprega 1,5 milh&atilde;o de goianos. &ldquo;&Eacute; not&aacute;vel a transforma&ccedil;&atilde;o que um parque industrial faz na comunidade que ele est&aacute; inserido. Junto a ele s&atilde;o fomentados diversos outros neg&oacute;cios para aliment&aacute;-lo. Um efeito em cadeia&rdquo;, pontuou. Em sua avalia&ccedil;&atilde;o, a institui&ccedil;&atilde;o do AgreGo coloca Goi&aacute;s na vanguarda do setor, ao vislumbrar de forma estrat&eacute;gica os avan&ccedil;os necess&aacute;rios para os pr&oacute;ximos dez anos. &ldquo;Hoje com certeza &eacute; um marco para a hist&oacute;ria deste Estado&rdquo;, enalteceu.<\/p>\n<p>O deputado federal, Jos&eacute; M&aacute;rio Schneider, avaliou que o AgreGo traduz um anseio do segmento industrial. &ldquo;Temos que trabalhar dentro dos pontos de converg&ecirc;ncia. Mesmo sendo de segmentos diferentes, temos pontos comuns onde se precisa de refor&ccedil;o para alavancarmos. O segmento industrial &eacute; um dos que mais qualifica a m&atilde;o de obra e precisamos olhar para o bem estar e a melhoria da qualidade de todos os goianos&rdquo;, conclamou.<\/p>\n<p>O CEO da Magno Consultores, empresa respons&aacute;vel por conduzir os estudos que v&atilde;o resultar no plano estrat&eacute;gico de desenvolvimento industrial, Roberto Lima, tratou o evento como a primeira reuni&atilde;o de trabalho, ao convidar os integrantes do segmento industrial presentes a participarem desse amplo estudo que tem previs&atilde;o de ser entregue no in&iacute;cio de Janeiro de 2022.<\/p>\n<p>Ele explicou que toda a&ccedil;&atilde;o pautada na organiza&ccedil;&atilde;o de processos permite avan&ccedil;os consistentes, cria oportunidade, permite vislumbrar cen&aacute;rios e se estabelecer prioridades para a tomada assertiva de decis&otilde;es. &ldquo;Este trabalho &eacute; fruto de um trabalho conjunto, onde nos pr&oacute;ximos seis meses vamos estruturar um plano de desenvolvimento focado nas potencialidades regionais, na voca&ccedil;&atilde;o da ind&uacute;stria local, e na identifica&ccedil;&atilde;o dos fatores de risco para que possamos mostrar como o governo pode inserir em seu programa os pontos necess&aacute;rios para a consolida&ccedil;&atilde;o dos avan&ccedil;os no setor industrial&rdquo;, detalhou. &nbsp;<\/p>\n<h2><strong>Sobre o AgreGO<\/strong><\/h2>\n<p>Dividido em etapas, o AgreGo tem como premissas o progresso do Estado ao alinhar os prop&oacute;sitos do Governo aos do setor produtivo, resultando com isso no desenvolvimento das empresas locais, na melhoria da gera&ccedil;&atilde;o de renda, no incremento da arrecada&ccedil;&atilde;o e no equil&iacute;brio fiscal. Portanto, trata-se de um programa multidisciplinar que vai contemplar a atua&ccedil;&atilde;o de outras secretarias ao longo da sua execu&ccedil;&atilde;o, como a Secretaria de Ind&uacute;stria, Com&eacute;rcio e Servi&ccedil;os (SIC) e da Economia.<\/p>\n<p>Ao ser integrado ao planejamento estrat&eacute;gico de desenvolvimento do Estado, as a&ccedil;&otilde;es idealizadas ser&atilde;o executadas pelos pr&oacute;ximos dez anos, tempo h&aacute;bil suficiente para se promover mudan&ccedil;as estruturais que apresentem resultados efetivos. Para isso, est&atilde;o contempladas etapas de identifica&ccedil;&atilde;o das compet&ecirc;ncias regionais e de an&aacute;lise dos fatores determinantes para a competitividade dos setores escolhidos.<\/p>\n<p>Ser&atilde;o analisados tamb&eacute;m os fatores de risco para a realiza&ccedil;&atilde;o de investimentos por parte dos setores identificados e inclus&atilde;o em programas governamentais de a&ccedil;&otilde;es que visam ampliar a competitividade das empresas do setor, assegurando o aumento da sua participa&ccedil;&atilde;o no cen&aacute;rio nacional e global.<\/p>\n<h2><strong>Mapeamento da ind&uacute;stria goiana<\/strong><\/h2>\n<p>Recente estudo divulgado pela Confedera&ccedil;&atilde;o Nacional da Ind&uacute;stria (CNI), em maio deste ano, mostrou que durante dez anos (entre os bi&ecirc;nios 2007\/2008 &ndash; 2017\/2018) a ind&uacute;stria goiana manteve-se estagnada referente &agrave; sua participa&ccedil;&atilde;o no PIB industrial nacional.<\/p>\n<p>A an&aacute;lise pormenorizada dos setores chegou a mostrar alguns decl&iacute;nios como na ind&uacute;stria de transforma&ccedil;&atilde;o que foi da nona posi&ccedil;&atilde;o no bi&ecirc;nio 2007\/2008 para a d&eacute;cima no bi&ecirc;nio 2017\/2018. Dessa mesma forma, os Servi&ccedil;os Industriais de Utilidade P&uacute;blica passaram da sexta para a oitava coloca&ccedil;&atilde;o, no mesmo per&iacute;odo analisado.<\/p>\n<p>Apenas a ind&uacute;stria extrativa subiu uma posi&ccedil;&atilde;o no ranking ao passar da nona para a oitava posi&ccedil;&atilde;o; e a ind&uacute;stria da constru&ccedil;&atilde;o se manteve est&aacute;vel na oitava posi&ccedil;&atilde;o durante os dez anos analisados.<\/p>\n<p>&ldquo;Apesar dessa pesquisa retratar um per&iacute;odo do governo anterior, temos trabalhado fortemente na atual gest&atilde;o para que Goi&aacute;s volte a se destacar no cen&aacute;rio de atua&ccedil;&atilde;o de empresas, na qualifica&ccedil;&atilde;o profissional, na gera&ccedil;&atilde;o de renda, na recoloca&ccedil;&atilde;o de funcion&aacute;rios que perderam seus empregos. N&oacute;s temos um Estado que &eacute; altamente pujante. Tamb&eacute;m concordamos que precisamos verticalizar mais a nossa ind&uacute;stria, principalmente a ind&uacute;stria do agroneg&oacute;cio e a ind&uacute;stria mineral&rdquo;, afirmou o secret&aacute;rio de Ind&uacute;stria e Com&eacute;rcio, Jos&eacute; Vitti.<\/p>\n<h2><strong>Entidades apoiadoras<\/strong><\/h2>\n<p>O AgreGo conta com o apoio do F&oacute;rum das Entidades Empresariais do Estado, representado pelas seguintes entidades: Federa&ccedil;&atilde;o das Ind&uacute;strias do Estado de Goi&aacute;s (Fieg); Federa&ccedil;&atilde;o do Com&eacute;rcio (Fecom&eacute;rcio-Go); Federa&ccedil;&atilde;o das Associa&ccedil;&otilde;es Comerciais, Industriais e Agropecu&aacute;rias (Facieg); Federa&ccedil;&atilde;o das C&acirc;maras de Dirigentes Logistas (FCDL); Associa&ccedil;&atilde;o Pr&oacute;-Desenvolvimento Industrial (Adial); Associa&ccedil;&atilde;o Comercial, Industrial e de Servi&ccedil;os (Acieg) e Sistema da Organiza&ccedil;&atilde;o das Cooperativas do Brasil (OCB).<\/p>\n[gallery ID=19]\n","protected":false},"author":57,"featured_media":8034,"comment_status":"closed","ping_status":"open","sticky":false,"template":"","format":"standard","meta":{"footnotes":"","_links_to":"","_links_to_target":""},"categories":[383],"tags":[],"class_list":["post-8035","post","type-post","status-publish","format-standard","has-post-thumbnail","hentry","category-noticias"],"rttpg_featured_image_url":{"full":["https:\/\/goias.gov.br\/governo\/wp-content\/uploads\/sites\/11\/2021\/07\/Foto_destaque-4ff.png",1920,1080,false],"landscape":["https:\/\/goias.gov.br\/governo\/wp-content\/uploads\/sites\/11\/2021\/07\/Foto_destaque-4ff.png",1920,1080,false],"portraits":["https:\/\/goias.gov.br\/governo\/wp-content\/uploads\/sites\/11\/2021\/07\/Foto_destaque-4ff.png",1920,1080,false],"thumbnail":["https:\/\/goias.gov.br\/governo\/wp-content\/uploads\/sites\/11\/2021\/07\/Foto_destaque-4ff-150x150.png",150,150,true],"medium":["https:\/\/goias.gov.br\/governo\/wp-content\/uploads\/sites\/11\/2021\/07\/Foto_destaque-4ff-300x169.png",300,169,true],"large":["https:\/\/goias.gov.br\/governo\/wp-content\/uploads\/sites\/11\/2021\/07\/Foto_destaque-4ff-1024x576.png",1024,576,true],"1536x1536":["https:\/\/goias.gov.br\/governo\/wp-content\/uploads\/sites\/11\/2021\/07\/Foto_destaque-4ff-1536x864.png",1536,864,true],"2048x2048":["https:\/\/goias.gov.br\/governo\/wp-content\/uploads\/sites\/11\/2021\/07\/Foto_destaque-4ff.png",1920,1080,false]},"rttpg_author":{"display_name":"vaniamc","author_link":"https:\/\/goias.gov.br\/governo\/author\/vaniamc\/"},"rttpg_comment":0,"rttpg_category":"<a href=\"https:\/\/goias.gov.br\/governo\/categoria\/noticias\/\" rel=\"category tag\">Not\u00edcias<\/a>","rttpg_excerpt":"O Governo do Estado celebrou nesta quinta-feira (01\/07), a cria&ccedil;&atilde;o do projeto de agrega&ccedil;&atilde;o de valor para o setor industrial de Goi&aacute;s - o AgreGO - desenvolvido em conjunto com a Associa&ccedil;&atilde;o Pr&oacute;-Desenvolvimento Industrial do Estado (Adial), com apoio do F&oacute;rum das Entidades Empresariais. A iniciativa contempla um plano de desenvolvimento focado no fortalecimento do&hellip;","_links":{"self":[{"href":"https:\/\/goias.gov.br\/governo\/wp-json\/wp\/v2\/posts\/8035","targetHints":{"allow":["GET"]}}],"collection":[{"href":"https:\/\/goias.gov.br\/governo\/wp-json\/wp\/v2\/posts"}],"about":[{"href":"https:\/\/goias.gov.br\/governo\/wp-json\/wp\/v2\/types\/post"}],"author":[{"embeddable":true,"href":"https:\/\/goias.gov.br\/governo\/wp-json\/wp\/v2\/users\/57"}],"replies":[{"embeddable":true,"href":"https:\/\/goias.gov.br\/governo\/wp-json\/wp\/v2\/comments?post=8035"}],"version-history":[{"count":0,"href":"https:\/\/goias.gov.br\/governo\/wp-json\/wp\/v2\/posts\/8035\/revisions"}],"wp:featuredmedia":[{"embeddable":true,"href":"https:\/\/goias.gov.br\/governo\/wp-json\/wp\/v2\/media\/8034"}],"wp:attachment":[{"href":"https:\/\/goias.gov.br\/governo\/wp-json\/wp\/v2\/media?parent=8035"}],"wp:term":[{"taxonomy":"category","embeddable":true,"href":"https:\/\/goias.gov.br\/governo\/wp-json\/wp\/v2\/categories?post=8035"},{"taxonomy":"post_tag","embeddable":true,"href":"https:\/\/goias.gov.br\/governo\/wp-json\/wp\/v2\/tags?post=8035"}],"curies":[{"name":"wp","href":"https:\/\/api.w.org\/{rel}","templated":true}]}}