

{"id":80306,"date":"2025-06-18T15:05:08","date_gmt":"2025-06-18T18:05:08","guid":{"rendered":"https:\/\/goias.gov.br\/governo\/?p=80306"},"modified":"2025-06-18T15:05:11","modified_gmt":"2025-06-18T18:05:11","slug":"sgg-realiza-campanha-educativa-fogo-zero-no-morro-da-serrinha-em-parceria-com-bombeiros","status":"publish","type":"post","link":"https:\/\/goias.gov.br\/governo\/sgg-realiza-campanha-educativa-fogo-zero-no-morro-da-serrinha-em-parceria-com-bombeiros\/","title":{"rendered":"SGG realiza campanha educativa Fogo Zero no Morro da Serrinha em parceria com bombeiros"},"content":{"rendered":"\n<h1 class=\"wp-block-heading\"><\/h1>\n\n\n\n<p>A campanha educativa <em>Fogo Zero no Morro da Serrinha<\/em> foi lan\u00e7ada nesta quarta-feira (18\/6), fruto de parceria entre a Secretaria-Geral de Governo (SGG), por meio da Subsecretaria de Pol\u00edticas para Cidades e Transporte, e o Corpo de Bombeiros. A iniciativa conta com uma s\u00e9rie de palestras para estudantes de uma escola de Goi\u00e2nia, com o objetivo de prevenir inc\u00eandios na \u00c1rea de Preserva\u00e7\u00e3o Ambiental.<\/p>\n\n\n\n<p>Foi realizada a exposi\u00e7\u00e3o de animais empalhados, cedidos pelo Memorial do Cerrado da PUC-GO para a conscientiza\u00e7\u00e3o das crian\u00e7as e adolescentes. Al\u00e9m disso, foi feita a distribui\u00e7\u00e3o de gibis com a tem\u00e1tica de preserva\u00e7\u00e3o ambiental, produzidos em parceria entre a SGG, Secretaria de Estado de Meio Ambiente (Semad), Corpo de Bombeiros e a Funda\u00e7\u00e3o Dom Pedro II.<\/p>\n\n\n\n<p>Atualmente, o Morro da Serrinha passa por um processo de recupera\u00e7\u00e3o ambiental, com foco na restaura\u00e7\u00e3o ecol\u00f3gica e sustentabilidade. A gest\u00e3o, sob responsabilidade da SGG, contempla a execu\u00e7\u00e3o do Plano de Recupera\u00e7\u00e3o de \u00c1reas Degradadas (PRAD).<\/p>\n\n\n\n<p>De acordo com o subsecret\u00e1rio de Pol\u00edticas para Cidades e Transporte, Miguel Angelo Pricinote, a a\u00e7\u00e3o visa recuperar a mata nativa com o plantio de esp\u00e9cies do Cerrado. \u201cA pr\u00f3xima fase ser\u00e1 a constru\u00e7\u00e3o de um parque urbano para uso da comunidade. Por isso, estamos preparando as crian\u00e7as desde agora para levar essa conscientiza\u00e7\u00e3o para os pais, para que possam preservar esse patrim\u00f4nio da popula\u00e7\u00e3o goiana.\u201c, afirma.<\/p>\n\n\n\n<p>O Morro da Serrinha era alvo de frequentes inc\u00eandios, al\u00e9m do descarte irregular de lixo. No in\u00edcio do ano, ap\u00f3s assumir a gest\u00e3o da unidade de conserva\u00e7\u00e3o, a SGG cercou o terreno, instalou placas informativas sobre a proibi\u00e7\u00e3o de degrada\u00e7\u00e3o do meio ambiente e a \u00e1rea \u00e9 monitorada por uma empresa de seguran\u00e7a terceirizada.<\/p>\n\n\n\n<p>Para o capit\u00e3o do Corpo de Bombeiros, Cl\u00e1udio Silveira, as palestras s\u00e3o uma das iniciativas previstas na Opera\u00e7\u00e3o Cerrado Vivo, voltada para a conscientiza\u00e7\u00e3o de preven\u00e7\u00e3o de queimadas na vegeta\u00e7\u00e3o.<\/p>\n\n\n\n<p>\u201cAs crian\u00e7as se tornam multiplicadoras do conhecimento transmitido nas palestras. Tamb\u00e9m alertamos sobre o perigo do descarte inadequado de lixo e de objetos inflam\u00e1veis que possam causar fa\u00edsca e fazer o fogo se alastrar\u201d, explica.<\/p>\n\n\n\n<p>Os moradores da regi\u00e3o tamb\u00e9m est\u00e3o sendo conscientizados sobre esses riscos pelo Corpo de Bombeiros. &nbsp;A estudante do Col\u00e9gio Lassale, Lu\u00edsa Lobo, aprendeu muito sobre o Cerrado durante a palestra e a import\u00e2ncia de preserv\u00e1-lo para as pr\u00f3ximas gera\u00e7\u00f5es.<\/p>\n\n\n\n<p>\u201cInfelizmente, tem muita gente que prejudica o meio ambiente jogando lixo na mata e ateando fogo que se espalha muito r\u00e1pido\u201d, lamenta.<\/p>\n\n\n\n<figure class=\"wp-block-gallery has-nested-images columns-default is-cropped wp-block-gallery-1 is-layout-flex wp-block-gallery-is-layout-flex\">\n<figure class=\"wp-block-image size-large\"><img fetchpriority=\"high\" decoding=\"async\" width=\"1024\" height=\"682\" data-id=\"80308\" src=\"https:\/\/goias.gov.br\/governo\/wp-content\/uploads\/sites\/11\/2025\/06\/WhatsApp-Image-2025-06-18-at-11.38.14-1-1024x682.jpeg\" alt=\"\" class=\"wp-image-80308\" srcset=\"https:\/\/goias.gov.br\/governo\/wp-content\/uploads\/sites\/11\/2025\/06\/WhatsApp-Image-2025-06-18-at-11.38.14-1-1024x682.jpeg 1024w, https:\/\/goias.gov.br\/governo\/wp-content\/uploads\/sites\/11\/2025\/06\/WhatsApp-Image-2025-06-18-at-11.38.14-1-300x200.jpeg 300w, https:\/\/goias.gov.br\/governo\/wp-content\/uploads\/sites\/11\/2025\/06\/WhatsApp-Image-2025-06-18-at-11.38.14-1-768x512.jpeg 768w, https:\/\/goias.gov.br\/governo\/wp-content\/uploads\/sites\/11\/2025\/06\/WhatsApp-Image-2025-06-18-at-11.38.14-1-1536x1024.jpeg 1536w, https:\/\/goias.gov.br\/governo\/wp-content\/uploads\/sites\/11\/2025\/06\/WhatsApp-Image-2025-06-18-at-11.38.14-1-2048x1365.jpeg 2048w\" sizes=\"(max-width: 1024px) 100vw, 1024px\" \/><figcaption class=\"wp-element-caption\">Foto: Edinan Ferreira\/Comset\/SGG<\/figcaption><\/figure>\n<\/figure>\n\n\n\n<figure class=\"wp-block-gallery has-nested-images columns-default is-cropped wp-block-gallery-2 is-layout-flex wp-block-gallery-is-layout-flex\">\n<figure class=\"wp-block-image size-large\"><img decoding=\"async\" width=\"1024\" height=\"682\" data-id=\"80309\" src=\"https:\/\/goias.gov.br\/governo\/wp-content\/uploads\/sites\/11\/2025\/06\/WhatsApp-Image-2025-06-18-at-11.38.25-1024x682.jpeg\" alt=\"\" class=\"wp-image-80309\" srcset=\"https:\/\/goias.gov.br\/governo\/wp-content\/uploads\/sites\/11\/2025\/06\/WhatsApp-Image-2025-06-18-at-11.38.25-1024x682.jpeg 1024w, https:\/\/goias.gov.br\/governo\/wp-content\/uploads\/sites\/11\/2025\/06\/WhatsApp-Image-2025-06-18-at-11.38.25-300x200.jpeg 300w, https:\/\/goias.gov.br\/governo\/wp-content\/uploads\/sites\/11\/2025\/06\/WhatsApp-Image-2025-06-18-at-11.38.25-768x512.jpeg 768w, https:\/\/goias.gov.br\/governo\/wp-content\/uploads\/sites\/11\/2025\/06\/WhatsApp-Image-2025-06-18-at-11.38.25-1536x1024.jpeg 1536w, https:\/\/goias.gov.br\/governo\/wp-content\/uploads\/sites\/11\/2025\/06\/WhatsApp-Image-2025-06-18-at-11.38.25-2048x1365.jpeg 2048w\" sizes=\"(max-width: 1024px) 100vw, 1024px\" \/><\/figure>\n<\/figure>\n\n\n\n<figure class=\"wp-block-gallery has-nested-images columns-default is-cropped wp-block-gallery-3 is-layout-flex wp-block-gallery-is-layout-flex\">\n<figure class=\"wp-block-image size-large\"><img decoding=\"async\" width=\"1024\" height=\"682\" data-id=\"80311\" src=\"https:\/\/goias.gov.br\/governo\/wp-content\/uploads\/sites\/11\/2025\/06\/WhatsApp-Image-2025-06-18-at-11.38.27-1024x682.jpeg\" alt=\"\" class=\"wp-image-80311\" srcset=\"https:\/\/goias.gov.br\/governo\/wp-content\/uploads\/sites\/11\/2025\/06\/WhatsApp-Image-2025-06-18-at-11.38.27-1024x682.jpeg 1024w, https:\/\/goias.gov.br\/governo\/wp-content\/uploads\/sites\/11\/2025\/06\/WhatsApp-Image-2025-06-18-at-11.38.27-300x200.jpeg 300w, https:\/\/goias.gov.br\/governo\/wp-content\/uploads\/sites\/11\/2025\/06\/WhatsApp-Image-2025-06-18-at-11.38.27-768x512.jpeg 768w, https:\/\/goias.gov.br\/governo\/wp-content\/uploads\/sites\/11\/2025\/06\/WhatsApp-Image-2025-06-18-at-11.38.27-1536x1024.jpeg 1536w, https:\/\/goias.gov.br\/governo\/wp-content\/uploads\/sites\/11\/2025\/06\/WhatsApp-Image-2025-06-18-at-11.38.27-2048x1365.jpeg 2048w\" sizes=\"(max-width: 1024px) 100vw, 1024px\" \/><\/figure>\n<\/figure>\n\n\n\n<figure class=\"wp-block-gallery has-nested-images columns-default is-cropped wp-block-gallery-4 is-layout-flex wp-block-gallery-is-layout-flex\"><\/figure>\n","protected":false},"excerpt":{"rendered":"<p>A campanha educativa Fogo Zero no Morro da Serrinha foi lan\u00e7ada nesta quarta-feira (18\/6), fruto de parceria entre a Secretaria-Geral de Governo (SGG), por meio da Subsecretaria de Pol\u00edticas para Cidades e Transporte, e o Corpo de Bombeiros. A iniciativa conta com uma s\u00e9rie de palestras para estudantes de uma escola de Goi\u00e2nia, com o [&hellip;]<\/p>\n","protected":false},"author":216,"featured_media":80307,"comment_status":"closed","ping_status":"open","sticky":false,"template":"","format":"standard","meta":{"footnotes":"","_links_to":"","_links_to_target":""},"categories":[383],"tags":[],"class_list":["post-80306","post","type-post","status-publish","format-standard","has-post-thumbnail","hentry","category-noticias"],"rttpg_featured_image_url":{"full":["https:\/\/goias.gov.br\/governo\/wp-content\/uploads\/sites\/11\/2025\/06\/WhatsApp-Image-2025-06-18-at-11.38.14.jpeg",2560,1706,false],"landscape":["https:\/\/goias.gov.br\/governo\/wp-content\/uploads\/sites\/11\/2025\/06\/WhatsApp-Image-2025-06-18-at-11.38.14.jpeg",2560,1706,false],"portraits":["https:\/\/goias.gov.br\/governo\/wp-content\/uploads\/sites\/11\/2025\/06\/WhatsApp-Image-2025-06-18-at-11.38.14.jpeg",2560,1706,false],"thumbnail":["https:\/\/goias.gov.br\/governo\/wp-content\/uploads\/sites\/11\/2025\/06\/WhatsApp-Image-2025-06-18-at-11.38.14-150x150.jpeg",150,150,true],"medium":["https:\/\/goias.gov.br\/governo\/wp-content\/uploads\/sites\/11\/2025\/06\/WhatsApp-Image-2025-06-18-at-11.38.14-300x200.jpeg",300,200,true],"large":["https:\/\/goias.gov.br\/governo\/wp-content\/uploads\/sites\/11\/2025\/06\/WhatsApp-Image-2025-06-18-at-11.38.14-1024x682.jpeg",1024,682,true],"1536x1536":["https:\/\/goias.gov.br\/governo\/wp-content\/uploads\/sites\/11\/2025\/06\/WhatsApp-Image-2025-06-18-at-11.38.14-1536x1024.jpeg",1536,1024,true],"2048x2048":["https:\/\/goias.gov.br\/governo\/wp-content\/uploads\/sites\/11\/2025\/06\/WhatsApp-Image-2025-06-18-at-11.38.14-2048x1365.jpeg",2048,1365,true]},"rttpg_author":{"display_name":"gabrielabsilva","author_link":"https:\/\/goias.gov.br\/governo\/author\/gabrielabsilva\/"},"rttpg_comment":0,"rttpg_category":"<a href=\"https:\/\/goias.gov.br\/governo\/categoria\/noticias\/\" rel=\"category tag\">Not\u00edcias<\/a>","rttpg_excerpt":"A campanha educativa Fogo Zero no Morro da Serrinha foi lan\u00e7ada nesta quarta-feira (18\/6), fruto de parceria entre a Secretaria-Geral de Governo (SGG), por meio da Subsecretaria de Pol\u00edticas para Cidades e Transporte, e o Corpo de Bombeiros. A iniciativa conta com uma s\u00e9rie de palestras para estudantes de uma escola de Goi\u00e2nia, com o&hellip;","_links":{"self":[{"href":"https:\/\/goias.gov.br\/governo\/wp-json\/wp\/v2\/posts\/80306","targetHints":{"allow":["GET"]}}],"collection":[{"href":"https:\/\/goias.gov.br\/governo\/wp-json\/wp\/v2\/posts"}],"about":[{"href":"https:\/\/goias.gov.br\/governo\/wp-json\/wp\/v2\/types\/post"}],"author":[{"embeddable":true,"href":"https:\/\/goias.gov.br\/governo\/wp-json\/wp\/v2\/users\/216"}],"replies":[{"embeddable":true,"href":"https:\/\/goias.gov.br\/governo\/wp-json\/wp\/v2\/comments?post=80306"}],"version-history":[{"count":1,"href":"https:\/\/goias.gov.br\/governo\/wp-json\/wp\/v2\/posts\/80306\/revisions"}],"predecessor-version":[{"id":80312,"href":"https:\/\/goias.gov.br\/governo\/wp-json\/wp\/v2\/posts\/80306\/revisions\/80312"}],"wp:featuredmedia":[{"embeddable":true,"href":"https:\/\/goias.gov.br\/governo\/wp-json\/wp\/v2\/media\/80307"}],"wp:attachment":[{"href":"https:\/\/goias.gov.br\/governo\/wp-json\/wp\/v2\/media?parent=80306"}],"wp:term":[{"taxonomy":"category","embeddable":true,"href":"https:\/\/goias.gov.br\/governo\/wp-json\/wp\/v2\/categories?post=80306"},{"taxonomy":"post_tag","embeddable":true,"href":"https:\/\/goias.gov.br\/governo\/wp-json\/wp\/v2\/tags?post=80306"}],"curies":[{"name":"wp","href":"https:\/\/api.w.org\/{rel}","templated":true}]}}