

{"id":7492,"date":"2020-04-17T17:50:36","date_gmt":"2020-04-17T20:50:36","guid":{"rendered":"https:\/\/siteshom.goias.gov.br\/governo\/lancada-a-maratona-do-conhecimento-da-sgg\/"},"modified":"2020-04-17T17:50:36","modified_gmt":"2020-04-17T20:50:36","slug":"lancada-a-maratona-do-conhecimento-da-sgg","status":"publish","type":"post","link":"https:\/\/goias.gov.br\/governo\/lancada-a-maratona-do-conhecimento-da-sgg\/","title":{"rendered":"Lan\u00e7ada a Maratona do Conhecimento da SGG"},"content":{"rendered":"<div class=\"pull-center\">\n<figure class=\"image\"><img fetchpriority=\"high\" decoding=\"async\" class=\" size-full wp-image-7491\" alt=\"SGG lan\u00e7a Maratona do Conhecimento para promover a troca de informa\u00e7\u00f5es e estimular o desenvolvimento da gest\u00e3o\" id=\"\" src=\"https:\/\/goias.gov.br\/governo\/wp-content\/uploads\/sites\/11\/2020\/04\/MARATONA-fab.png\" style=\"\" title=\"\" width=\"1670\" height=\"556\" srcset=\"https:\/\/goias.gov.br\/governo\/wp-content\/uploads\/sites\/11\/2020\/04\/MARATONA-fab.png 1670w, https:\/\/goias.gov.br\/governo\/wp-content\/uploads\/sites\/11\/2020\/04\/MARATONA-fab-300x100.png 300w, https:\/\/goias.gov.br\/governo\/wp-content\/uploads\/sites\/11\/2020\/04\/MARATONA-fab-1024x341.png 1024w, https:\/\/goias.gov.br\/governo\/wp-content\/uploads\/sites\/11\/2020\/04\/MARATONA-fab-768x256.png 768w, https:\/\/goias.gov.br\/governo\/wp-content\/uploads\/sites\/11\/2020\/04\/MARATONA-fab-1536x511.png 1536w\" sizes=\"(max-width: 1670px) 100vw, 1670px\" \/><figcaption class=\"text-center\">Maratona do Conhecimento SGG<\/figcaption><\/figure>\n<\/div>\n<h5 style=\"text-align: center;\"><em>Promover a troca de informa&ccedil;&otilde;es e estimular o desenvolvimento da gest&atilde;o e seus servidores:&nbsp; com esses objetivos surgiu a iniciativa &ldquo;Maratona do Conhecimento&rdquo;. <\/em><\/h5>\n<p>A SGG compreende que a colabora&ccedil;&atilde;o entre seus especialistas e as equipes de projetos dos &oacute;rg&atilde;os da administra&ccedil;&atilde;o estadual &eacute; a chave para projetos bem-sucedidos. Por isso, adota diversas iniciativas para estreitar la&ccedil;os e colaborar com os &oacute;rg&atilde;os parceiros. Al&eacute;m das agendas de cursos regulares, a SGG realiza neste per&iacute;odo de teletrabalho, uma s&eacute;rie de semin&aacute;rios online (webin&aacute;rios) voltados a desenvolver e ampliar a percep&ccedil;&atilde;o dos agentes estaduais nos processos de capta&ccedil;&atilde;o de recursos e gest&atilde;o de projetos.<\/p>\n<p>Dentre os palestrantes confirmados est&atilde;o especialistas em articula&ccedil;&atilde;o, elabora&ccedil;&atilde;o e monitoramento de projetos de capta&ccedil;&atilde;o de recursos e gest&atilde;o de projetos do Estado de Goi&aacute;s e convidados como <strong>Jos&eacute; Ant&ocirc;nio de Aguiar Neto<\/strong> &#8211; Coordenador-Geral da Plataforma Tecnol&oacute;gica de Transfer&ecirc;ncias da Uni&atilde;o do Minist&eacute;rio da Economia -, <strong>Hugo Carvalho Marques<\/strong> &#8211; Coordenador Geral de Capacita&ccedil;&atilde;o do Minist&eacute;rio da Economia \/ Rede +Brasil &#8211; e, &nbsp;<strong>Marilene dos Santos Nascimento<\/strong> &#8211; T&eacute;cnica do Amap&aacute; na &aacute;rea de Gest&atilde;o da Capta&ccedil;&atilde;o de Recursos e Coordenadora da Unidade Gestora da #Rede+Brasil Estadual &ndash; AP.<\/p>\n<p>Os webin&aacute;rios acontecer&atilde;o via plataforma Zoom, nas datas agendadas, sempre das 9h &agrave;s 10h30; confira a seguir a agenda completa.<\/p>\n<p>Ao clicar nos t&iacute;tulos dos webin&aacute;rios, voc&ecirc; ser&aacute; direcionado para a p&aacute;gina de inscri&ccedil;&atilde;o no evento. Ap&oacute;s inscrever-se, voc&ecirc; receber&aacute; um e-mail de confirma&ccedil;&atilde;o com o link direto para acessar o evento na data agendada.<\/p>\n<p><b id=\"docs-internal-guid-792282a9-7fff-1c3d-3716-95c9fa30a6ff\"><\/b><\/p>\n<p dir=\"ltr\"><b id=\"docs-internal-guid-792282a9-7fff-1c3d-3716-95c9fa30a6ff\"><\/b><\/p>\n<p dir=\"ltr\"><b id=\"docs-internal-guid-792282a9-7fff-1c3d-3716-95c9fa30a6ff\">24\/04 &#8211;&nbsp;<\/b><a href=\"https:\/\/goias.zoom.us\/webinar\/register\/WN_mM833FukSQWg4vPKD_32oA\" target=\"_blank\" rel=\"noopener\"><b>Viabilizando recursos para o seu projeto: Panorama Geral do Fluxo de Capta&ccedil;&atilde;o e das Emendas Parlamentares<\/b><\/a><br \/>\n<strong>Oradora: Marilene Nascimento<\/strong><b id=\"docs-internal-guid-792282a9-7fff-1c3d-3716-95c9fa30a6ff\"><\/b><\/p>\n<p dir=\"ltr\"><b>28\/08 &#8211; <a href=\"http:\/\/goias.zoom.us\/webinar\/register\/WN_tl3N3OVQTzSHReWwEsXbCg\" target=\"_blank\" rel=\"noopener\">Qual o caminho para capta&ccedil;&atilde;o de recurso federal? Vis&atilde;o Geral e Dicas de Consulta na Plataforma + Brasil<\/a><\/b><b id=\"docs-internal-guid-792282a9-7fff-1c3d-3716-95c9fa30a6ff\"><\/b><br \/>\n<strong>Orador: Hugo Carvalho Marques<\/strong><\/p>\n<p dir=\"ltr\"><b id=\"docs-internal-guid-792282a9-7fff-1c3d-3716-95c9fa30a6ff\">05\/05 &#8211; <a href=\"http:\/\/goias.zoom.us\/webinar\/register\/WN_naWpTpBfQ86VpM6Nw8-4rQ\" target=\"_blank\" rel=\"noopener\">Efici&ecirc;ncia na execu&ccedil;&atilde;o de conv&ecirc;nios federais: Aspectos importantes da Portaria Interministerial 424\/2016 e suas altera&ccedil;&otilde;es<\/a><\/b><br \/>\n<b id=\"docs-internal-guid-792282a9-7fff-1c3d-3716-95c9fa30a6ff\">Oradores: Cassiano Brito e Monalisa Lopes<\/b><\/p>\n<p dir=\"ltr\"><b id=\"docs-internal-guid-792282a9-7fff-1c3d-3716-95c9fa30a6ff\">08\/05 &#8211; <a href=\"http:\/\/goias.zoom.us\/webinar\/register\/WN_4DHUndxnSByCTsVm3GOEsw\" target=\"_blank\" rel=\"noopener\">Finalizando um conv&ecirc;nio com chave de ouro: Procedimentos importantes para a Presta&ccedil;&atilde;o de Contas na Plataforma + Brasil<\/a><\/b><br \/>\n<b id=\"docs-internal-guid-792282a9-7fff-1c3d-3716-95c9fa30a6ff\">Orador: Cassiano Brito<\/b><\/p>\n<p dir=\"ltr\"><b id=\"docs-internal-guid-792282a9-7fff-1c3d-3716-95c9fa30a6ff\">12\/05 &#8211; <a href=\"http:\/\/goias.zoom.us\/webinar\/register\/WN_PZs7WmH_R0qKV20MbcDBeg\" target=\"_blank\" rel=\"noopener\">Informa&ccedil;&otilde;es estrat&eacute;gicas sobre o recurso federal: Painel de transfer&ecirc;ncias abertas da Plataforma + Brasil<\/a><\/b><br \/>\n<b id=\"docs-internal-guid-792282a9-7fff-1c3d-3716-95c9fa30a6ff\">Oradora: Patricia Paiva<\/b><\/p>\n<p dir=\"ltr\"><b id=\"docs-internal-guid-792282a9-7fff-1c3d-3716-95c9fa30a6ff\">15\/05 &#8211; <a href=\"http:\/\/goias.zoom.us\/webinar\/register\/WN_UKVMOPaoSryQle8Adx3fAw\" target=\"_blank\" rel=\"noopener\">Inova&ccedil;&atilde;o no sistema de transfer&ecirc;ncia da Uni&atilde;o: Integra&ccedil;&atilde;o dos Sistemas de Compras Eletr&ocirc;nicas &agrave; Plataforma + Brasil<\/a><\/b><br \/>\n<b id=\"docs-internal-guid-792282a9-7fff-1c3d-3716-95c9fa30a6ff\">Orador: Jos&eacute; Antonio de Aguiar Neto<\/b><\/p>\n<p dir=\"ltr\"><b id=\"docs-internal-guid-792282a9-7fff-1c3d-3716-95c9fa30a6ff\">Dia 19\/05 &#8211;&nbsp;<a href=\"http:\/\/goias.zoom.us\/webinar\/register\/WN_UDcIC-x1TDuXga5GWjJI4g\" target=\"_blank\" rel=\"noopener\">Trabalho em rede: A import&acirc;ncia da atua&ccedil;&atilde;o colaborativa para o sucesso dos projetos de capta&ccedil;&atilde;o<\/a><\/b><br \/>\n<b id=\"docs-internal-guid-792282a9-7fff-1c3d-3716-95c9fa30a6ff\">Oradora: Danielle Gomes<\/b><\/p>\n<p dir=\"ltr\">&nbsp;<\/p>\n","protected":false},"excerpt":{"rendered":"<p>Maratona do Conhecimento SGG Promover a troca de informa&ccedil;&otilde;es e estimular o desenvolvimento da gest&atilde;o e seus servidores:&nbsp; com esses objetivos surgiu a iniciativa &ldquo;Maratona do Conhecimento&rdquo;. A SGG compreende que a colabora&ccedil;&atilde;o entre seus especialistas e as equipes de projetos dos &oacute;rg&atilde;os da administra&ccedil;&atilde;o estadual &eacute; a chave para projetos bem-sucedidos. Por isso, adota [&hellip;]<\/p>\n","protected":false},"author":51,"featured_media":7490,"comment_status":"closed","ping_status":"open","sticky":false,"template":"","format":"standard","meta":{"footnotes":"","_links_to":"","_links_to_target":""},"categories":[383],"tags":[],"class_list":["post-7492","post","type-post","status-publish","format-standard","has-post-thumbnail","hentry","category-noticias"],"rttpg_featured_image_url":{"full":["https:\/\/goias.gov.br\/governo\/wp-content\/uploads\/sites\/11\/2020\/04\/Captura_de_Tela_2020-04-18_as_125451-c71.png",1234,1268,false],"landscape":["https:\/\/goias.gov.br\/governo\/wp-content\/uploads\/sites\/11\/2020\/04\/Captura_de_Tela_2020-04-18_as_125451-c71.png",1234,1268,false],"portraits":["https:\/\/goias.gov.br\/governo\/wp-content\/uploads\/sites\/11\/2020\/04\/Captura_de_Tela_2020-04-18_as_125451-c71.png",1234,1268,false],"thumbnail":["https:\/\/goias.gov.br\/governo\/wp-content\/uploads\/sites\/11\/2020\/04\/Captura_de_Tela_2020-04-18_as_125451-c71-150x150.png",150,150,true],"medium":["https:\/\/goias.gov.br\/governo\/wp-content\/uploads\/sites\/11\/2020\/04\/Captura_de_Tela_2020-04-18_as_125451-c71-292x300.png",292,300,true],"large":["https:\/\/goias.gov.br\/governo\/wp-content\/uploads\/sites\/11\/2020\/04\/Captura_de_Tela_2020-04-18_as_125451-c71-997x1024.png",997,1024,true],"1536x1536":["https:\/\/goias.gov.br\/governo\/wp-content\/uploads\/sites\/11\/2020\/04\/Captura_de_Tela_2020-04-18_as_125451-c71.png",1234,1268,false],"2048x2048":["https:\/\/goias.gov.br\/governo\/wp-content\/uploads\/sites\/11\/2020\/04\/Captura_de_Tela_2020-04-18_as_125451-c71.png",1234,1268,false]},"rttpg_author":{"display_name":"petrasdavid","author_link":"https:\/\/goias.gov.br\/governo\/author\/petrasdavid\/"},"rttpg_comment":0,"rttpg_category":"<a href=\"https:\/\/goias.gov.br\/governo\/categoria\/noticias\/\" rel=\"category tag\">Not\u00edcias<\/a>","rttpg_excerpt":"Maratona do Conhecimento SGG Promover a troca de informa&ccedil;&otilde;es e estimular o desenvolvimento da gest&atilde;o e seus servidores:&nbsp; com esses objetivos surgiu a iniciativa &ldquo;Maratona do Conhecimento&rdquo;. A SGG compreende que a colabora&ccedil;&atilde;o entre seus especialistas e as equipes de projetos dos &oacute;rg&atilde;os da administra&ccedil;&atilde;o estadual &eacute; a chave para projetos bem-sucedidos. Por isso, adota&hellip;","_links":{"self":[{"href":"https:\/\/goias.gov.br\/governo\/wp-json\/wp\/v2\/posts\/7492","targetHints":{"allow":["GET"]}}],"collection":[{"href":"https:\/\/goias.gov.br\/governo\/wp-json\/wp\/v2\/posts"}],"about":[{"href":"https:\/\/goias.gov.br\/governo\/wp-json\/wp\/v2\/types\/post"}],"author":[{"embeddable":true,"href":"https:\/\/goias.gov.br\/governo\/wp-json\/wp\/v2\/users\/51"}],"replies":[{"embeddable":true,"href":"https:\/\/goias.gov.br\/governo\/wp-json\/wp\/v2\/comments?post=7492"}],"version-history":[{"count":0,"href":"https:\/\/goias.gov.br\/governo\/wp-json\/wp\/v2\/posts\/7492\/revisions"}],"wp:featuredmedia":[{"embeddable":true,"href":"https:\/\/goias.gov.br\/governo\/wp-json\/wp\/v2\/media\/7490"}],"wp:attachment":[{"href":"https:\/\/goias.gov.br\/governo\/wp-json\/wp\/v2\/media?parent=7492"}],"wp:term":[{"taxonomy":"category","embeddable":true,"href":"https:\/\/goias.gov.br\/governo\/wp-json\/wp\/v2\/categories?post=7492"},{"taxonomy":"post_tag","embeddable":true,"href":"https:\/\/goias.gov.br\/governo\/wp-json\/wp\/v2\/tags?post=7492"}],"curies":[{"name":"wp","href":"https:\/\/api.w.org\/{rel}","templated":true}]}}