

{"id":7295,"date":"2019-03-08T15:55:13","date_gmt":"2019-03-08T18:55:13","guid":{"rendered":"https:\/\/siteshom.goias.gov.br\/governo\/brasilia-e-um-pedaco-de-goias-que-precisa-ser-preservado-diz-ibaneis-durante-evento-ao-dia-da-mulher\/"},"modified":"2019-03-08T15:55:13","modified_gmt":"2019-03-08T18:55:13","slug":"brasilia-e-um-pedaco-de-goias-que-precisa-ser-preservado-diz-ibaneis-durante-evento-ao-dia-da-mulher","status":"publish","type":"post","link":"https:\/\/goias.gov.br\/governo\/brasilia-e-um-pedaco-de-goias-que-precisa-ser-preservado-diz-ibaneis-durante-evento-ao-dia-da-mulher\/","title":{"rendered":"\u201cBras\u00edlia \u00e9 um peda\u00e7o de Goi\u00e1s que precisa ser preservado\u201d, diz Ibaneis durante evento ao Dia da Mulher"},"content":{"rendered":"<p><img fetchpriority=\"high\" decoding=\"async\" class=\" size-full wp-image-7294\" src=\"https:\/\/goias.gov.br\/governo\/wp-content\/uploads\/sites\/11\/2019\/03\/IMG_7141-b42-scaled.jpg\" alt=\"\" width=\"2560\" height=\"1920\" srcset=\"https:\/\/goias.gov.br\/governo\/wp-content\/uploads\/sites\/11\/2019\/03\/IMG_7141-b42-scaled.jpg 2560w, https:\/\/goias.gov.br\/governo\/wp-content\/uploads\/sites\/11\/2019\/03\/IMG_7141-b42-300x225.jpg 300w, https:\/\/goias.gov.br\/governo\/wp-content\/uploads\/sites\/11\/2019\/03\/IMG_7141-b42-1024x768.jpg 1024w, https:\/\/goias.gov.br\/governo\/wp-content\/uploads\/sites\/11\/2019\/03\/IMG_7141-b42-768x576.jpg 768w, https:\/\/goias.gov.br\/governo\/wp-content\/uploads\/sites\/11\/2019\/03\/IMG_7141-b42-1536x1152.jpg 1536w, https:\/\/goias.gov.br\/governo\/wp-content\/uploads\/sites\/11\/2019\/03\/IMG_7141-b42-2048x1536.jpg 2048w, https:\/\/goias.gov.br\/governo\/wp-content\/uploads\/sites\/11\/2019\/03\/IMG_7141-b42-600x450.jpg 600w\" sizes=\"(max-width: 2560px) 100vw, 2560px\" \/><\/p>\n","protected":false},"excerpt":{"rendered":"<p>O governador do Distrito Federal Ibaneis Rocha ressaltou a import&acirc;ncia de se manter um di&aacute;logo aberto com o Governo de Goi&aacute;s durante evento realizado nesta sexta-feira, dia 8, no Pal&aacute;cio do Buriti, em comemora&ccedil;&atilde;o ao Dia da Mulher. Na oportunidade, o Governo de Goi&aacute;s foi representado pela chefe de gabinete interina do Escrit&oacute;rio de Representa&ccedil;&atilde;o de Goi&aacute;s no Distrito Federal, Lucyanna Marcella Melo, que ouviu de Ibaneis sobre a necessidade de se fazer um trabalho em conjunto.&nbsp;<\/p>\n<p>&ldquo;Temos muitos problemas para cuidar na nossa regi&atilde;o metropolitana e temos que encarar essas quest&otilde;es com seriedade, porque desagua no Distrito Federal, mas transborda as fronteiras que s&atilde;o co-irm&atilde;s&rdquo;, defendeu, ao ressaltar que a capital do Brasil &ldquo;&eacute; um peda&ccedil;o de Goi&aacute;s que precisa ser preservado&rdquo;.&nbsp;<\/p>\n<p><strong>Dia da Mulher<\/strong><br \/>\nLucyana Marcella participou do evento representando o governador de Goi&aacute;s, Ronaldo Caiado, que cumpria agenda em Goi&acirc;nia. Na oportunidade, O GDF lan&ccedil;ou o programa &ldquo;Sou Mais Mulher&rdquo;, que atrav&eacute;s da parceria entre diversas secretarias e organiza&ccedil;&otilde;es sociais vai realizar diversas atividades de promo&ccedil;&atilde;o da autonomia econ&ocirc;mica das mulheres, buscando o empoderamento feminino e o enfrentamento &agrave; viol&ecirc;ncia.<\/p>\n","protected":false},"author":50,"featured_media":7294,"comment_status":"closed","ping_status":"open","sticky":false,"template":"","format":"standard","meta":{"footnotes":"","_links_to":"","_links_to_target":""},"categories":[383],"tags":[],"class_list":["post-7295","post","type-post","status-publish","format-standard","has-post-thumbnail","hentry","category-noticias"],"rttpg_featured_image_url":{"full":["https:\/\/goias.gov.br\/governo\/wp-content\/uploads\/sites\/11\/2019\/03\/IMG_7141-b42-scaled.jpg",2560,1920,false],"landscape":["https:\/\/goias.gov.br\/governo\/wp-content\/uploads\/sites\/11\/2019\/03\/IMG_7141-b42-scaled.jpg",2560,1920,false],"portraits":["https:\/\/goias.gov.br\/governo\/wp-content\/uploads\/sites\/11\/2019\/03\/IMG_7141-b42-scaled.jpg",2560,1920,false],"thumbnail":["https:\/\/goias.gov.br\/governo\/wp-content\/uploads\/sites\/11\/2019\/03\/IMG_7141-b42-150x150.jpg",150,150,true],"medium":["https:\/\/goias.gov.br\/governo\/wp-content\/uploads\/sites\/11\/2019\/03\/IMG_7141-b42-300x225.jpg",300,225,true],"large":["https:\/\/goias.gov.br\/governo\/wp-content\/uploads\/sites\/11\/2019\/03\/IMG_7141-b42-1024x768.jpg",1024,768,true],"1536x1536":["https:\/\/goias.gov.br\/governo\/wp-content\/uploads\/sites\/11\/2019\/03\/IMG_7141-b42-1536x1152.jpg",1536,1152,true],"2048x2048":["https:\/\/goias.gov.br\/governo\/wp-content\/uploads\/sites\/11\/2019\/03\/IMG_7141-b42-2048x1536.jpg",2048,1536,true]},"rttpg_author":{"display_name":"julianacpereira","author_link":"https:\/\/goias.gov.br\/governo\/author\/julianacpereira\/"},"rttpg_comment":0,"rttpg_category":"<a href=\"https:\/\/goias.gov.br\/governo\/categoria\/noticias\/\" rel=\"category tag\">Not\u00edcias<\/a>","rttpg_excerpt":"O governador do Distrito Federal Ibaneis Rocha ressaltou a import&acirc;ncia de se manter um di&aacute;logo aberto com o Governo de Goi&aacute;s durante evento realizado nesta sexta-feira, dia 8, no Pal&aacute;cio do Buriti, em comemora&ccedil;&atilde;o ao Dia da Mulher. Na oportunidade, o Governo de Goi&aacute;s foi representado pela chefe de gabinete interina do Escrit&oacute;rio de Representa&ccedil;&atilde;o&hellip;","_links":{"self":[{"href":"https:\/\/goias.gov.br\/governo\/wp-json\/wp\/v2\/posts\/7295","targetHints":{"allow":["GET"]}}],"collection":[{"href":"https:\/\/goias.gov.br\/governo\/wp-json\/wp\/v2\/posts"}],"about":[{"href":"https:\/\/goias.gov.br\/governo\/wp-json\/wp\/v2\/types\/post"}],"author":[{"embeddable":true,"href":"https:\/\/goias.gov.br\/governo\/wp-json\/wp\/v2\/users\/50"}],"replies":[{"embeddable":true,"href":"https:\/\/goias.gov.br\/governo\/wp-json\/wp\/v2\/comments?post=7295"}],"version-history":[{"count":0,"href":"https:\/\/goias.gov.br\/governo\/wp-json\/wp\/v2\/posts\/7295\/revisions"}],"wp:featuredmedia":[{"embeddable":true,"href":"https:\/\/goias.gov.br\/governo\/wp-json\/wp\/v2\/media\/7294"}],"wp:attachment":[{"href":"https:\/\/goias.gov.br\/governo\/wp-json\/wp\/v2\/media?parent=7295"}],"wp:term":[{"taxonomy":"category","embeddable":true,"href":"https:\/\/goias.gov.br\/governo\/wp-json\/wp\/v2\/categories?post=7295"},{"taxonomy":"post_tag","embeddable":true,"href":"https:\/\/goias.gov.br\/governo\/wp-json\/wp\/v2\/tags?post=7295"}],"curies":[{"name":"wp","href":"https:\/\/api.w.org\/{rel}","templated":true}]}}