

{"id":7238,"date":"2014-02-04T08:02:38","date_gmt":"2014-02-04T10:02:38","guid":{"rendered":"https:\/\/siteshom.goias.gov.br\/governo\/workshop-de-capacitacao-de-gestores-no-fnd\/"},"modified":"2014-02-04T08:02:38","modified_gmt":"2014-02-04T10:02:38","slug":"workshop-de-capacitacao-de-gestores-no-fnd","status":"publish","type":"post","link":"https:\/\/goias.gov.br\/governo\/workshop-de-capacitacao-de-gestores-no-fnd\/","title":{"rendered":"Workshop de capacita\u00e7\u00e3o de gestores no FNDE"},"content":{"rendered":"<p><img fetchpriority=\"high\" decoding=\"async\" class=\" size-full wp-image-7237\" src=\"https:\/\/goias.gov.br\/governo\/wp-content\/uploads\/sites\/11\/2014\/02\/7-9f4.jpg\" alt=\"Representa\u00e7\u00e3o de Goi\u00e1s\" width=\"840\" height=\"557\" srcset=\"https:\/\/goias.gov.br\/governo\/wp-content\/uploads\/sites\/11\/2014\/02\/7-9f4.jpg 840w, https:\/\/goias.gov.br\/governo\/wp-content\/uploads\/sites\/11\/2014\/02\/7-9f4-300x199.jpg 300w, https:\/\/goias.gov.br\/governo\/wp-content\/uploads\/sites\/11\/2014\/02\/7-9f4-768x509.jpg 768w\" sizes=\"(max-width: 840px) 100vw, 840px\" \/><\/p>\n","protected":false},"excerpt":{"rendered":"<p><!DOCTYPE html PUBLIC \"-\/\/W3C\/\/DTD HTML 4.0 Transitional\/\/EN\" \"http:\/\/www.w3.org\/TR\/REC-html40\/loose.dtd\"><br \/>\n<html><body><\/p>\n<p style=\"text-align: justify;\"><span style=\"font-size: 10px;\">A Representa&ccedil;&atilde;o do Governo de Goi&aacute;s no Distrito Federal, por meio de seu secret&aacute;rio Andr&eacute; Clemente, em parceria com o senador Gim Argello, promove nos dias 03 e 04 de fevereiro de 2014, <em>workshop <\/em>de capacita&ccedil;&atilde;o presencial sobre presta&ccedil;&atilde;o de contas online.<\/span><\/p>\n<p style=\"text-align: justify;\"><span style=\"font-size: 10px;\">A palestra ocorre no Fundo de Desenvolvimento da Educa&ccedil;&atilde;o (FNDE), com t&eacute;cnicos da Casa, com o intuito de esclarecer d&uacute;vidas dos agentes respons&aacute;veis pela inclus&atilde;o de dados no Sistema do FNDE, para evitar bloqueios de recursos por conta de erros no processo. <\/span><\/p>\n<p style=\"text-align: justify;\"><span style=\"font-size: 10px;\">O FNDE &eacute; respons&aacute;vel por transferir recursos para apoiar estados e munic&iacute;pios no financiamento da educa&ccedil;&atilde;o b&aacute;sica p&uacute;blica. Os gestores educacionais em todo o pa&iacute;s t&ecirc;m a obriga&ccedil;&atilde;o de prestar contas sobre a correta aplica&ccedil;&atilde;o do dinheiro recebido pelos diversos programas da autarquia, como o Programa Nacional de Alimenta&ccedil;&atilde;o Escolar (Pnae), o Programa Dinheiro Direto na Escola (PDDE) e o Programa Nacional de Apoio ao Transporte do Escolar (Pnate). <\/span><span style=\"font-size: 10px;\">A presta&ccedil;&atilde;o de contas &eacute; obrigat&oacute;ria e feita no Sistema de Gest&atilde;o de Presta&ccedil;&atilde;o de Contas (SiGPC). Al&eacute;m disso, &eacute; a base da transpar&ecirc;ncia e do controle social, indispens&aacute;veis ao acompanhamento dos atos de agentes e administradores p&uacute;blicos.<\/span><\/p>\n<p style=\"text-align: justify;\"><span style=\"font-size: 10px;\">Est&atilde;o presentes ao evento, prefeitos do Entorno (Regi&atilde;o Metropolitana do Distrito Federal) e agentes respons&aacute;veis pela educa&ccedil;&atilde;o no munic&iacute;pio.<\/span><\/p>\n<p><\/body><\/html><\/p>\n","protected":false},"author":1,"featured_media":7237,"comment_status":"closed","ping_status":"open","sticky":false,"template":"","format":"standard","meta":{"footnotes":"","_links_to":"","_links_to_target":""},"categories":[383],"tags":[],"class_list":["post-7238","post","type-post","status-publish","format-standard","has-post-thumbnail","hentry","category-noticias"],"rttpg_featured_image_url":{"full":["https:\/\/goias.gov.br\/governo\/wp-content\/uploads\/sites\/11\/2014\/02\/7-9f4.jpg",840,557,false],"landscape":["https:\/\/goias.gov.br\/governo\/wp-content\/uploads\/sites\/11\/2014\/02\/7-9f4.jpg",840,557,false],"portraits":["https:\/\/goias.gov.br\/governo\/wp-content\/uploads\/sites\/11\/2014\/02\/7-9f4.jpg",840,557,false],"thumbnail":["https:\/\/goias.gov.br\/governo\/wp-content\/uploads\/sites\/11\/2014\/02\/7-9f4-150x150.jpg",150,150,true],"medium":["https:\/\/goias.gov.br\/governo\/wp-content\/uploads\/sites\/11\/2014\/02\/7-9f4-300x199.jpg",300,199,true],"large":["https:\/\/goias.gov.br\/governo\/wp-content\/uploads\/sites\/11\/2014\/02\/7-9f4.jpg",840,557,false],"1536x1536":["https:\/\/goias.gov.br\/governo\/wp-content\/uploads\/sites\/11\/2014\/02\/7-9f4.jpg",840,557,false],"2048x2048":["https:\/\/goias.gov.br\/governo\/wp-content\/uploads\/sites\/11\/2014\/02\/7-9f4.jpg",840,557,false]},"rttpg_author":{"display_name":"wagner.viana","author_link":"https:\/\/goias.gov.br\/governo\/author\/wagner-viana\/"},"rttpg_comment":0,"rttpg_category":"<a href=\"https:\/\/goias.gov.br\/governo\/categoria\/noticias\/\" rel=\"category tag\">Not\u00edcias<\/a>","rttpg_excerpt":"A Representa&ccedil;&atilde;o do Governo de Goi&aacute;s no Distrito Federal, por meio de seu secret&aacute;rio Andr&eacute; Clemente, em parceria com o senador Gim Argello, promove nos dias 03 e 04 de fevereiro de 2014, workshop de capacita&ccedil;&atilde;o presencial sobre presta&ccedil;&atilde;o de contas online. A palestra ocorre no Fundo de Desenvolvimento da Educa&ccedil;&atilde;o (FNDE), com t&eacute;cnicos da&hellip;","_links":{"self":[{"href":"https:\/\/goias.gov.br\/governo\/wp-json\/wp\/v2\/posts\/7238","targetHints":{"allow":["GET"]}}],"collection":[{"href":"https:\/\/goias.gov.br\/governo\/wp-json\/wp\/v2\/posts"}],"about":[{"href":"https:\/\/goias.gov.br\/governo\/wp-json\/wp\/v2\/types\/post"}],"author":[{"embeddable":true,"href":"https:\/\/goias.gov.br\/governo\/wp-json\/wp\/v2\/users\/1"}],"replies":[{"embeddable":true,"href":"https:\/\/goias.gov.br\/governo\/wp-json\/wp\/v2\/comments?post=7238"}],"version-history":[{"count":0,"href":"https:\/\/goias.gov.br\/governo\/wp-json\/wp\/v2\/posts\/7238\/revisions"}],"wp:featuredmedia":[{"embeddable":true,"href":"https:\/\/goias.gov.br\/governo\/wp-json\/wp\/v2\/media\/7237"}],"wp:attachment":[{"href":"https:\/\/goias.gov.br\/governo\/wp-json\/wp\/v2\/media?parent=7238"}],"wp:term":[{"taxonomy":"category","embeddable":true,"href":"https:\/\/goias.gov.br\/governo\/wp-json\/wp\/v2\/categories?post=7238"},{"taxonomy":"post_tag","embeddable":true,"href":"https:\/\/goias.gov.br\/governo\/wp-json\/wp\/v2\/tags?post=7238"}],"curies":[{"name":"wp","href":"https:\/\/api.w.org\/{rel}","templated":true}]}}