

{"id":7225,"date":"2013-09-30T12:09:56","date_gmt":"2013-09-30T15:09:56","guid":{"rendered":"https:\/\/siteshom.goias.gov.br\/governo\/programacao-para-a-14o-edicao-do-canto-da-primavera-em-pire\/"},"modified":"2013-09-30T12:09:56","modified_gmt":"2013-09-30T15:09:56","slug":"programacao-para-a-14o-edicao-do-canto-da-primavera-em-pire","status":"publish","type":"post","link":"https:\/\/goias.gov.br\/governo\/programacao-para-a-14o-edicao-do-canto-da-primavera-em-pire\/","title":{"rendered":"Programa\u00e7\u00e3o para a 14\u00ba edi\u00e7\u00e3o do Canto da Primavera em Piren\u00f3polis"},"content":{"rendered":"<p><img fetchpriority=\"high\" decoding=\"async\" class=\" size-full wp-image-7224\" src=\"https:\/\/goias.gov.br\/governo\/wp-content\/uploads\/sites\/11\/2013\/09\/gilberto-gil1-784.jpg\" alt=\"Secult\" width=\"831\" height=\"614\" srcset=\"https:\/\/goias.gov.br\/governo\/wp-content\/uploads\/sites\/11\/2013\/09\/gilberto-gil1-784.jpg 831w, https:\/\/goias.gov.br\/governo\/wp-content\/uploads\/sites\/11\/2013\/09\/gilberto-gil1-784-300x222.jpg 300w, https:\/\/goias.gov.br\/governo\/wp-content\/uploads\/sites\/11\/2013\/09\/gilberto-gil1-784-768x567.jpg 768w\" sizes=\"(max-width: 831px) 100vw, 831px\" \/><\/p>\n","protected":false},"excerpt":{"rendered":"<p><!DOCTYPE html PUBLIC \"-\/\/W3C\/\/DTD HTML 4.0 Transitional\/\/EN\" \"http:\/\/www.w3.org\/TR\/REC-html40\/loose.dtd\"><br \/>\n<html><body><\/p>\n<p dir=\"rtl\">&nbsp;<\/p>\n<p dir=\"rtl\">&nbsp;<\/p>\n<p>A 14&ordf; edi&ccedil;&atilde;o do Canto da Primavera, que ser&aacute; realizada de 6 a 10 de novembro, em Piren&oacute;polis, ter&aacute; seis atra&ccedil;&otilde;es nacionais e uma internacional, al&eacute;m dos 30 artistas goianos escolhidos por meio de curadoria independente. O grande destaque do festival neste ano &eacute; o cantor e compositor Gilberto Gil, que se apresenta no dia 8 de novembro, ap&oacute;s o show do rapper Emicida. No dia 9, as apresenta&ccedil;&otilde;es principais ficar&atilde;o por conta da atra&ccedil;&atilde;o internacional The Legendary Tigerman e da cantora e compositora carioca Fernanda Abreu. O violonista Gilvan de Oliveira se apresenta no dia 7 e a musicista Virg&iacute;nia Rodrigues abre o evento no dia 6.&nbsp;<\/p>\n<p>O&nbsp;<em>Canto 2013<\/em>&nbsp;ganhar&aacute; mais uma atra&ccedil;&atilde;o nacional al&eacute;m das j&aacute; anunciadas para este ano. Quem completa a lista de destaques do evento &eacute; C&eacute;u, cantora e compositora paulista que se consagrou como revela&ccedil;&atilde;o da chamada nova MPB. C&eacute;u iniciou carreira em 2002 com um trabalho musical que envolve influ&ecirc;ncias tanto de m&uacute;sica popular brasileira, como o samba, quanto de jazz, blues, hip hop e afrobeat. O show da cantora ser&aacute; no encerramento do festival, no dia 10. O&nbsp;<em>Canto da Primavera<\/em>&nbsp;tem como tema&nbsp;<em>A m&uacute;sica no cora&ccedil;&atilde;o do Brasil em conex&atilde;o com o mundo<\/em>.<\/p>\n<p><strong>Programa&ccedil;&atilde;o<\/strong><br \/>* Quarta-feira, 6 de novembro<br \/>Teatro Sebasti&atilde;o Pompeu de Pina<br \/>19h Bebel Roriz<br \/>20h30 Virg&iacute;nia Rodrigues (BA)<\/p>\n<p>Cine Pirineus<br \/>19h45 Dani Fran&ccedil;a<br \/>21h30 D&eacute;bora di S&aacute;<br \/>23h Arawaks<\/p>\n<p>* Quinta-feira, 7 de novembro<br \/>Teatro Sebasti&atilde;o Pompeu de Pina<br \/>19h Bruno Rejan Quinteto<br \/>20h Valter Mustaf&eacute;<br \/>22h Gilvan de Oliveira (MG)<\/p>\n<p>Cine Pirineus<br \/>19h45 A Tropa H2<br \/>21h15 Relatos da Leste<br \/>23h S&atilde;-Consci&ecirc;ncia<\/p>\n<p>* Sexta-feira, 8 de novembro<br \/>Teatro Sebasti&atilde;o Pompeu de Pina<br \/>19h Manass&eacute;s Arag&atilde;o<br \/>20h30 Regional do Ciranda<br \/>22h La&eacute;rcio Correntina e Banda. Participa&ccedil;&atilde;o: Chico Chagas<\/p>\n<p>Cine Pirineus<br \/>19h45 Mc Murcego<br \/>21h15 Em&iacute;dio Queiroz e Banda Excalibur<br \/>22h45 TonZ&ecirc;ra<\/p>\n<p>Campo das Cavalhadas<br \/>21h Emicida (SP)<br \/>22h30 Gilberto Gil (BA)<br \/>Intervalos: DJ Daniel de Melo<\/p>\n<p>* S&aacute;bado, 9 de novembro<br \/>Teatro Sebasti&atilde;o Pompeu de Pina<br \/>19h Geraldo Pessoa e Banda Maracangaia<br \/>20h30 Com a Corda Toda<br \/>22h Chico Aafa<\/p>\n<p>Cine Pirineus<br \/>19h45 Girlie Hell<br \/>21h15 Mad Matters<br \/>22h45 Difaffection<\/p>\n<p>Campo das Cavalhadas<br \/>21h Favela S\/A<br \/>22h Nila Branco<br \/>23h20 The Legendary Tigerman (Portugal)<br \/>00h20 Fernanda Abreu (RJ)<br \/>Intervalos: DJ Gummy de Juicerman<\/p>\n<p>* Domingo, 10 de novembro<br \/>Cine Pirineus<br \/>17h45 Vish Maria<br \/>18h45 Dom Casamata e a Comunidade<br \/>19h45 Cherry Devil<br \/>20h45 Lust for Sexxx<\/p>\n<p>Largo da Rua do Ros&aacute;rio<br \/>17h Niela<br \/>18h Passarinhos do Cerrado<br \/>20h Cristiane Pern&eacute;<br \/>21h C&eacute;u (SP)<br \/>Intervalos: DJ Maur&iacute;cio Mota<\/p>\n<p>Fonte: Secult<\/p>\n<p dir=\"rtl\">&nbsp;<\/p>\n<p><\/body><\/html><\/p>\n","protected":false},"author":1,"featured_media":7223,"comment_status":"closed","ping_status":"open","sticky":false,"template":"","format":"standard","meta":{"footnotes":"","_links_to":"","_links_to_target":""},"categories":[383],"tags":[],"class_list":["post-7225","post","type-post","status-publish","format-standard","has-post-thumbnail","hentry","category-noticias"],"rttpg_featured_image_url":{"full":["https:\/\/goias.gov.br\/governo\/wp-content\/uploads\/sites\/11\/2013\/09\/ceu-4a2.jpg",1024,685,false],"landscape":["https:\/\/goias.gov.br\/governo\/wp-content\/uploads\/sites\/11\/2013\/09\/ceu-4a2.jpg",1024,685,false],"portraits":["https:\/\/goias.gov.br\/governo\/wp-content\/uploads\/sites\/11\/2013\/09\/ceu-4a2.jpg",1024,685,false],"thumbnail":["https:\/\/goias.gov.br\/governo\/wp-content\/uploads\/sites\/11\/2013\/09\/ceu-4a2-150x150.jpg",150,150,true],"medium":["https:\/\/goias.gov.br\/governo\/wp-content\/uploads\/sites\/11\/2013\/09\/ceu-4a2-300x201.jpg",300,201,true],"large":["https:\/\/goias.gov.br\/governo\/wp-content\/uploads\/sites\/11\/2013\/09\/ceu-4a2.jpg",1024,685,false],"1536x1536":["https:\/\/goias.gov.br\/governo\/wp-content\/uploads\/sites\/11\/2013\/09\/ceu-4a2.jpg",1024,685,false],"2048x2048":["https:\/\/goias.gov.br\/governo\/wp-content\/uploads\/sites\/11\/2013\/09\/ceu-4a2.jpg",1024,685,false]},"rttpg_author":{"display_name":"wagner.viana","author_link":"https:\/\/goias.gov.br\/governo\/author\/wagner-viana\/"},"rttpg_comment":0,"rttpg_category":"<a href=\"https:\/\/goias.gov.br\/governo\/categoria\/noticias\/\" rel=\"category tag\">Not\u00edcias<\/a>","rttpg_excerpt":"&nbsp; &nbsp; A 14&ordf; edi&ccedil;&atilde;o do Canto da Primavera, que ser&aacute; realizada de 6 a 10 de novembro, em Piren&oacute;polis, ter&aacute; seis atra&ccedil;&otilde;es nacionais e uma internacional, al&eacute;m dos 30 artistas goianos escolhidos por meio de curadoria independente. O grande destaque do festival neste ano &eacute; o cantor e compositor Gilberto Gil, que se apresenta&hellip;","_links":{"self":[{"href":"https:\/\/goias.gov.br\/governo\/wp-json\/wp\/v2\/posts\/7225","targetHints":{"allow":["GET"]}}],"collection":[{"href":"https:\/\/goias.gov.br\/governo\/wp-json\/wp\/v2\/posts"}],"about":[{"href":"https:\/\/goias.gov.br\/governo\/wp-json\/wp\/v2\/types\/post"}],"author":[{"embeddable":true,"href":"https:\/\/goias.gov.br\/governo\/wp-json\/wp\/v2\/users\/1"}],"replies":[{"embeddable":true,"href":"https:\/\/goias.gov.br\/governo\/wp-json\/wp\/v2\/comments?post=7225"}],"version-history":[{"count":0,"href":"https:\/\/goias.gov.br\/governo\/wp-json\/wp\/v2\/posts\/7225\/revisions"}],"wp:featuredmedia":[{"embeddable":true,"href":"https:\/\/goias.gov.br\/governo\/wp-json\/wp\/v2\/media\/7223"}],"wp:attachment":[{"href":"https:\/\/goias.gov.br\/governo\/wp-json\/wp\/v2\/media?parent=7225"}],"wp:term":[{"taxonomy":"category","embeddable":true,"href":"https:\/\/goias.gov.br\/governo\/wp-json\/wp\/v2\/categories?post=7225"},{"taxonomy":"post_tag","embeddable":true,"href":"https:\/\/goias.gov.br\/governo\/wp-json\/wp\/v2\/tags?post=7225"}],"curies":[{"name":"wp","href":"https:\/\/api.w.org\/{rel}","templated":true}]}}