

{"id":7213,"date":"2013-09-03T10:09:07","date_gmt":"2013-09-03T13:09:07","guid":{"rendered":"https:\/\/siteshom.goias.gov.br\/governo\/goias-firma-parceria-com-onu-para-modernizacao-da-gestao-publica\/"},"modified":"2013-09-03T10:09:07","modified_gmt":"2013-09-03T13:09:07","slug":"goias-firma-parceria-com-onu-para-modernizacao-da-gestao-publica","status":"publish","type":"post","link":"https:\/\/goias.gov.br\/governo\/goias-firma-parceria-com-onu-para-modernizacao-da-gestao-publica\/","title":{"rendered":"Goi\u00e1s firma parceria com ONU para moderniza\u00e7\u00e3o da gest\u00e3o p\u00fablica"},"content":{"rendered":"<p><!DOCTYPE html PUBLIC \"-\/\/W3C\/\/DTD HTML 4.0 Transitional\/\/EN\" \"http:\/\/www.w3.org\/TR\/REC-html40\/loose.dtd\"><br \/>\n<html><body><\/p>\n<p style=\"text-align: justify;\">O governador Marconi Perillo e o chefe-geral da Organiza&ccedil;&atilde;o das Na&ccedil;&otilde;es Unidas (ONU) no Brasil, Jorge Chediek, assinaram nesta segunda-feira (02\/09) um memorando de entendimento estabelecendo parcerias entre a ONU e o Estado de Goi&aacute;s. Os entendimentos come&ccedil;aram h&aacute; quase um ano, quando representantes da ONU se reuniram com o governador e discutiram o interesse de uni&atilde;o pela moderniza&ccedil;&atilde;o da gest&atilde;o p&uacute;blica, otimiza&ccedil;&atilde;o de redes institucionais, de recursos humanos para colabora&ccedil;&atilde;o em programas e projetos para o resgate de goianos que vivem no exterior.<\/p>\n<p>O documento assinado estabelece coopera&ccedil;&atilde;o da ONU com Goi&aacute;s por meio do Programa das Na&ccedil;&otilde;es Unidas para o Desenvolvimento (Pnud). Determina, entre outros itens: promo&ccedil;&atilde;o do desenvolvimento humano sustent&aacute;vel, inclus&atilde;o produtiva, otimiza&ccedil;&atilde;o dos recursos humanos e financeiros e suporte institucional ao Projeto Andorinhas &ndash; Migrante Empreendedor. A proposta desse programa &eacute; promover condi&ccedil;&otilde;es de trabalho e acesso &agrave;s linhas de cr&eacute;dito dos estados para que as pessoas que foram morar em outros pa&iacute;ses possam retornar &agrave; sua origem com a garantia de que ter&atilde;o subs&iacute;dios para se preparar para o mercado de trabalho. O projeto conta com as parcerias do Minist&eacute;rio das Rela&ccedil;&otilde;es Exteriores, Sebrae Goi&aacute;s e Banco do Brasil.&nbsp;<\/p>\n<p>A Secretaria de Gest&atilde;o e Planejamento (Segplan) &eacute; o &oacute;rg&atilde;o do Governo que est&aacute; trabalhando com o PNUD projetos de coopera&ccedil;&atilde;o focados na estrat&eacute;gia de promover a moderniza&ccedil;&atilde;o da gest&atilde;o p&uacute;blica estadual. Sob a coordena&ccedil;&atilde;o da Superintend&ecirc;ncia Central de Planejamento da Segplan, os projetos buscam a otimiza&ccedil;&atilde;o na aplica&ccedil;&atilde;o dos recursos existentes e uma melhor presta&ccedil;&atilde;o de servi&ccedil;os &agrave; popula&ccedil;&atilde;o, al&eacute;m de atuar na coordena&ccedil;&atilde;o e otimiza&ccedil;&atilde;o do uso de redes institucionais e recursos humanos e financeiros para formula&ccedil;&atilde;o, implementa&ccedil;&atilde;o e colabora&ccedil;&atilde;o conjunta em programas, projetos e iniciativas de m&uacute;tuo interesse, que permitam inclusive a parceria e o financiamento pelo setor privado.<\/p>\n<p style=\"text-align: justify;\">FONTE:SEGPLAN.<\/p>\n<p><\/body><\/html><\/p>\n","protected":false},"excerpt":{"rendered":"<p>O governador Marconi Perillo e o chefe-geral da Organiza&ccedil;&atilde;o das Na&ccedil;&otilde;es Unidas (ONU) no Brasil, Jorge Chediek, assinaram nesta segunda-feira (02\/09) um memorando de entendimento estabelecendo parcerias entre a ONU e o Estado de Goi&aacute;s. Os entendimentos come&ccedil;aram h&aacute; quase um ano, quando representantes da ONU se reuniram com o governador e discutiram o interesse [&hellip;]<\/p>\n","protected":false},"author":1,"featured_media":0,"comment_status":"closed","ping_status":"open","sticky":false,"template":"","format":"standard","meta":{"footnotes":"","_links_to":"","_links_to_target":""},"categories":[383],"tags":[],"class_list":["post-7213","post","type-post","status-publish","format-standard","hentry","category-noticias"],"rttpg_featured_image_url":null,"rttpg_author":{"display_name":"wagner.viana","author_link":"https:\/\/goias.gov.br\/governo\/author\/wagner-viana\/"},"rttpg_comment":0,"rttpg_category":"<a href=\"https:\/\/goias.gov.br\/governo\/categoria\/noticias\/\" rel=\"category tag\">Not\u00edcias<\/a>","rttpg_excerpt":"O governador Marconi Perillo e o chefe-geral da Organiza&ccedil;&atilde;o das Na&ccedil;&otilde;es Unidas (ONU) no Brasil, Jorge Chediek, assinaram nesta segunda-feira (02\/09) um memorando de entendimento estabelecendo parcerias entre a ONU e o Estado de Goi&aacute;s. Os entendimentos come&ccedil;aram h&aacute; quase um ano, quando representantes da ONU se reuniram com o governador e discutiram o interesse&hellip;","_links":{"self":[{"href":"https:\/\/goias.gov.br\/governo\/wp-json\/wp\/v2\/posts\/7213","targetHints":{"allow":["GET"]}}],"collection":[{"href":"https:\/\/goias.gov.br\/governo\/wp-json\/wp\/v2\/posts"}],"about":[{"href":"https:\/\/goias.gov.br\/governo\/wp-json\/wp\/v2\/types\/post"}],"author":[{"embeddable":true,"href":"https:\/\/goias.gov.br\/governo\/wp-json\/wp\/v2\/users\/1"}],"replies":[{"embeddable":true,"href":"https:\/\/goias.gov.br\/governo\/wp-json\/wp\/v2\/comments?post=7213"}],"version-history":[{"count":0,"href":"https:\/\/goias.gov.br\/governo\/wp-json\/wp\/v2\/posts\/7213\/revisions"}],"wp:attachment":[{"href":"https:\/\/goias.gov.br\/governo\/wp-json\/wp\/v2\/media?parent=7213"}],"wp:term":[{"taxonomy":"category","embeddable":true,"href":"https:\/\/goias.gov.br\/governo\/wp-json\/wp\/v2\/categories?post=7213"},{"taxonomy":"post_tag","embeddable":true,"href":"https:\/\/goias.gov.br\/governo\/wp-json\/wp\/v2\/tags?post=7213"}],"curies":[{"name":"wp","href":"https:\/\/api.w.org\/{rel}","templated":true}]}}