

{"id":7010,"date":"2015-12-01T07:12:15","date_gmt":"2015-12-01T09:12:15","guid":{"rendered":"https:\/\/siteshom.goias.gov.br\/governo\/desestatizacao-da-celg-d-e-discutida-em-brasilia\/"},"modified":"2015-12-01T07:12:15","modified_gmt":"2015-12-01T09:12:15","slug":"desestatizacao-da-celg-d-e-discutida-em-brasilia","status":"publish","type":"post","link":"https:\/\/goias.gov.br\/governo\/desestatizacao-da-celg-d-e-discutida-em-brasilia\/","title":{"rendered":"Desestatiza\u00e7\u00e3o da Celg D \u00e9 discutida em Bras\u00edlia"},"content":{"rendered":"<p><!DOCTYPE html PUBLIC \"-\/\/W3C\/\/DTD HTML 4.0 Transitional\/\/EN\" \"http:\/\/www.w3.org\/TR\/REC-html40\/loose.dtd\"><br \/>\n<html><body><\/p>\n<p>O governador Marconi Perillo se reuniu nesta quarta-feira, dia 25, em Bras&iacute;lia, com o ministro de Minas e Energia, Eduardo Braga, para discutir a desestatiza&ccedil;&atilde;o da Celg D. A conversa, no gabinete do ministro, teve a participa&ccedil;&atilde;o dos secret&aacute;rios Vilmar Rocha (Secima), Ana Carla Abr&atilde;o (Fazenda) e do vice-presidente da Celg D, Elie Chidiac. Segundo o governador, o encontro foi uma oportunidade para discutir as etapas j&aacute; definidas, as perspectivas do mercado e os pretensos compradores. A expectativa &eacute; de que o leil&atilde;o seja realizado no primeiro trimestre de 2016.<\/p>\n<p>Uma nova defini&ccedil;&atilde;o do novo calend&aacute;rio de desestatiza&ccedil;&atilde;o deve sair ainda nesta quarta-feira, em reuni&atilde;o do Comit&ecirc; Executivo de Privatiza&ccedil;&atilde;o, coordenado pelo gestor de privatiza&ccedil;&atilde;o, o BNDES. &ldquo;Na reuni&atilde;o devem ser definidos o detalhamento do novo cronograma, bem como as a&ccedil;&otilde;es que dever&atilde;o ser feitas, como road shows de apresenta&ccedil;&atilde;o da empresa e a defini&ccedil;&atilde;o da nova data do leil&atilde;o&rdquo;, antecipou a secret&aacute;ria Ana Carla.<\/p>\n<p>O leil&atilde;o da Celg D estava previsto inicialmente para ser realizado este m&ecirc;s. Depois, foi adiado para dezembro. O cronograma, segundo Ana Carla, ficou prejudicado por empecilhos burocr&aacute;ticos. Destacou, por&eacute;m, que h&aacute; urg&ecirc;ncia no redesenho do cronograma, bem como da realiza&ccedil;&atilde;o do leil&atilde;o. &ldquo;&Eacute; isso que vamos definir hoje&rdquo;, confia a secret&aacute;ria, que participa do encontro, como representante do Governo de Goi&aacute;s. Fazem parte ainda do comit&ecirc; representantes da Celg D, CelgPar, BNDES, Eletrobr&aacute;s e Minist&eacute;rio de Minas e Energia.<\/p>\n<p><strong>Leil&otilde;es<\/strong><br \/>Ana Carla acredita que a conjuntura &eacute; prop&iacute;cia para que a venda seja bem sucedida. Um bom sinal foram os leil&otilde;es de hidrel&eacute;tricas realizados nesta quarta-feira pela Aneel. &ldquo;Os leil&otilde;es foram um sucesso e isso demonstra para n&oacute;s o apetite do mercado, o que nos d&aacute; a confian&ccedil;a em que o leil&atilde;o da Celg ser&aacute; um grande sucesso, um diferencial&rdquo;, avaliou.<\/p>\n<div id=\"attachment_291131\" class=\"wp-caption alignright\">Com o interesse j&aacute; demonstrado por grandes grupos do setor, Ana Carla acredita que a empresa ser&aacute; bem vendida. Pela resolu&ccedil;&atilde;o de privatiza&ccedil;&atilde;o, o valor m&iacute;nimo da Celg D &eacute; de R$ 5,8 bilh&otilde;es. Outro indicativo positivo, ainda de acordo com a secret&aacute;ria, &eacute; a expans&atilde;o econ&ocirc;mica do Estado, sempre acima da m&eacute;dia nacional. Ela ressaltou que uma venda como a da Celg deve ser analisada com a vis&atilde;o em longo prazo. E, nesse aspecto, o futuro de Goi&aacute;s &eacute; auspicioso. &ldquo;O potencial de Goi&aacute;s &eacute; o grande diferencial para despertar o interesse dos investidores&rdquo;, afirmou.<\/div>\n<p>Mais informa&ccedil;&otilde;es: (62) 3216-4554<br \/><em><strong>Fonte: Goi&aacute;s Agora<\/strong><\/em>&nbsp;<\/p>\n<p><\/body><\/html><\/p>\n","protected":false},"excerpt":{"rendered":"<p>O governador Marconi Perillo se reuniu nesta quarta-feira, dia 25, em Bras&iacute;lia, com o ministro de Minas e Energia, Eduardo Braga, para discutir a desestatiza&ccedil;&atilde;o da Celg D. A conversa, no gabinete do ministro, teve a participa&ccedil;&atilde;o dos secret&aacute;rios Vilmar Rocha (Secima), Ana Carla Abr&atilde;o (Fazenda) e do vice-presidente da Celg D, Elie Chidiac. Segundo [&hellip;]<\/p>\n","protected":false},"author":1,"featured_media":0,"comment_status":"closed","ping_status":"open","sticky":false,"template":"","format":"standard","meta":{"footnotes":"","_links_to":"","_links_to_target":""},"categories":[383],"tags":[],"class_list":["post-7010","post","type-post","status-publish","format-standard","hentry","category-noticias"],"rttpg_featured_image_url":null,"rttpg_author":{"display_name":"wagner.viana","author_link":"https:\/\/goias.gov.br\/governo\/author\/wagner-viana\/"},"rttpg_comment":0,"rttpg_category":"<a href=\"https:\/\/goias.gov.br\/governo\/categoria\/noticias\/\" rel=\"category tag\">Not\u00edcias<\/a>","rttpg_excerpt":"O governador Marconi Perillo se reuniu nesta quarta-feira, dia 25, em Bras&iacute;lia, com o ministro de Minas e Energia, Eduardo Braga, para discutir a desestatiza&ccedil;&atilde;o da Celg D. A conversa, no gabinete do ministro, teve a participa&ccedil;&atilde;o dos secret&aacute;rios Vilmar Rocha (Secima), Ana Carla Abr&atilde;o (Fazenda) e do vice-presidente da Celg D, Elie Chidiac. Segundo&hellip;","_links":{"self":[{"href":"https:\/\/goias.gov.br\/governo\/wp-json\/wp\/v2\/posts\/7010","targetHints":{"allow":["GET"]}}],"collection":[{"href":"https:\/\/goias.gov.br\/governo\/wp-json\/wp\/v2\/posts"}],"about":[{"href":"https:\/\/goias.gov.br\/governo\/wp-json\/wp\/v2\/types\/post"}],"author":[{"embeddable":true,"href":"https:\/\/goias.gov.br\/governo\/wp-json\/wp\/v2\/users\/1"}],"replies":[{"embeddable":true,"href":"https:\/\/goias.gov.br\/governo\/wp-json\/wp\/v2\/comments?post=7010"}],"version-history":[{"count":0,"href":"https:\/\/goias.gov.br\/governo\/wp-json\/wp\/v2\/posts\/7010\/revisions"}],"wp:attachment":[{"href":"https:\/\/goias.gov.br\/governo\/wp-json\/wp\/v2\/media?parent=7010"}],"wp:term":[{"taxonomy":"category","embeddable":true,"href":"https:\/\/goias.gov.br\/governo\/wp-json\/wp\/v2\/categories?post=7010"},{"taxonomy":"post_tag","embeddable":true,"href":"https:\/\/goias.gov.br\/governo\/wp-json\/wp\/v2\/tags?post=7010"}],"curies":[{"name":"wp","href":"https:\/\/api.w.org\/{rel}","templated":true}]}}