

{"id":7008,"date":"2015-12-01T07:12:21","date_gmt":"2015-12-01T09:12:21","guid":{"rendered":"https:\/\/siteshom.goias.gov.br\/governo\/goias-discute-transito-em-conferencia-global\/"},"modified":"2015-12-01T07:12:21","modified_gmt":"2015-12-01T09:12:21","slug":"goias-discute-transito-em-conferencia-global","status":"publish","type":"post","link":"https:\/\/goias.gov.br\/governo\/goias-discute-transito-em-conferencia-global\/","title":{"rendered":"Goi\u00e1s discute tr\u00e2nsito em confer\u00eancia global"},"content":{"rendered":"<p><!DOCTYPE html PUBLIC \"-\/\/W3C\/\/DTD HTML 4.0 Transitional\/\/EN\" \"http:\/\/www.w3.org\/TR\/REC-html40\/loose.dtd\"><br \/>\n<html><body><\/p>\n<p>A Secretaria da Sa&uacute;de de Goi&aacute;s, por meio da coordena&ccedil;&atilde;o de vigil&acirc;ncia das viol&ecirc;ncias e acidentes, participa da 2&ordf;&nbsp;<em>Confer&ecirc;ncia Global de Alto N&iacute;vel sobre Seguran&ccedil;a no Tr&acirc;nsito<\/em>&nbsp;&ndash;&nbsp;<em>Tempo de Resultados,<\/em>&nbsp;nos dias 18 e 19, nesta quarta e quinta-feira, no Centro Internacional de Conven&ccedil;&otilde;es do Brasil, em Bras&iacute;lia (DF).<\/p>\n<p>O evento, considerado um dos mais importantes da &aacute;rea no mundo, tem como tema&nbsp;<em>Como reduzir as mortes e traumas causados por acidentes de tr&acirc;nsito<\/em>. Est&atilde;o confirmadas presen&ccedil;as de renomadas personalidades, entre as quais a diretora-geral da Organiza&ccedil;&atilde;o Mundial de Sa&uacute;de (OMS), Margaret Chan, e a diretora da Organiza&ccedil;&atilde;o Pan-Americana de Sa&uacute;de (OPAS), Carissa Etienne.<\/p>\n<p>A confer&ecirc;ncia em Bras&iacute;lia contribui para o aprofundamento das atividades relacionadas ao tr&acirc;nsito em Goi&aacute;s e, da mesma forma, indica que o Estado est&aacute; no caminho certo ao conferir aten&ccedil;&atilde;o especial a esta quest&atilde;o. A coordena&ccedil;&atilde;o de vigil&acirc;ncia de viol&ecirc;ncias e acidentes, inserida na estrutura da Suvisa, tem por finalidade realizar estudos e a&ccedil;&otilde;es para a redu&ccedil;&atilde;o da morbimortalidade por causas externas em Goi&aacute;s, viabilizando a identifica&ccedil;&atilde;o das caracter&iacute;sticas destes agravos e divulga&ccedil;&atilde;o de informa&ccedil;&otilde;es sobre os mesmos.<\/p>\n<p>A 2&ordf;&nbsp;<em>Confer&ecirc;ncia Global de Alto N&iacute;vel sobre Seguran&ccedil;a no Tr&acirc;nsito<\/em>&nbsp;tem na programa&ccedil;&atilde;o, quatro pain&eacute;is e 24 sess&otilde;es paralelas. A programa&ccedil;&atilde;o inclui temas que v&atilde;o desde mobilidade e infraestrutura at&eacute; indicadores e metas, passando por tecnologias, gest&atilde;o, financiamento e fortalecimento do atendimento a traumas, entre outros temas. A&ccedil;&otilde;es espec&iacute;ficas de prote&ccedil;&atilde;o a pedestres, ciclistas e motociclistas &ndash; que correspondem a metade das estat&iacute;sticas de mortes no tr&acirc;nsito segundo a Organiza&ccedil;&atilde;o Mundial de Sa&uacute;de (OMS) &ndash;, tamb&eacute;m integram as discuss&otilde;es.<\/p>\n<p>Ao fim do evento, os representantes assumir&atilde;o compromissos em torno da redu&ccedil;&atilde;o de mortes e les&otilde;es causadas pelo tr&acirc;nsito, que estar&atilde;o definidos na&nbsp;<em>Declara&ccedil;&atilde;o de Bras&iacute;lia sobre Seguran&ccedil;a no Tr&acirc;nsito.<\/em>&nbsp;Todos os anos, os acidentes de tr&acirc;nsito causam a morte de 1,25 milh&atilde;o de pessoas, segundo levantamentos da OMS.<\/p>\n<p><strong>Fonte: Goi&aacute;s Agora<\/strong><\/p>\n<p><\/body><\/html><\/p>\n","protected":false},"excerpt":{"rendered":"<p>A Secretaria da Sa&uacute;de de Goi&aacute;s, por meio da coordena&ccedil;&atilde;o de vigil&acirc;ncia das viol&ecirc;ncias e acidentes, participa da 2&ordf;&nbsp;Confer&ecirc;ncia Global de Alto N&iacute;vel sobre Seguran&ccedil;a no Tr&acirc;nsito&nbsp;&ndash;&nbsp;Tempo de Resultados,&nbsp;nos dias 18 e 19, nesta quarta e quinta-feira, no Centro Internacional de Conven&ccedil;&otilde;es do Brasil, em Bras&iacute;lia (DF). O evento, considerado um dos mais importantes da [&hellip;]<\/p>\n","protected":false},"author":1,"featured_media":0,"comment_status":"closed","ping_status":"open","sticky":false,"template":"","format":"standard","meta":{"footnotes":"","_links_to":"","_links_to_target":""},"categories":[383],"tags":[],"class_list":["post-7008","post","type-post","status-publish","format-standard","hentry","category-noticias"],"rttpg_featured_image_url":null,"rttpg_author":{"display_name":"wagner.viana","author_link":"https:\/\/goias.gov.br\/governo\/author\/wagner-viana\/"},"rttpg_comment":0,"rttpg_category":"<a href=\"https:\/\/goias.gov.br\/governo\/categoria\/noticias\/\" rel=\"category tag\">Not\u00edcias<\/a>","rttpg_excerpt":"A Secretaria da Sa&uacute;de de Goi&aacute;s, por meio da coordena&ccedil;&atilde;o de vigil&acirc;ncia das viol&ecirc;ncias e acidentes, participa da 2&ordf;&nbsp;Confer&ecirc;ncia Global de Alto N&iacute;vel sobre Seguran&ccedil;a no Tr&acirc;nsito&nbsp;&ndash;&nbsp;Tempo de Resultados,&nbsp;nos dias 18 e 19, nesta quarta e quinta-feira, no Centro Internacional de Conven&ccedil;&otilde;es do Brasil, em Bras&iacute;lia (DF). O evento, considerado um dos mais importantes da&hellip;","_links":{"self":[{"href":"https:\/\/goias.gov.br\/governo\/wp-json\/wp\/v2\/posts\/7008","targetHints":{"allow":["GET"]}}],"collection":[{"href":"https:\/\/goias.gov.br\/governo\/wp-json\/wp\/v2\/posts"}],"about":[{"href":"https:\/\/goias.gov.br\/governo\/wp-json\/wp\/v2\/types\/post"}],"author":[{"embeddable":true,"href":"https:\/\/goias.gov.br\/governo\/wp-json\/wp\/v2\/users\/1"}],"replies":[{"embeddable":true,"href":"https:\/\/goias.gov.br\/governo\/wp-json\/wp\/v2\/comments?post=7008"}],"version-history":[{"count":0,"href":"https:\/\/goias.gov.br\/governo\/wp-json\/wp\/v2\/posts\/7008\/revisions"}],"wp:attachment":[{"href":"https:\/\/goias.gov.br\/governo\/wp-json\/wp\/v2\/media?parent=7008"}],"wp:term":[{"taxonomy":"category","embeddable":true,"href":"https:\/\/goias.gov.br\/governo\/wp-json\/wp\/v2\/categories?post=7008"},{"taxonomy":"post_tag","embeddable":true,"href":"https:\/\/goias.gov.br\/governo\/wp-json\/wp\/v2\/tags?post=7008"}],"curies":[{"name":"wp","href":"https:\/\/api.w.org\/{rel}","templated":true}]}}