

{"id":6996,"date":"2016-08-03T06:08:32","date_gmt":"2016-08-03T09:08:32","guid":{"rendered":"https:\/\/siteshom.goias.gov.br\/governo\/pacto-interestadual-de-seguranca-e-discutido-em-brasilia\/"},"modified":"2016-08-03T06:08:32","modified_gmt":"2016-08-03T09:08:32","slug":"pacto-interestadual-de-seguranca-e-discutido-em-brasilia","status":"publish","type":"post","link":"https:\/\/goias.gov.br\/governo\/pacto-interestadual-de-seguranca-e-discutido-em-brasilia\/","title":{"rendered":"Pacto Interestadual de Seguran\u00e7a \u00e9 discutido em Bras\u00edlia"},"content":{"rendered":"<p><!DOCTYPE html PUBLIC \"-\/\/W3C\/\/DTD HTML 4.0 Transitional\/\/EN\" \"http:\/\/www.w3.org\/TR\/REC-html40\/loose.dtd\"><br \/>\n<html><body><\/p>\n<p>Em reuni&atilde;o de trabalho nesta segunda-feira, dia 11, no Minist&eacute;rio da Justi&ccedil;a, em Bras&iacute;lia (DF), o vice-governador e secret&aacute;rio de Seguran&ccedil;a P&uacute;blica e Administra&ccedil;&atilde;o Penitenci&aacute;ria, Jos&eacute; Eliton, tratou de dois importantes projetos que impactar&atilde;o positivamente a seguran&ccedil;a em Goi&aacute;s. Com o ministro interino Jos&eacute; Levi do Amaral J&uacute;nior &ndash; que responde durante viagem de Alexandre de Moraes ao exterior &ndash; ele discutiu o&nbsp;<em>Pacto Interestadual de Seguran&ccedil;a<\/em>&nbsp;e o conv&ecirc;nio de aproximadamente R$ 14 milh&otilde;es com o minist&eacute;rio que, quando concretizado, resultar&aacute; em mais avan&ccedil;os no aparato tecnol&oacute;gico da Secretaria, aquisi&ccedil;&atilde;o de equipamentos e softwares de intelig&ecirc;ncia e, principalmente, em melhor integra&ccedil;&atilde;o entre a SSPAP e o Poder Judici&aacute;rio.<\/p>\n<p>Jos&eacute; Eliton lembrou ao ministro interino que, todas as demandas inerentes ao Governo de Goi&aacute;s para a celebra&ccedil;&atilde;o do conv&ecirc;nio, j&aacute; foram cumpridas. Por isso, solicitou celeridade no que diz respeito &agrave; parte que cabe ao Minist&eacute;rio da Justi&ccedil;a. Viabilizado, o conv&ecirc;nio permitir&aacute;, por exemplo, a moderniza&ccedil;&atilde;o na tramita&ccedil;&atilde;o de inqu&eacute;ritos. &ldquo;Trabalhamos conjuntamente na implanta&ccedil;&atilde;o de ferramentas tecnol&oacute;gicas que possam dar agilidade &agrave;s investiga&ccedil;&otilde;es policiais, que fa&ccedil;am com que o inqu&eacute;rito seja digital e remetido ao Poder Judici&aacute;rio por via eletr&ocirc;nica.<\/p>\n<p>&ldquo;A plataforma tecnol&oacute;gica de que dispomos hoje permite-nos, por exemplo, um planejamento t&aacute;tico-operacional feito praticamente em tempo real, por todas as for&ccedil;as policiais. O nosso desafio agora &eacute; a integra&ccedil;&atilde;o com o Minist&eacute;rio P&uacute;blico e o Poder Judici&aacute;rio, por exemplo&rdquo;, complementou o superintendente executivo de A&ccedil;&otilde;es e Opera&ccedil;&otilde;es Integradas da SSPAP, Emmanuel Henrique Baldu&iacute;no, refor&ccedil;ando a relev&acirc;ncia deste conv&ecirc;nio. &ldquo;E isso pode ser difundido para outros estados&rdquo;, acrescentou.<\/p>\n<p>&ldquo;O Minist&eacute;rio da Justi&ccedil;a tem total disposi&ccedil;&atilde;o em colaborar com o Governo de Goi&aacute;s e com a Seguran&ccedil;a P&uacute;blica deste Estado. Goi&aacute;s &eacute; visto por n&oacute;s como um importante parceiro&rdquo;, disse Jos&eacute; Levi. Tamb&eacute;m participaram desta reuni&atilde;o de trabalho, em Bras&iacute;lia, o superintendente executivo da SSPAP, coronel Edson Costa; o comandante-geral da Pol&iacute;cia Militar, coronel Divino Alves; e o delegado-geral da Pol&iacute;cia Civil, &Aacute;lvaro C&aacute;ssio.<\/p>\n<p><strong>Pacto de Seguran&ccedil;a<\/strong><br \/>O vice-governador e secret&aacute;rio de Seguran&ccedil;a P&uacute;blica refor&ccedil;ou, junto ao ministro interino, a import&acirc;ncia do apoio e da parceria efetiva deste minist&eacute;rio no&nbsp;<em>Pacto Interestadual de Seguran&ccedil;a<\/em>&nbsp;que, na pr&aacute;tica, significa uni&atilde;o de esfor&ccedil;os entre os estados que integram o Cons&oacute;rcio de Desenvolvimento do Brasil Central (GO, DF, TO, MS, MT, RO, MA). Destacou a dimens&atilde;o que este trabalho conjunto tem ganhado ao exemplificar que Minas Gerais e Bahia, t&atilde;o empenhados como as demais unidades federativas do Cons&oacute;rcio no combate ao crime organizado, participaram da &uacute;ltima reuni&atilde;o realizada recentemente na Secretaria de Seguran&ccedil;a P&uacute;blica e Paz Social do Distrito Federal. E que Par&aacute; e Piau&iacute; tamb&eacute;m manifestaram interesse em aglutinar esfor&ccedil;os.<\/p>\n<p>&ldquo;Tenho certeza de que este modelo de trabalho conjunto pode ser expandido para outras regi&otilde;es do Pa&iacute;s&rdquo;, disse Jos&eacute; Eliton ao ministro interino. Falou ainda da import&acirc;ncia da participa&ccedil;&atilde;o de outras institui&ccedil;&otilde;es, como Pol&iacute;cia Rodovi&aacute;ria Federal (PRF). &ldquo;Os estados podem executar opera&ccedil;&otilde;es sincronizadas, com foco espec&iacute;fico, aos moldes do que ocorreu na recente&nbsp;<em>Opera&ccedil;&atilde;o Brasil Central Seguro<\/em>&rdquo;, complementou o vice-governador e secret&aacute;rio lembrando que, em Goi&aacute;s, nesta opera&ccedil;&atilde;o, foram mais de 160 mandados de pris&atilde;o e de busca e apreens&atilde;o cumpridos e pouco mais de meia tonelada de maconha apreendida.<\/p>\n<p>Jos&eacute; Levi do Amaral J&uacute;nior demonstrou entusiasmo com o&nbsp;<em>Pacto Interestadual de Seguran&ccedil;a<\/em>&nbsp;&ndash; presidido pelo vice-governador e titular da SSPAP &ndash; ao assegurar que, ap&oacute;s despacho com o ministro Alexandre de Moraes, previa sim a participa&ccedil;&atilde;o do Minist&eacute;rio da Justi&ccedil;a j&aacute; na pr&oacute;xima reuni&atilde;o de trabalho, prevista para agosto, no Mato Grosso.<\/p>\n<p><strong>For&ccedil;a Nacional<\/strong><br \/>Policiais militares de Goi&aacute;s poder&atilde;o integrar a For&ccedil;a Nacional para atuarem especificamente, em um primeiro momento, nos Jogos Ol&iacute;mpicos, no Rio de Janeiro. Este assunto tamb&eacute;m foi tratado pelo ministro interino, Jos&eacute; Levi, e t&eacute;cnicos do Minist&eacute;rio da Justi&ccedil;a com o vice-governador e secret&aacute;rio de Seguran&ccedil;a P&uacute;blica, Jos&eacute; Eliton.<\/p>\n<p>O tema ainda ser&aacute; tratado internamente, no &acirc;mbito do Comando Geral da Pol&iacute;cia Militar. Contudo, j&aacute; &eacute; certo que este poss&iacute;vel refor&ccedil;o seria viabilizado com a participa&ccedil;&atilde;o de homens que est&atilde;o na reserva remunerada, e n&atilde;o pelos policiais que est&atilde;o na ativa. Tamb&eacute;m foi discutida a possibilidade de estes homens, num segundo momento, ao integrarem a For&ccedil;a Nacional, passarem a atuar em regi&otilde;es estrat&eacute;gicas, como o Entorno do Distrito Federal.<\/p>\n<p>Esta j&aacute; &eacute; a quarta vez que o vice-governador Jos&eacute; Eliton, ap&oacute;s assumir a Seguran&ccedil;a P&uacute;blica, discute projetos e articula a&ccedil;&otilde;es e estrat&eacute;gias junto ao Minist&eacute;rio da Justi&ccedil;a que possam intensificar, em Goi&aacute;s, o combate &agrave; criminalidade. Das outras vezes, tratou de temas como descontingenciamento de recursos do Fundo Penitenci&aacute;rio Nacional para execu&ccedil;&atilde;o de projetos em Goi&aacute;s, como constru&ccedil;&atilde;o de pres&iacute;dios, entre outros.<\/p>\n<p>Mais informa&ccedil;&otilde;es: (62) 3201-1004, 3201-1055, 3201-1027<\/p>\n<p><em>Comunica&ccedil;&atilde;o Setorial<\/em><br \/><em>Secretaria de Seguran&ccedil;a P&uacute;blica e Administra&ccedil;&atilde;o Penitenci&aacute;ria<\/em><\/p>\n<p><\/body><\/html><\/p>\n","protected":false},"excerpt":{"rendered":"<p>Em reuni&atilde;o de trabalho nesta segunda-feira, dia 11, no Minist&eacute;rio da Justi&ccedil;a, em Bras&iacute;lia (DF), o vice-governador e secret&aacute;rio de Seguran&ccedil;a P&uacute;blica e Administra&ccedil;&atilde;o Penitenci&aacute;ria, Jos&eacute; Eliton, tratou de dois importantes projetos que impactar&atilde;o positivamente a seguran&ccedil;a em Goi&aacute;s. Com o ministro interino Jos&eacute; Levi do Amaral J&uacute;nior &ndash; que responde durante viagem de Alexandre [&hellip;]<\/p>\n","protected":false},"author":1,"featured_media":0,"comment_status":"closed","ping_status":"open","sticky":false,"template":"","format":"standard","meta":{"footnotes":"","_links_to":"","_links_to_target":""},"categories":[383],"tags":[],"class_list":["post-6996","post","type-post","status-publish","format-standard","hentry","category-noticias"],"rttpg_featured_image_url":null,"rttpg_author":{"display_name":"wagner.viana","author_link":"https:\/\/goias.gov.br\/governo\/author\/wagner-viana\/"},"rttpg_comment":0,"rttpg_category":"<a href=\"https:\/\/goias.gov.br\/governo\/categoria\/noticias\/\" rel=\"category tag\">Not\u00edcias<\/a>","rttpg_excerpt":"Em reuni&atilde;o de trabalho nesta segunda-feira, dia 11, no Minist&eacute;rio da Justi&ccedil;a, em Bras&iacute;lia (DF), o vice-governador e secret&aacute;rio de Seguran&ccedil;a P&uacute;blica e Administra&ccedil;&atilde;o Penitenci&aacute;ria, Jos&eacute; Eliton, tratou de dois importantes projetos que impactar&atilde;o positivamente a seguran&ccedil;a em Goi&aacute;s. Com o ministro interino Jos&eacute; Levi do Amaral J&uacute;nior &ndash; que responde durante viagem de Alexandre&hellip;","_links":{"self":[{"href":"https:\/\/goias.gov.br\/governo\/wp-json\/wp\/v2\/posts\/6996","targetHints":{"allow":["GET"]}}],"collection":[{"href":"https:\/\/goias.gov.br\/governo\/wp-json\/wp\/v2\/posts"}],"about":[{"href":"https:\/\/goias.gov.br\/governo\/wp-json\/wp\/v2\/types\/post"}],"author":[{"embeddable":true,"href":"https:\/\/goias.gov.br\/governo\/wp-json\/wp\/v2\/users\/1"}],"replies":[{"embeddable":true,"href":"https:\/\/goias.gov.br\/governo\/wp-json\/wp\/v2\/comments?post=6996"}],"version-history":[{"count":0,"href":"https:\/\/goias.gov.br\/governo\/wp-json\/wp\/v2\/posts\/6996\/revisions"}],"wp:attachment":[{"href":"https:\/\/goias.gov.br\/governo\/wp-json\/wp\/v2\/media?parent=6996"}],"wp:term":[{"taxonomy":"category","embeddable":true,"href":"https:\/\/goias.gov.br\/governo\/wp-json\/wp\/v2\/categories?post=6996"},{"taxonomy":"post_tag","embeddable":true,"href":"https:\/\/goias.gov.br\/governo\/wp-json\/wp\/v2\/tags?post=6996"}],"curies":[{"name":"wp","href":"https:\/\/api.w.org\/{rel}","templated":true}]}}