

{"id":6941,"date":"2018-07-23T10:19:53","date_gmt":"2018-07-23T13:19:53","guid":{"rendered":"https:\/\/siteshom.goias.gov.br\/governo\/secretario\/"},"modified":"2026-04-07T12:51:25","modified_gmt":"2026-04-07T15:51:25","slug":"secretario","status":"publish","type":"post","link":"https:\/\/goias.gov.br\/governo\/secretario\/","title":{"rendered":"Secret\u00e1rio"},"content":{"rendered":"<p><img fetchpriority=\"high\" decoding=\"async\" class=\"alignnone wp-image-141713 size-full\" src=\"https:\/\/goias.gov.br\/governo\/wp-content\/uploads\/sites\/11\/2018\/07\/Gean-683x1024-1.jpg\" alt=\"\" width=\"683\" height=\"1024\" srcset=\"https:\/\/goias.gov.br\/governo\/wp-content\/uploads\/sites\/11\/2018\/07\/Gean-683x1024-1.jpg 683w, https:\/\/goias.gov.br\/governo\/wp-content\/uploads\/sites\/11\/2018\/07\/Gean-683x1024-1-200x300.jpg 200w\" sizes=\"(max-width: 683px) 100vw, 683px\" \/><\/p>\n<h3><strong><span style=\"color: #008000;\">Gean Carlo Carvalho<br \/>\n<\/span><\/strong><span style=\"font-weight: 400; color: #808080;\">Secret\u00e1rio-Geral de Governo<\/span><\/h3>\n<p>\u00c9 formado em Comunica\u00e7\u00e3o Social pela Universidade Federal de Goi\u00e1s (UFG), com especializa\u00e7\u00e3o em Pesquisa de Opini\u00e3o P\u00fablica pela (PUC Rio). Foi secret\u00e1rio de Comunica\u00e7\u00e3o Social de Goi\u00e1s entre 1995 e 1998, na administra\u00e7\u00e3o do ex-governador Maguito Vilela, cargo que ocupou novamente de fevereiro de 2022 at\u00e9 abril de 2026 na gest\u00e3o do ex-governador Ronaldo Caiado (PSD). Ocupa, hoje, a fun\u00e7\u00e3o de secret\u00e1rio-geral de Governo de Goi\u00e1s, na gest\u00e3o do governador Daniel Vilela (MDB).<\/p>\n<p style=\"text-align: justify;\">\n","protected":false},"excerpt":{"rendered":"<p><img decoding=\"async\" class=\" size-full wp-image-6939\" alt=\"\" height=\"757\" id=\"\" src=\"https:\/\/goias.gov.br\/governo\/wp-content\/uploads\/sites\/11\/2018\/07\/IMG_8599-894-scaled.jpg\" title=\"\" width=\"505\" srcset=\"https:\/\/goias.gov.br\/governo\/wp-content\/uploads\/sites\/11\/2018\/07\/IMG_8599-894-scaled.jpg 1706w, https:\/\/goias.gov.br\/governo\/wp-content\/uploads\/sites\/11\/2018\/07\/IMG_8599-894-200x300.jpg 200w, https:\/\/goias.gov.br\/governo\/wp-content\/uploads\/sites\/11\/2018\/07\/IMG_8599-894-683x1024.jpg 683w, https:\/\/goias.gov.br\/governo\/wp-content\/uploads\/sites\/11\/2018\/07\/IMG_8599-894-768x1152.jpg 768w, https:\/\/goias.gov.br\/governo\/wp-content\/uploads\/sites\/11\/2018\/07\/IMG_8599-894-1024x1536.jpg 1024w, https:\/\/goias.gov.br\/governo\/wp-content\/uploads\/sites\/11\/2018\/07\/IMG_8599-894-1365x2048.jpg 1365w\" sizes=\"(max-width: 505px) 100vw, 505px\" \/><\/p>\n<p style=\"text-align: justify\"><font color=\"#1a1a1a\"><b>Adriano da Rocha Lima&nbsp;&nbsp;<\/b><\/font><\/p>\n<p style=\"text-align: justify\"><font color=\"#1a1a1a\"><b><\/b><\/font><\/p>\n<p style=\"text-align: justify\">Adriano da Rocha Lima<br \/>\n50 anos (17\/03\/1972), casado, 2 filhos.<br \/>\nNascido em Goi&acirc;nia-GO<\/p>\n<p style=\"text-align: justify\">Engenheiro, formado em Engenharia El&eacute;trica \/ Telecomunica&ccedil;&otilde;es (pela PUC-Rio)<\/p>\n<p style=\"text-align: justify\">Com p&oacute;s gradua&ccedil;&atilde;o em:<br \/>\nPlanejamento Estrat&eacute;gico de Redes (pela Telia Academy, Kalmar-Suecia);<br \/>\nAdministra&ccedil;&atilde;o Executiva de Neg&oacute;cios (pela COPPEAD\/UFRJ, Rio de Janeiro)<\/p>\n<p style=\"text-align: justify\">Mestrado em Filosofia (UFRJ)<\/p>\n<p style=\"text-align: justify\">Experiencia Profissional:<\/p>\n<p style=\"text-align: justify\">Anterior:<br \/>\nSecret&aacute;rio de Estado Chefe da Secretaria-Geral da Governadoria<br \/>\nPresidente do Conselho Fiscal da Celg GT<br \/>\nMembro Efetivo do Conselho Deliberativo Estadual do Sebrae GO;<br \/>\nDiretor do Consecti (Conselho Nacional de Secretarios Estaduais de Ci&ecirc;ncia, Tecnologia e Inova&ccedil;&atilde;o);<br \/>\nMembro so Conselho Nacional De Secret&aacute;rios de Minas e Energia;<br \/>\nMembro do Conselho Nacional de Secret&aacute;rios de Infraestrutura.&nbsp;<\/p>\n<p style=\"text-align: justify\">Passada:<br \/>\nEngenheiro da Nortel, mutinacional de tecnologia (Florida\/EUA);<br \/>\nEngenheiro da Promon Eletr&ocirc;nica;<br \/>\nProfessor de Pos Gradua&ccedil;&atilde;o em Telecomunica&ccedil;&otilde;es da Puc-Rio;<br \/>\nDiretor de Engenharia da Claro Brasil por 10 anos (respons&aacute;vel pelo projeto e implantacao das redes de segunda (2G) e terceira gera&ccedil;&otilde;es (3G) no Brasil);<br \/>\nFundador e CEO de empresa de tecnologia, premiada em 2013 na categoria de empresa mais inovadora do Brasil, com atua&ccedil;&atilde;o internacional, especializada nas areas de Big Data Analytics (BDA) e Internet das Coisas (IoT), tendo como ivestidores as multinacionais Intel e Qualcomm;<br \/>\nEmpreendedor na area de tecnologia, respons&aacute;vel pela atra&ccedil;&atilde;o de diversos invetimentos internacionais para o Brasil;<br \/>\nSecret&aacute;rio de Estado de Desenvolvimento e Inova&ccedil;&atilde;o de Goias.<\/p>\n<p style=\"text-align: justify\">Escritor:<br \/>\nAutor do Livro: Inova&ccedil;&atilde;o e Trai&ccedil;&atilde;o, Ed. Vozes, 2017, em coautoria com Clovis de Barros Filho.<\/p>\n","protected":false},"author":48,"featured_media":0,"comment_status":"closed","ping_status":"open","sticky":false,"template":"","format":"standard","meta":{"footnotes":"","_links_to":"","_links_to_target":""},"categories":[372],"tags":[],"class_list":["post-6941","post","type-post","status-publish","format-standard","hentry","category-institucional"],"rttpg_featured_image_url":null,"rttpg_author":{"display_name":"marianavs","author_link":"https:\/\/goias.gov.br\/governo\/author\/marianavs\/"},"rttpg_comment":0,"rttpg_category":"<a href=\"https:\/\/goias.gov.br\/governo\/categoria\/institucional\/\" rel=\"category tag\">Institucional<\/a>","rttpg_excerpt":"Adriano da Rocha Lima&nbsp;&nbsp; Adriano da Rocha Lima 50 anos (17\/03\/1972), casado, 2 filhos. Nascido em Goi&acirc;nia-GO Engenheiro, formado em Engenharia El&eacute;trica \/ Telecomunica&ccedil;&otilde;es (pela PUC-Rio) Com p&oacute;s gradua&ccedil;&atilde;o em: Planejamento Estrat&eacute;gico de Redes (pela Telia Academy, Kalmar-Suecia); Administra&ccedil;&atilde;o Executiva de Neg&oacute;cios (pela COPPEAD\/UFRJ, Rio de Janeiro) Mestrado em Filosofia (UFRJ) Experiencia Profissional: Anterior: Secret&aacute;rio&hellip;","_links":{"self":[{"href":"https:\/\/goias.gov.br\/governo\/wp-json\/wp\/v2\/posts\/6941","targetHints":{"allow":["GET"]}}],"collection":[{"href":"https:\/\/goias.gov.br\/governo\/wp-json\/wp\/v2\/posts"}],"about":[{"href":"https:\/\/goias.gov.br\/governo\/wp-json\/wp\/v2\/types\/post"}],"author":[{"embeddable":true,"href":"https:\/\/goias.gov.br\/governo\/wp-json\/wp\/v2\/users\/48"}],"replies":[{"embeddable":true,"href":"https:\/\/goias.gov.br\/governo\/wp-json\/wp\/v2\/comments?post=6941"}],"version-history":[{"count":2,"href":"https:\/\/goias.gov.br\/governo\/wp-json\/wp\/v2\/posts\/6941\/revisions"}],"predecessor-version":[{"id":143462,"href":"https:\/\/goias.gov.br\/governo\/wp-json\/wp\/v2\/posts\/6941\/revisions\/143462"}],"wp:attachment":[{"href":"https:\/\/goias.gov.br\/governo\/wp-json\/wp\/v2\/media?parent=6941"}],"wp:term":[{"taxonomy":"category","embeddable":true,"href":"https:\/\/goias.gov.br\/governo\/wp-json\/wp\/v2\/categories?post=6941"},{"taxonomy":"post_tag","embeddable":true,"href":"https:\/\/goias.gov.br\/governo\/wp-json\/wp\/v2\/tags?post=6941"}],"curies":[{"name":"wp","href":"https:\/\/api.w.org\/{rel}","templated":true}]}}