

{"id":32839,"date":"2024-09-21T13:35:18","date_gmt":"2024-09-21T16:35:18","guid":{"rendered":"https:\/\/goias.gov.br\/governo\/?p=32839"},"modified":"2024-09-21T13:35:18","modified_gmt":"2024-09-21T16:35:18","slug":"queimadas-podem-gerar-perda-de-ate-r-15-bilhao-para-a-economia-goiana-ate-o-fim-do-ano","status":"publish","type":"post","link":"https:\/\/goias.gov.br\/governo\/queimadas-podem-gerar-perda-de-ate-r-15-bilhao-para-a-economia-goiana-ate-o-fim-do-ano\/","title":{"rendered":"Queimadas podem gerar perda de at\u00e9 R$ 1,5 bilh\u00e3o para a economia goiana at\u00e9 o fim do ano"},"content":{"rendered":"<p>O Instituto Mauro Borges (IMB), vinculado \u00e0 Secretaria-Geral de Governo (SGG), divulgou Nota Executiva que apresenta a estimativa de at\u00e9 R$ 1,5 bilh\u00e3o em preju\u00edzos para a economia goiana at\u00e9 o final do ano em raz\u00e3o do aumento significativo nas ocorr\u00eancias de queimadas. A an\u00e1lise considerou os custos diretos associados a fatores econ\u00f4micos, sociais e ambientais, respeitando a destina\u00e7\u00e3o da terra atingida e os processos de recupera\u00e7\u00e3o e replantio.<\/p>\n<p>Somente entre janeiro e agosto de 2024, o custo total das queimadas para a economia em Goi\u00e1s foi de R$ 710 milh\u00f5es. Cerca de 60% das \u00e1reas atingidas s\u00e3o produtivas, valor que corresponde a quase 102 mil hectares. O crescimento dos inc\u00eandios nas \u00e1reas produtivas em Goi\u00e1s teve um incremento de 40% em 2024 na compara\u00e7\u00e3o com o ano anterior.<\/p>\n<p>O impacto financeiro desse aumento corresponde ao custo total das queimadas. Para a mensura\u00e7\u00e3o dos custos diretos, foram realizadas as estimativas diretas da produ\u00e7\u00e3o agropecu\u00e1ria, bem como os custos intang\u00edveis considerando o valor da terra. Essa abordagem indica que as perdas econ\u00f4micas causadas pelas queimadas em Goi\u00e1s podem atingir R$ 1,5 bilh\u00e3o, caso a extens\u00e3o das \u00e1reas queimadas produtivas e n\u00e3o produtivas de setembro a dezembro seja semelhante \u00e0 observada em 2023. O valor inclui os custos imediatos, bem como os custos de replantio e recupera\u00e7\u00e3o do solo, que correspondem a aproximadamente 0,35% do Produto Interno Bruto (PIB) de Goi\u00e1s.<\/p>\n<h4>Custos indiretos<\/h4>\n<p>Os custos indiretos das queimadas em Goi\u00e1s tamb\u00e9m foram abordados na an\u00e1lise do Instituto Mauro Borges (IMB), mas n\u00e3o foram inclu\u00eddos no c\u00e1lculo em raz\u00e3o da sua dificuldade de mensura\u00e7\u00e3o. Foram avaliados os efeitos \u00e0 sa\u00fade da popula\u00e7\u00e3o afetada pela condi\u00e7\u00e3o das queimadas em todo o estado e a quantidade de pessoas internadas por doen\u00e7as respirat\u00f3rias.<\/p>\n<p>A an\u00e1lise sugere que 342 pessoas foram internadas por causa das queimadas no estado, resultando em um custo de mais cerca de R$ 496 mil aos cofres p\u00fablicos no estado at\u00e9 agosto de 2024.<\/p>\n<p>A nota destaca que o c\u00e1lculo pode estar subestimando o real valor do custo associado a doen\u00e7as respirat\u00f3rias, uma vez que ainda h\u00e1 indiv\u00edduos que n\u00e3o buscaram por tratamento m\u00e9dico ou, ainda, pessoas cujos problemas respirat\u00f3rios n\u00e3o exigiram interna\u00e7\u00e3o.<\/p>\n","protected":false},"excerpt":{"rendered":"<p>O Instituto Mauro Borges (IMB), vinculado \u00e0 Secretaria-Geral de Governo (SGG), divulgou Nota Executiva que apresenta a estimativa de at\u00e9 R$ 1,5 bilh\u00e3o em preju\u00edzos para a economia goiana at\u00e9 o final do ano em raz\u00e3o do aumento significativo nas ocorr\u00eancias de queimadas. A an\u00e1lise considerou os custos diretos associados a fatores econ\u00f4micos, sociais e [&hellip;]<\/p>\n","protected":false},"author":60,"featured_media":32840,"comment_status":"closed","ping_status":"open","sticky":false,"template":"","format":"standard","meta":{"footnotes":"","_links_to":"","_links_to_target":""},"categories":[383],"tags":[609],"class_list":["post-32839","post","type-post","status-publish","format-standard","has-post-thumbnail","hentry","category-noticias","tag-economia-goiana"],"rttpg_featured_image_url":{"full":["https:\/\/goias.gov.br\/governo\/wp-content\/uploads\/sites\/11\/2024\/09\/queimadasGO.jpeg",1000,449,false],"landscape":["https:\/\/goias.gov.br\/governo\/wp-content\/uploads\/sites\/11\/2024\/09\/queimadasGO.jpeg",1000,449,false],"portraits":["https:\/\/goias.gov.br\/governo\/wp-content\/uploads\/sites\/11\/2024\/09\/queimadasGO.jpeg",1000,449,false],"thumbnail":["https:\/\/goias.gov.br\/governo\/wp-content\/uploads\/sites\/11\/2024\/09\/queimadasGO-150x150.jpeg",150,150,true],"medium":["https:\/\/goias.gov.br\/governo\/wp-content\/uploads\/sites\/11\/2024\/09\/queimadasGO-300x135.jpeg",300,135,true],"large":["https:\/\/goias.gov.br\/governo\/wp-content\/uploads\/sites\/11\/2024\/09\/queimadasGO.jpeg",1000,449,false],"1536x1536":["https:\/\/goias.gov.br\/governo\/wp-content\/uploads\/sites\/11\/2024\/09\/queimadasGO.jpeg",1000,449,false],"2048x2048":["https:\/\/goias.gov.br\/governo\/wp-content\/uploads\/sites\/11\/2024\/09\/queimadasGO.jpeg",1000,449,false]},"rttpg_author":{"display_name":"anapcarvalho","author_link":"https:\/\/goias.gov.br\/governo\/author\/anapcarvalho\/"},"rttpg_comment":0,"rttpg_category":"<a href=\"https:\/\/goias.gov.br\/governo\/categoria\/noticias\/\" rel=\"category tag\">Not\u00edcias<\/a>","rttpg_excerpt":"O Instituto Mauro Borges (IMB), vinculado \u00e0 Secretaria-Geral de Governo (SGG), divulgou Nota Executiva que apresenta a estimativa de at\u00e9 R$ 1,5 bilh\u00e3o em preju\u00edzos para a economia goiana at\u00e9 o final do ano em raz\u00e3o do aumento significativo nas ocorr\u00eancias de queimadas. A an\u00e1lise considerou os custos diretos associados a fatores econ\u00f4micos, sociais e&hellip;","_links":{"self":[{"href":"https:\/\/goias.gov.br\/governo\/wp-json\/wp\/v2\/posts\/32839","targetHints":{"allow":["GET"]}}],"collection":[{"href":"https:\/\/goias.gov.br\/governo\/wp-json\/wp\/v2\/posts"}],"about":[{"href":"https:\/\/goias.gov.br\/governo\/wp-json\/wp\/v2\/types\/post"}],"author":[{"embeddable":true,"href":"https:\/\/goias.gov.br\/governo\/wp-json\/wp\/v2\/users\/60"}],"replies":[{"embeddable":true,"href":"https:\/\/goias.gov.br\/governo\/wp-json\/wp\/v2\/comments?post=32839"}],"version-history":[{"count":1,"href":"https:\/\/goias.gov.br\/governo\/wp-json\/wp\/v2\/posts\/32839\/revisions"}],"predecessor-version":[{"id":32841,"href":"https:\/\/goias.gov.br\/governo\/wp-json\/wp\/v2\/posts\/32839\/revisions\/32841"}],"wp:featuredmedia":[{"embeddable":true,"href":"https:\/\/goias.gov.br\/governo\/wp-json\/wp\/v2\/media\/32840"}],"wp:attachment":[{"href":"https:\/\/goias.gov.br\/governo\/wp-json\/wp\/v2\/media?parent=32839"}],"wp:term":[{"taxonomy":"category","embeddable":true,"href":"https:\/\/goias.gov.br\/governo\/wp-json\/wp\/v2\/categories?post=32839"},{"taxonomy":"post_tag","embeddable":true,"href":"https:\/\/goias.gov.br\/governo\/wp-json\/wp\/v2\/tags?post=32839"}],"curies":[{"name":"wp","href":"https:\/\/api.w.org\/{rel}","templated":true}]}}