

{"id":151079,"date":"2026-04-14T17:13:21","date_gmt":"2026-04-14T20:13:21","guid":{"rendered":"https:\/\/goias.gov.br\/governo\/subsecretario-de-energia-telecomunicacoes-e-cidades-inteligentes\/"},"modified":"2026-04-14T17:13:21","modified_gmt":"2026-04-14T20:13:21","slug":"subsecretario-de-energia-telecomunicacoes-e-cidades-inteligentes","status":"publish","type":"post","link":"https:\/\/goias.gov.br\/governo\/subsecretario-de-energia-telecomunicacoes-e-cidades-inteligentes\/","title":{"rendered":"Subsecret\u00e1rio de Energia, Telecomunica\u00e7\u00f5es e Cidades Inteligentes"},"content":{"rendered":"<p><strong>RENATO RODRIGUES DE LYRA<\/strong> a partir de: 16-03-2023<\/p>\n<div class=\"r34ics-ajax-container loading\" id=\"agenda-autoridades\" data-view=\"month\" data-view-is-list-style=\"0\" data-view-is-list-long=\"0\" data-args=\"d229fabdcb4da26f423c3db39bcb86d27a9b2034\" data-js-args=\"{&quot;debug&quot;:null}\">&nbsp;<\/div>\n","protected":false},"excerpt":{"rendered":"<p>RENATO RODRIGUES DE LYRA a partir de: 16-03-2023<\/p>\n","protected":false},"author":1,"featured_media":0,"comment_status":"closed","ping_status":"open","sticky":false,"template":"","format":"standard","meta":{"footnotes":"","_links_to":"","_links_to_target":""},"categories":[596],"tags":[],"class_list":["post-151079","post","type-post","status-publish","format-standard","hentry","category-agenda"],"rttpg_featured_image_url":null,"rttpg_author":{"display_name":"wagner.viana","author_link":"https:\/\/goias.gov.br\/governo\/author\/wagner-viana\/"},"rttpg_comment":0,"rttpg_category":"<a href=\"https:\/\/goias.gov.br\/governo\/categoria\/agenda\/\" rel=\"category tag\">Agenda<\/a>","rttpg_excerpt":"RENATO RODRIGUES DE LYRA a partir de: 16-03-2023","_links":{"self":[{"href":"https:\/\/goias.gov.br\/governo\/wp-json\/wp\/v2\/posts\/151079","targetHints":{"allow":["GET"]}}],"collection":[{"href":"https:\/\/goias.gov.br\/governo\/wp-json\/wp\/v2\/posts"}],"about":[{"href":"https:\/\/goias.gov.br\/governo\/wp-json\/wp\/v2\/types\/post"}],"author":[{"embeddable":true,"href":"https:\/\/goias.gov.br\/governo\/wp-json\/wp\/v2\/users\/1"}],"replies":[{"embeddable":true,"href":"https:\/\/goias.gov.br\/governo\/wp-json\/wp\/v2\/comments?post=151079"}],"version-history":[{"count":0,"href":"https:\/\/goias.gov.br\/governo\/wp-json\/wp\/v2\/posts\/151079\/revisions"}],"wp:attachment":[{"href":"https:\/\/goias.gov.br\/governo\/wp-json\/wp\/v2\/media?parent=151079"}],"wp:term":[{"taxonomy":"category","embeddable":true,"href":"https:\/\/goias.gov.br\/governo\/wp-json\/wp\/v2\/categories?post=151079"},{"taxonomy":"post_tag","embeddable":true,"href":"https:\/\/goias.gov.br\/governo\/wp-json\/wp\/v2\/tags?post=151079"}],"curies":[{"name":"wp","href":"https:\/\/api.w.org\/{rel}","templated":true}]}}