

{"id":151012,"date":"2026-04-14T17:12:51","date_gmt":"2026-04-14T20:12:51","guid":{"rendered":"https:\/\/goias.gov.br\/governo\/historico-do-cargo-secretario-geral-de-governo\/"},"modified":"2026-04-14T17:12:51","modified_gmt":"2026-04-14T20:12:51","slug":"historico-do-cargo-secretario-geral-de-governo","status":"publish","type":"post","link":"https:\/\/goias.gov.br\/governo\/historico-do-cargo-secretario-geral-de-governo\/","title":{"rendered":"Hist\u00f3rico do Cargo Secret\u00e1rio-Geral de Governo"},"content":{"rendered":"<div class=\"accordion\" id=\"accordionExample\">\n<div class='accordion-item' style='border: none;'>\n<h2 class='accordion-header' id='heading-0'>\n                    <button class='accordion-button' type='button' data-bs-toggle='collapse' data-bs-target='#collapse-0' aria-expanded='false' aria-controls='collapse-0' style='border: none; background-color: transparent;'><br \/>\n                        ADRIANO DA ROCHA LIMA: de: 01-01-2019 at\u00e9 31-03-2026<br \/>\n                    <\/button><br \/>\n                <\/h2>\n<div id='collapse-0' class='accordion-collapse collapse' aria-labelledby='heading-0' data-bs-parent='#accordionExample'>\n<div class='accordion-body'>\n<div class=\"r34ics-ajax-container loading\" id=\"historico-agenda-autoridades\" data-view=\"month\" data-view-is-list-style=\"0\" data-view-is-list-long=\"0\" data-args=\"207ac7839b0f094779dd14dca2690e5d0a76baa2\" data-js-args=\"{&quot;debug&quot;:null}\">&nbsp;<\/div>\n<\/p><\/div>\n<\/p><\/div>\n<\/p><\/div>\n<div class='accordion-item' style='border: none;'>\n<h2 class='accordion-header' id='heading-1'>\n                    <button class='accordion-button' type='button' data-bs-toggle='collapse' data-bs-target='#collapse-1' aria-expanded='false' aria-controls='collapse-1' style='border: none; background-color: transparent;'><br \/>\n                        DANIELLE GOMES DE OLIVEIRA: de: 31-03-2026 at\u00e9 31-03-2026  &#8211; interino<br \/>\n                    <\/button><br \/>\n                <\/h2>\n<div id='collapse-1' class='accordion-collapse collapse' aria-labelledby='heading-1' data-bs-parent='#accordionExample'>\n<div class='accordion-body'>\n<div class=\"r34ics-ajax-container loading\" id=\"historico-agenda-autoridades\" data-view=\"month\" data-view-is-list-style=\"0\" data-view-is-list-long=\"0\" data-args=\"4e3154317074e640355a06ef7fa3e28432191eb8\" data-js-args=\"{&quot;debug&quot;:null}\">&nbsp;<\/div>\n<\/p><\/div>\n<\/p><\/div>\n<\/p><\/div>\n<div class='accordion-item' style='border: none;'>\n<h2 class='accordion-header' id='heading-2'>\n                    <button class='accordion-button' type='button' data-bs-toggle='collapse' data-bs-target='#collapse-2' aria-expanded='false' aria-controls='collapse-2' style='border: none; background-color: transparent;'><br \/>\n                        DANIELLE GOMES DE OLIVEIRA: de: 31-03-2026 at\u00e9 31-03-2026  &#8211; interino<br \/>\n                    <\/button><br \/>\n                <\/h2>\n<div id='collapse-2' class='accordion-collapse collapse' aria-labelledby='heading-2' data-bs-parent='#accordionExample'>\n<div class='accordion-body'>\n<div class=\"r34ics-ajax-container loading\" id=\"historico-agenda-autoridades\" data-view=\"month\" data-view-is-list-style=\"0\" data-view-is-list-long=\"0\" data-args=\"4e3154317074e640355a06ef7fa3e28432191eb8\" data-js-args=\"{&quot;debug&quot;:null}\">&nbsp;<\/div>\n<\/p><\/div>\n<\/p><\/div>\n<\/p><\/div>\n<div class='accordion-item' style='border: none;'>\n<h2 class='accordion-header' id='heading-3'>\n                    <button class='accordion-button' type='button' data-bs-toggle='collapse' data-bs-target='#collapse-3' aria-expanded='false' aria-controls='collapse-3' style='border: none; background-color: transparent;'><br \/>\n                        DANIELLE GOMES DE OLIVEIRA: de: 31-03-2026 at\u00e9 01-04-2026<br \/>\n                    <\/button><br \/>\n                <\/h2>\n<div id='collapse-3' class='accordion-collapse collapse' aria-labelledby='heading-3' data-bs-parent='#accordionExample'>\n<div class='accordion-body'>\n<div class=\"r34ics-ajax-container loading\" id=\"historico-agenda-autoridades\" data-view=\"month\" data-view-is-list-style=\"0\" data-view-is-list-long=\"0\" data-args=\"4e3154317074e640355a06ef7fa3e28432191eb8\" data-js-args=\"{&quot;debug&quot;:null}\">&nbsp;<\/div>\n<\/p><\/div>\n<\/p><\/div>\n<\/p><\/div>\n<\/p><\/div>\n<style>\n        .accordion-button:hover {\n            background-color: #f8f9fa; \/* Cor cinza claro *\/\n            color: #6c757d; \/* Cor cinza do texto *\/\n        }\n        <\/style>\n","protected":false},"excerpt":{"rendered":"<p>ADRIANO DA ROCHA LIMA: de: 01-01-2019 at\u00e9 31-03-2026 DANIELLE GOMES DE OLIVEIRA: de: 31-03-2026 at\u00e9 31-03-2026 &#8211; interino DANIELLE GOMES DE OLIVEIRA: de: 31-03-2026 at\u00e9 31-03-2026 &#8211; interino DANIELLE GOMES DE OLIVEIRA: de: 31-03-2026 at\u00e9 01-04-2026<\/p>\n","protected":false},"author":1,"featured_media":0,"comment_status":"closed","ping_status":"open","sticky":false,"template":"","format":"standard","meta":{"footnotes":"","_links_to":"","_links_to_target":""},"categories":[595],"tags":[],"class_list":["post-151012","post","type-post","status-publish","format-standard","hentry","category-historico-de-agenda"],"rttpg_featured_image_url":null,"rttpg_author":{"display_name":"wagner.viana","author_link":"https:\/\/goias.gov.br\/governo\/author\/wagner-viana\/"},"rttpg_comment":0,"rttpg_category":"<a href=\"https:\/\/goias.gov.br\/governo\/categoria\/historico-de-agenda\/\" rel=\"category tag\">historico-de-agenda<\/a>","rttpg_excerpt":"ADRIANO DA ROCHA LIMA: de: 01-01-2019 at\u00e9 31-03-2026 DANIELLE GOMES DE OLIVEIRA: de: 31-03-2026 at\u00e9 31-03-2026 &#8211; interino DANIELLE GOMES DE OLIVEIRA: de: 31-03-2026 at\u00e9 31-03-2026 &#8211; interino DANIELLE GOMES DE OLIVEIRA: de: 31-03-2026 at\u00e9 01-04-2026","_links":{"self":[{"href":"https:\/\/goias.gov.br\/governo\/wp-json\/wp\/v2\/posts\/151012","targetHints":{"allow":["GET"]}}],"collection":[{"href":"https:\/\/goias.gov.br\/governo\/wp-json\/wp\/v2\/posts"}],"about":[{"href":"https:\/\/goias.gov.br\/governo\/wp-json\/wp\/v2\/types\/post"}],"author":[{"embeddable":true,"href":"https:\/\/goias.gov.br\/governo\/wp-json\/wp\/v2\/users\/1"}],"replies":[{"embeddable":true,"href":"https:\/\/goias.gov.br\/governo\/wp-json\/wp\/v2\/comments?post=151012"}],"version-history":[{"count":0,"href":"https:\/\/goias.gov.br\/governo\/wp-json\/wp\/v2\/posts\/151012\/revisions"}],"wp:attachment":[{"href":"https:\/\/goias.gov.br\/governo\/wp-json\/wp\/v2\/media?parent=151012"}],"wp:term":[{"taxonomy":"category","embeddable":true,"href":"https:\/\/goias.gov.br\/governo\/wp-json\/wp\/v2\/categories?post=151012"},{"taxonomy":"post_tag","embeddable":true,"href":"https:\/\/goias.gov.br\/governo\/wp-json\/wp\/v2\/tags?post=151012"}],"curies":[{"name":"wp","href":"https:\/\/api.w.org\/{rel}","templated":true}]}}