

{"id":14894,"date":"2024-03-25T18:02:50","date_gmt":"2024-03-25T21:02:50","guid":{"rendered":"https:\/\/goias.gov.br\/governo\/?p=14894"},"modified":"2024-03-26T11:27:07","modified_gmt":"2024-03-26T14:27:07","slug":"governo-de-goias-apresenta-programa-pmo-em-congresso-internacional","status":"publish","type":"post","link":"https:\/\/goias.gov.br\/governo\/governo-de-goias-apresenta-programa-pmo-em-congresso-internacional\/","title":{"rendered":"Governo de Goi\u00e1s apresenta Programa PMO em congresso internacional"},"content":{"rendered":"<p>Goi\u00e1s ser\u00e1 o \u00fanico Estado brasileiro a apresentar a sua experi\u00eancia de PMO &#8211; Project Management Office, que em portugu\u00eas significa Escrit\u00f3rio de Projetos &#8211; e as inova\u00e7\u00f5es da gest\u00e3o de projetos governamentais durante o PMO Summit 2024, o maior congresso de PMOs da Am\u00e9rica Latina, que ser\u00e1 realizado entre os dias 26 e 28 de mar\u00e7o, no Rio de Janeiro (RJ). A participa\u00e7\u00e3o do Governo de Goi\u00e1s tem como objetivo demonstrar ao setor privado e ao p\u00fablico em geral a estrutura t\u00e9cnica e metodol\u00f3gica utilizada na gest\u00e3o de projetos do Estado.<\/p>\n<p>Temas voltados para Inova\u00e7\u00e3o, Efici\u00eancia Operacional e Lideran\u00e7a Estrat\u00e9gica estar\u00e3o em pauta nas apresenta\u00e7\u00f5es e discuss\u00f5es dos principais cases de gest\u00e3o de projetos do ramo empresarial e governamental. A 13\u00aa edi\u00e7\u00e3o do PMO Summit ir\u00e1 reunir palestrantes nacionais, que impulsionam o PIB brasileiro, al\u00e9m de abranger um enfoque global, com convidados internacionais.<\/p>\n<p>Representando o Governo de Goi\u00e1s, Marsal Melo, superintendente dos Escrit\u00f3rios de Projetos, compartilhar\u00e1 o case premiado e as experi\u00eancias inovadoras dos PMOs no setor p\u00fablico. Ele destacar\u00e1 as trilhas de capacita\u00e7\u00e3o de servidores, a evolu\u00e7\u00e3o das demandas, a execu\u00e7\u00e3o meticulosa, o monitoramento eficaz e a precis\u00e3o dos controles, al\u00e9m de explorar as li\u00e7\u00f5es que o setor privado pode extrair dessas conquistas. Juntamente com ele, Daniel Donadeli, gerente Central dos Escrit\u00f3rios de Projetos, discutir\u00e1 a aplicabilidade e os pr\u00f3ximos passos em IA, demonstrando como ela pode ser integrada ao PMO e aplicada nas pr\u00e1ticas de gest\u00e3o de portf\u00f3lio de projetos para aprimorar a efici\u00eancia dos PMOs.<\/p>\n<p>Al\u00e9m disso, ser\u00e3o apresentadas ferramentas utilizadas na gest\u00e3o estadual, como o GOMAP (gest\u00e3o e governan\u00e7a) e pain\u00e9is de gest\u00e3o &#8211; Business Intelligence (BI), que detalha a execu\u00e7\u00e3o financeira e os ciclos mensais, bem como a execu\u00e7\u00e3o e a prioriza\u00e7\u00e3o dos projetos, facilitando a verifica\u00e7\u00e3o dos empenhos. Tamb\u00e9m ser\u00e1 destacado o Portf\u00f3lio 2024, um painel que mostra as fases de execu\u00e7\u00e3o de cada secretaria, suas respectivas entregas e pontos de aten\u00e7\u00e3o.<\/p>\n<h4><span style=\"color: #003300\">PMO<\/span><\/h4>\n<p>Iniciado em 2023, sob a governan\u00e7a da Secretaria-Geral de Governo (SGG), o Programa PMO Goi\u00e1s instalou Escrit\u00f3rios de Projetos em 11 secretariais e \u00f3rg\u00e3os que concentram um volume consider\u00e1vel de projetos priorit\u00e1rios, como a Secretaria de Educa\u00e7\u00e3o (Seduc), da Sa\u00fade (SES), Infraestrutura (Seinfra), entre outras. Com outros onze escrit\u00f3rios em processo de implementa\u00e7\u00e3o, o programa tem com o objetivo geral promover o aprimoramento da governan\u00e7a e gest\u00e3o dos projetos no Governo, desde a sele\u00e7\u00e3o e prioriza\u00e7\u00e3o das iniciativas at\u00e9 o desenvolvimento e entrega final, com foco no cidad\u00e3o.<\/p>\n<p>O Escrit\u00f3rio de Gerenciamento de Projetos Central (PMO Central) disponibiliza ferramentas, procedimentos e orienta\u00e7\u00f5es para que a vis\u00e3o estrat\u00e9gica de Governo possa ser desdobrada nos projetos empreendidos pelos \u00f3rg\u00e3os.<\/p>\n<p>Segundo o secret\u00e1rio-geral de Governo, Adriano da Rocha Lima, a instala\u00e7\u00e3o dos escrit\u00f3rios dentro das secretarias tem o objetivo final de diminuir as falhas em projetos, transpar\u00eancia das informa\u00e7\u00f5es e a otimiza\u00e7\u00e3o dos recursos p\u00fablicos aplicados.<\/p>\n<blockquote><p>\u201cA metodologia PMO traz inova\u00e7\u00e3o na gest\u00e3o dos projetos governamentais, seguindo o Padr\u00e3o PMI e as Boas Pr\u00e1ticas. Al\u00e9m de um not\u00f3rio crescimento, que tem elevado o n\u00edvel de maturidade das secretarias, que logo ter\u00e3o mais outros 11 escrit\u00f3rios implantados. Tudo isso reflete diretamente nas entregas ao cidad\u00e3o goiano\u201d, esclarece o secret\u00e1rio-geral de governo.<\/p><\/blockquote>\n<h4><span style=\"color: #003300\">Summit<\/span><\/h4>\n<p>O PMO Summit \u00e9 o principal congresso para l\u00edderes de PMO da Am\u00e9rica Latina, segundo PMI Rio. Realizado pela Blueprintt, desde 2010, o Summit \u00e9 o ponto de encontro para a comunidade de l\u00edderes e especialistas em escrit\u00f3rio de projetos de empresas de grande porte, discutirem as tend\u00eancias emergentes, estudos de caso, melhores pr\u00e1ticas e desafios comuns.<\/p>\n<p>O superintendente de Escrit\u00f3rios de Projetos, Marsal Melo, ressalta como esse destaque nacional \u00e9 fruto do esfor\u00e7o coletivo governamental.<\/p>\n<blockquote><p>\u201cVamos ter a honra de representar o Governo de Goi\u00e1s, somos apenas um peda\u00e7o do todo. Esse momento \u00e9 fruto do trabalho de todos, de 2020 at\u00e9 agora, sobre o comando do nosso secret\u00e1rio Adriano da Rocha Lima, do nosso secret\u00e1rio adjunto Leonardo Saad, mas tamb\u00e9m de toda a equipe que veio antes. \u00c9 uma grande celebra\u00e7\u00e3o dos resultados que alcan\u00e7amos e vamos continuar perseguindo\u201d, celebra Marsal Melo.<\/p><\/blockquote>\n<p>Para o Gerente do PMO Central do Governo de Goi\u00e1s, Daniel Donadeli, a participa\u00e7\u00e3o no congresso internacional ser\u00e1 uma oportunidade \u00edmpar para apresentar a boas pr\u00e1ticas aplicadas em Goi\u00e1s.<\/p>\n<blockquote><p>\u201cSer convidado a participar desse congresso indica nosso destaque a n\u00edvel nacional, por sermos o \u00fanico Estado presente, um reconhecimento da gest\u00e3o que est\u00e1 sendo desenvolvida aqui. Estamos sendo observados, \u00e9 algo relevante\u201d, afirma Daniel Donadeli.<\/p><\/blockquote>\n","protected":false},"excerpt":{"rendered":"<p>Goi\u00e1s ser\u00e1 o \u00fanico Estado brasileiro a apresentar a sua experi\u00eancia de PMO &#8211; Project Management Office, que em portugu\u00eas significa Escrit\u00f3rio de Projetos &#8211; e as inova\u00e7\u00f5es da gest\u00e3o de projetos governamentais durante o PMO Summit 2024, o maior congresso de PMOs da Am\u00e9rica Latina, que ser\u00e1 realizado entre os dias 26 e 28 [&hellip;]<\/p>\n","protected":false},"author":64,"featured_media":14895,"comment_status":"closed","ping_status":"open","sticky":true,"template":"","format":"standard","meta":{"footnotes":"","_links_to":"","_links_to_target":""},"categories":[383],"tags":[526],"class_list":["post-14894","post","type-post","status-publish","format-standard","has-post-thumbnail","hentry","category-noticias","tag-pmo"],"rttpg_featured_image_url":{"full":["https:\/\/goias.gov.br\/governo\/wp-content\/uploads\/sites\/11\/2024\/03\/Captura-de-tela-2024-03-25-175138.png",466,209,false],"landscape":["https:\/\/goias.gov.br\/governo\/wp-content\/uploads\/sites\/11\/2024\/03\/Captura-de-tela-2024-03-25-175138.png",466,209,false],"portraits":["https:\/\/goias.gov.br\/governo\/wp-content\/uploads\/sites\/11\/2024\/03\/Captura-de-tela-2024-03-25-175138.png",466,209,false],"thumbnail":["https:\/\/goias.gov.br\/governo\/wp-content\/uploads\/sites\/11\/2024\/03\/Captura-de-tela-2024-03-25-175138.png",150,67,false],"medium":["https:\/\/goias.gov.br\/governo\/wp-content\/uploads\/sites\/11\/2024\/03\/Captura-de-tela-2024-03-25-175138.png",300,135,false],"large":["https:\/\/goias.gov.br\/governo\/wp-content\/uploads\/sites\/11\/2024\/03\/Captura-de-tela-2024-03-25-175138.png",466,209,false],"1536x1536":["https:\/\/goias.gov.br\/governo\/wp-content\/uploads\/sites\/11\/2024\/03\/Captura-de-tela-2024-03-25-175138.png",466,209,false],"2048x2048":["https:\/\/goias.gov.br\/governo\/wp-content\/uploads\/sites\/11\/2024\/03\/Captura-de-tela-2024-03-25-175138.png",466,209,false]},"rttpg_author":{"display_name":"marianabrandao","author_link":"https:\/\/goias.gov.br\/governo\/author\/marianabrandao\/"},"rttpg_comment":0,"rttpg_category":"<a href=\"https:\/\/goias.gov.br\/governo\/categoria\/noticias\/\" rel=\"category tag\">Not\u00edcias<\/a>","rttpg_excerpt":"Goi\u00e1s ser\u00e1 o \u00fanico Estado brasileiro a apresentar a sua experi\u00eancia de PMO &#8211; Project Management Office, que em portugu\u00eas significa Escrit\u00f3rio de Projetos &#8211; e as inova\u00e7\u00f5es da gest\u00e3o de projetos governamentais durante o PMO Summit 2024, o maior congresso de PMOs da Am\u00e9rica Latina, que ser\u00e1 realizado entre os dias 26 e 28&hellip;","_links":{"self":[{"href":"https:\/\/goias.gov.br\/governo\/wp-json\/wp\/v2\/posts\/14894","targetHints":{"allow":["GET"]}}],"collection":[{"href":"https:\/\/goias.gov.br\/governo\/wp-json\/wp\/v2\/posts"}],"about":[{"href":"https:\/\/goias.gov.br\/governo\/wp-json\/wp\/v2\/types\/post"}],"author":[{"embeddable":true,"href":"https:\/\/goias.gov.br\/governo\/wp-json\/wp\/v2\/users\/64"}],"replies":[{"embeddable":true,"href":"https:\/\/goias.gov.br\/governo\/wp-json\/wp\/v2\/comments?post=14894"}],"version-history":[{"count":2,"href":"https:\/\/goias.gov.br\/governo\/wp-json\/wp\/v2\/posts\/14894\/revisions"}],"predecessor-version":[{"id":14902,"href":"https:\/\/goias.gov.br\/governo\/wp-json\/wp\/v2\/posts\/14894\/revisions\/14902"}],"wp:featuredmedia":[{"embeddable":true,"href":"https:\/\/goias.gov.br\/governo\/wp-json\/wp\/v2\/media\/14895"}],"wp:attachment":[{"href":"https:\/\/goias.gov.br\/governo\/wp-json\/wp\/v2\/media?parent=14894"}],"wp:term":[{"taxonomy":"category","embeddable":true,"href":"https:\/\/goias.gov.br\/governo\/wp-json\/wp\/v2\/categories?post=14894"},{"taxonomy":"post_tag","embeddable":true,"href":"https:\/\/goias.gov.br\/governo\/wp-json\/wp\/v2\/tags?post=14894"}],"curies":[{"name":"wp","href":"https:\/\/api.w.org\/{rel}","templated":true}]}}