

{"id":134744,"date":"2026-03-11T12:08:53","date_gmt":"2026-03-11T15:08:53","guid":{"rendered":"https:\/\/goias.gov.br\/governo\/?p=134744"},"modified":"2026-03-11T12:08:53","modified_gmt":"2026-03-11T15:08:53","slug":"comercio-de-goias-comeca-2026-com-crescimento-acima-da-media-nacional","status":"publish","type":"post","link":"https:\/\/goias.gov.br\/governo\/comercio-de-goias-comeca-2026-com-crescimento-acima-da-media-nacional\/","title":{"rendered":"Com\u00e9rcio de Goi\u00e1s come\u00e7a 2026 com crescimento acima da m\u00e9dia nacional"},"content":{"rendered":"\n<p>O com\u00e9rcio varejista em Goi\u00e1s iniciou 2026 com desempenho superior \u00e0 m\u00e9dia nacional. Dados da Pesquisa Mensal do Com\u00e9rcio (PMC), do Instituto Brasileiro de Geografia e Estat\u00edstica (IBGE), analisados pelo Instituto Mauro Borges de Pesquisa e Pol\u00edtica Econ\u00f4mica (IMB), mostram que o volume de vendas no estado cresceu 3,7% em janeiro, na compara\u00e7\u00e3o com o mesmo m\u00eas de 2025. No Brasil, o avan\u00e7o foi de 2,8% no mesmo per\u00edodo.<\/p>\n\n\n\n<p>Para o secret\u00e1rio-geral de Governo, Adriano da Rocha Lima, o resultado refor\u00e7a o ambiente favor\u00e1vel da economia goiana e a confian\u00e7a no estado para investir e consumir. \u201cO crescimento do com\u00e9rcio \u00e9 reflexo de uma economia din\u00e2mica, com gera\u00e7\u00e3o de empregos, renda e investimentos. Goi\u00e1s tem se destacado nacionalmente pela solidez do seu ambiente de neg\u00f3cios e pelo conjunto de pol\u00edticas p\u00fablicas que estimulam a atividade econ\u00f4mica\u201d, afirma.<\/p>\n\n\n\n<p>\u201cCome\u00e7amos o ano de 2026 muito bem posicionados, com crescimento do com\u00e9rcio varejista em Goi\u00e1s e resultados acima da m\u00e9dia nacional. Isso demonstra as bases s\u00f3lidas da nossa economia, a diversifica\u00e7\u00e3o produtiva e um ambiente cada vez mais favor\u00e1vel aos neg\u00f3cios, que o Governo de Goi\u00e1s, sob a lideran\u00e7a do governador Ronaldo Caiado, tem constru\u00eddo em parceria com os empres\u00e1rios e com a popula\u00e7\u00e3o goiana\u201d, destaca o secret\u00e1rio de Estado de Ind\u00fastria, Com\u00e9rcio e Servi\u00e7os, Joel de Sant\u2019Anna Braga Filho.<\/p>\n\n\n\n<p>Na compara\u00e7\u00e3o com dezembro, considerando os dados com ajuste sazonal, o com\u00e9rcio goiano registrou alta de 0,2%, enquanto no acumulado do ano o crescimento tamb\u00e9m alcan\u00e7a 3,7%, novamente acima da m\u00e9dia nacional.<\/p>\n\n\n\n<p>A an\u00e1lise do IMB destaca que diversos segmentos do varejo apresentaram crescimento expressivo no in\u00edcio do ano, demonstrando expans\u00e3o em diferentes \u00e1reas do consumo.<\/p>\n\n\n\n<p>Entre os principais destaques positivos est\u00e1 o segmento de m\u00f3veis, que registrou crescimento interanual de 21,2%, um dos maiores avan\u00e7os entre as atividades analisadas. O desempenho indica maior dinamismo nas compras de bens dur\u00e1veis pelas fam\u00edlias goianas.<\/p>\n\n\n\n<p>Outro setor com resultado relevante foi o de combust\u00edveis e lubrificantes, com alta de 7,3% em rela\u00e7\u00e3o a janeiro do ano passado, sinalizando maior circula\u00e7\u00e3o de ve\u00edculos e atividade econ\u00f4mica.<\/p>\n\n\n\n<p>Tamb\u00e9m apresentaram crescimento significativo os segmentos de tecidos, vestu\u00e1rio e cal\u00e7ados, com expans\u00e3o de 6,5%, e artigos farmac\u00eauticos, m\u00e9dicos, ortop\u00e9dicos, de perfumaria e cosm\u00e9ticos, com alta de 6,3%.<\/p>\n\n\n\n<p>No grupo de m\u00f3veis e eletrodom\u00e9sticos, o crescimento foi de 7,4%, enquanto o segmento espec\u00edfico de eletrodom\u00e9sticos registrou aumento de 5,8%, refor\u00e7ando a tend\u00eancia de fortalecimento do consumo de bens dur\u00e1veis no estado.<\/p>\n\n\n\n<p>O segmento de hipermercados e supermercados, que concentra grande parte do consumo das fam\u00edlias, tamb\u00e9m apresentou resultado positivo, com crescimento de 2,4% na compara\u00e7\u00e3o anual.<\/p>\n\n\n\n<p>De acordo com a an\u00e1lise do IMB, o desempenho do com\u00e9rcio varejista refor\u00e7a o cen\u00e1rio de atividade econ\u00f4mica aquecida em Goi\u00e1s, com expans\u00e3o do consumo em diversos setores e desempenho superior \u00e0 m\u00e9dia nacional no in\u00edcio de 2026.<\/p>\n","protected":false},"excerpt":{"rendered":"<p>O com\u00e9rcio varejista em Goi\u00e1s iniciou 2026 com desempenho superior \u00e0 m\u00e9dia nacional. Dados da Pesquisa Mensal do Com\u00e9rcio (PMC), do Instituto Brasileiro de Geografia e Estat\u00edstica (IBGE), analisados pelo Instituto Mauro Borges de Pesquisa e Pol\u00edtica Econ\u00f4mica (IMB), mostram que o volume de vendas no estado cresceu 3,7% em janeiro, na compara\u00e7\u00e3o com o [&hellip;]<\/p>\n","protected":false},"author":216,"featured_media":134745,"comment_status":"closed","ping_status":"open","sticky":false,"template":"","format":"standard","meta":{"footnotes":"","_links_to":"","_links_to_target":""},"categories":[383],"tags":[465],"class_list":["post-134744","post","type-post","status-publish","format-standard","has-post-thumbnail","hentry","category-noticias","tag-imb"],"rttpg_featured_image_url":{"full":["https:\/\/goias.gov.br\/governo\/wp-content\/uploads\/sites\/11\/2026\/03\/WhatsApp-Image-2026-03-11-at-12.00.25.jpeg",2560,1706,false],"landscape":["https:\/\/goias.gov.br\/governo\/wp-content\/uploads\/sites\/11\/2026\/03\/WhatsApp-Image-2026-03-11-at-12.00.25.jpeg",2560,1706,false],"portraits":["https:\/\/goias.gov.br\/governo\/wp-content\/uploads\/sites\/11\/2026\/03\/WhatsApp-Image-2026-03-11-at-12.00.25.jpeg",2560,1706,false],"thumbnail":["https:\/\/goias.gov.br\/governo\/wp-content\/uploads\/sites\/11\/2026\/03\/WhatsApp-Image-2026-03-11-at-12.00.25-150x150.jpeg",150,150,true],"medium":["https:\/\/goias.gov.br\/governo\/wp-content\/uploads\/sites\/11\/2026\/03\/WhatsApp-Image-2026-03-11-at-12.00.25-300x200.jpeg",300,200,true],"large":["https:\/\/goias.gov.br\/governo\/wp-content\/uploads\/sites\/11\/2026\/03\/WhatsApp-Image-2026-03-11-at-12.00.25-1024x682.jpeg",1024,682,true],"1536x1536":["https:\/\/goias.gov.br\/governo\/wp-content\/uploads\/sites\/11\/2026\/03\/WhatsApp-Image-2026-03-11-at-12.00.25-1536x1024.jpeg",1536,1024,true],"2048x2048":["https:\/\/goias.gov.br\/governo\/wp-content\/uploads\/sites\/11\/2026\/03\/WhatsApp-Image-2026-03-11-at-12.00.25-2048x1365.jpeg",2048,1365,true]},"rttpg_author":{"display_name":"gabrielabsilva","author_link":"https:\/\/goias.gov.br\/governo\/author\/gabrielabsilva\/"},"rttpg_comment":0,"rttpg_category":"<a href=\"https:\/\/goias.gov.br\/governo\/categoria\/noticias\/\" rel=\"category tag\">Not\u00edcias<\/a>","rttpg_excerpt":"O com\u00e9rcio varejista em Goi\u00e1s iniciou 2026 com desempenho superior \u00e0 m\u00e9dia nacional. Dados da Pesquisa Mensal do Com\u00e9rcio (PMC), do Instituto Brasileiro de Geografia e Estat\u00edstica (IBGE), analisados pelo Instituto Mauro Borges de Pesquisa e Pol\u00edtica Econ\u00f4mica (IMB), mostram que o volume de vendas no estado cresceu 3,7% em janeiro, na compara\u00e7\u00e3o com o&hellip;","_links":{"self":[{"href":"https:\/\/goias.gov.br\/governo\/wp-json\/wp\/v2\/posts\/134744","targetHints":{"allow":["GET"]}}],"collection":[{"href":"https:\/\/goias.gov.br\/governo\/wp-json\/wp\/v2\/posts"}],"about":[{"href":"https:\/\/goias.gov.br\/governo\/wp-json\/wp\/v2\/types\/post"}],"author":[{"embeddable":true,"href":"https:\/\/goias.gov.br\/governo\/wp-json\/wp\/v2\/users\/216"}],"replies":[{"embeddable":true,"href":"https:\/\/goias.gov.br\/governo\/wp-json\/wp\/v2\/comments?post=134744"}],"version-history":[{"count":1,"href":"https:\/\/goias.gov.br\/governo\/wp-json\/wp\/v2\/posts\/134744\/revisions"}],"predecessor-version":[{"id":134746,"href":"https:\/\/goias.gov.br\/governo\/wp-json\/wp\/v2\/posts\/134744\/revisions\/134746"}],"wp:featuredmedia":[{"embeddable":true,"href":"https:\/\/goias.gov.br\/governo\/wp-json\/wp\/v2\/media\/134745"}],"wp:attachment":[{"href":"https:\/\/goias.gov.br\/governo\/wp-json\/wp\/v2\/media?parent=134744"}],"wp:term":[{"taxonomy":"category","embeddable":true,"href":"https:\/\/goias.gov.br\/governo\/wp-json\/wp\/v2\/categories?post=134744"},{"taxonomy":"post_tag","embeddable":true,"href":"https:\/\/goias.gov.br\/governo\/wp-json\/wp\/v2\/tags?post=134744"}],"curies":[{"name":"wp","href":"https:\/\/api.w.org\/{rel}","templated":true}]}}