

{"id":106399,"date":"2025-10-02T16:55:46","date_gmt":"2025-10-02T19:55:46","guid":{"rendered":"https:\/\/goias.gov.br\/governo\/?p=106399"},"modified":"2025-10-02T16:58:22","modified_gmt":"2025-10-02T19:58:22","slug":"sgg-publica-9a-convocacao-de-aprovados-no-processo-seletivo-de-ti","status":"publish","type":"post","link":"https:\/\/goias.gov.br\/governo\/sgg-publica-9a-convocacao-de-aprovados-no-processo-seletivo-de-ti\/","title":{"rendered":"SGG publica 9\u00aa convoca\u00e7\u00e3o de aprovados no processo seletivo de TI"},"content":{"rendered":"\n<p>O Governo de Goi\u00e1s, por meio da Secretaria-Geral de Governo (SGG), realizou nesta quinta-feira (2\/10), a <a href=\"https:\/\/goias.gov.br\/governo\/wp-content\/uploads\/sites\/11\/2025\/10\/9-o-CONVOCACAO_MODELO_TEMPORARIOS_.pdf\" target=\"_blank\" rel=\"noreferrer noopener\">9\u00aa convoca\u00e7\u00e3o<\/a> do processo seletivo simplificado para a contrata\u00e7\u00e3o de profissionais tempor\u00e1rios para atua\u00e7\u00e3o na \u00e1rea de Tecnologia da Informa\u00e7\u00e3o da pasta, conforme publica\u00e7\u00e3o no Di\u00e1rio Oficial do Estado (n\u00ba 24.453) e no <a href=\"https:\/\/selecao.go.gov.br\/\" target=\"_blank\" rel=\"noreferrer noopener\">Portal de Sele\u00e7\u00e3o<\/a>. O edital n\u00ba 001\/2025 foi homologado pelo Secretaria de Estado da Administra\u00e7\u00e3o (SEAD) e est\u00e1 dispon\u00edvel para consulta no <a href=\"https:\/\/selecao.go.gov.br\/\" target=\"_blank\" rel=\"noreferrer noopener\">site<\/a>.<\/p>\n\n\n\n<p>A formaliza\u00e7\u00e3o da contrata\u00e7\u00e3o dos aprovados ser\u00e1 realizada em duas etapas. A primeira, que envolve o envio de documenta\u00e7\u00e3o, deve ser realizada entre os dias 3 e 10 de outubro de 2025. Os candidatos convocados devem encaminhar os documentos exigidos em formato PDF, conforme especificado no anexo do edital, para o e-mail: <a href=\"mailto:ggdp.sgg@goias.gov.br\" target=\"_blank\" rel=\"noreferrer noopener\">ggdp.sgg@goias.gov.br<\/a>.<\/p>\n\n\n\n<p>Na segunda etapa, os classificados dever\u00e3o comparecer na Ger\u00eancia de Gest\u00e3o e Desenvolvimento de Pessoas (GGDP) da SGG, localizada no Pal\u00e1cio Pedro Ludovico Teixeira, Rua 82, n\u00ba 400, 5\u00ba andar, ala leste. O local e hor\u00e1rio para a assinatura do contrato de trabalho e in\u00edcio das atividades ser\u00e3o informados no <a href=\"https:\/\/goias.gov.br\/governo\/wp-content\/uploads\/sites\/11\/2025\/10\/9-o-CONVOCACAO_MODELO_TEMPORARIOS_.pdf\" target=\"_blank\" rel=\"noreferrer noopener\">anexo do edital<\/a>.<\/p>\n\n\n\n<p>Em caso de n\u00e3o comparecimento ou manifesta\u00e7\u00e3o dentro do prazo, o candidato ser\u00e1 considerado desistente e o pr\u00f3ximo candidato habilitado poder\u00e1 ser convocado para ocupar a vaga. Al\u00e9m disso, caso haja desist\u00eancia formal, o processo seletivo continuar\u00e1 com a convoca\u00e7\u00e3o dos candidatos subsequentes, conforme previsto no edital. Situa\u00e7\u00f5es excepcionais ser\u00e3o analisadas pela Comiss\u00e3o Especial do Processo Seletivo.<\/p>\n\n\n\n<p>Outro ponto importante \u00e9 que os candidatos que j\u00e1 mant\u00eam v\u00ednculo com outro \u00f3rg\u00e3o p\u00fablico dever\u00e3o apresentar uma declara\u00e7\u00e3o da institui\u00e7\u00e3o, contendo informa\u00e7\u00f5es sobre o cargo, carga hor\u00e1ria, turno de trabalho e contracheque. A SGG far\u00e1 a verifica\u00e7\u00e3o da compatibilidade de acumula\u00e7\u00e3o de cargos, conforme o artigo 37, inciso XVI, da Constitui\u00e7\u00e3o Federal.<\/p>\n\n\n\n<p>Para mais informa\u00e7\u00f5es, os candidatos devem acessar o <a href=\"https:\/\/goias.gov.br\/governo\/wp-content\/uploads\/sites\/11\/2025\/10\/9-o-CONVOCACAO_MODELO_TEMPORARIOS_.pdf\" target=\"_blank\" rel=\"noreferrer noopener\">Edital de Convoca\u00e7\u00e3o N\u00ba 001\/2025 \u2013 9\u00aa convoca\u00e7\u00e3o na \u00edntegra<\/a> ou entrar em contato por meio do telefone (62) 3270-8651.<\/p>\n","protected":false},"excerpt":{"rendered":"<p>O Governo de Goi\u00e1s, por meio da Secretaria-Geral de Governo (SGG), realizou nesta quinta-feira (2\/10), a 9\u00aa convoca\u00e7\u00e3o do processo seletivo simplificado para a contrata\u00e7\u00e3o de profissionais tempor\u00e1rios para atua\u00e7\u00e3o na \u00e1rea de Tecnologia da Informa\u00e7\u00e3o da pasta, conforme publica\u00e7\u00e3o no Di\u00e1rio Oficial do Estado (n\u00ba 24.453) e no Portal de Sele\u00e7\u00e3o. O edital n\u00ba [&hellip;]<\/p>\n","protected":false},"author":245,"featured_media":8723,"comment_status":"closed","ping_status":"open","sticky":false,"template":"","format":"standard","meta":{"footnotes":"","_links_to":"","_links_to_target":""},"categories":[383],"tags":[],"class_list":["post-106399","post","type-post","status-publish","format-standard","has-post-thumbnail","hentry","category-noticias"],"rttpg_featured_image_url":{"full":["https:\/\/goias.gov.br\/governo\/wp-content\/uploads\/sites\/11\/2022\/01\/Palacio_Pedro_Ludovico_Teixeira_1-984.jpeg",1280,847,false],"landscape":["https:\/\/goias.gov.br\/governo\/wp-content\/uploads\/sites\/11\/2022\/01\/Palacio_Pedro_Ludovico_Teixeira_1-984.jpeg",1280,847,false],"portraits":["https:\/\/goias.gov.br\/governo\/wp-content\/uploads\/sites\/11\/2022\/01\/Palacio_Pedro_Ludovico_Teixeira_1-984.jpeg",1280,847,false],"thumbnail":["https:\/\/goias.gov.br\/governo\/wp-content\/uploads\/sites\/11\/2022\/01\/Palacio_Pedro_Ludovico_Teixeira_1-984-150x150.jpeg",150,150,true],"medium":["https:\/\/goias.gov.br\/governo\/wp-content\/uploads\/sites\/11\/2022\/01\/Palacio_Pedro_Ludovico_Teixeira_1-984-300x199.jpeg",300,199,true],"large":["https:\/\/goias.gov.br\/governo\/wp-content\/uploads\/sites\/11\/2022\/01\/Palacio_Pedro_Ludovico_Teixeira_1-984-1024x678.jpeg",1024,678,true],"1536x1536":["https:\/\/goias.gov.br\/governo\/wp-content\/uploads\/sites\/11\/2022\/01\/Palacio_Pedro_Ludovico_Teixeira_1-984.jpeg",1280,847,false],"2048x2048":["https:\/\/goias.gov.br\/governo\/wp-content\/uploads\/sites\/11\/2022\/01\/Palacio_Pedro_Ludovico_Teixeira_1-984.jpeg",1280,847,false]},"rttpg_author":{"display_name":"gabriellabeltrao","author_link":"https:\/\/goias.gov.br\/governo\/author\/gabriellabeltrao\/"},"rttpg_comment":0,"rttpg_category":"<a href=\"https:\/\/goias.gov.br\/governo\/categoria\/noticias\/\" rel=\"category tag\">Not\u00edcias<\/a>","rttpg_excerpt":"O Governo de Goi\u00e1s, por meio da Secretaria-Geral de Governo (SGG), realizou nesta quinta-feira (2\/10), a 9\u00aa convoca\u00e7\u00e3o do processo seletivo simplificado para a contrata\u00e7\u00e3o de profissionais tempor\u00e1rios para atua\u00e7\u00e3o na \u00e1rea de Tecnologia da Informa\u00e7\u00e3o da pasta, conforme publica\u00e7\u00e3o no Di\u00e1rio Oficial do Estado (n\u00ba 24.453) e no Portal de Sele\u00e7\u00e3o. O edital n\u00ba&hellip;","_links":{"self":[{"href":"https:\/\/goias.gov.br\/governo\/wp-json\/wp\/v2\/posts\/106399","targetHints":{"allow":["GET"]}}],"collection":[{"href":"https:\/\/goias.gov.br\/governo\/wp-json\/wp\/v2\/posts"}],"about":[{"href":"https:\/\/goias.gov.br\/governo\/wp-json\/wp\/v2\/types\/post"}],"author":[{"embeddable":true,"href":"https:\/\/goias.gov.br\/governo\/wp-json\/wp\/v2\/users\/245"}],"replies":[{"embeddable":true,"href":"https:\/\/goias.gov.br\/governo\/wp-json\/wp\/v2\/comments?post=106399"}],"version-history":[{"count":2,"href":"https:\/\/goias.gov.br\/governo\/wp-json\/wp\/v2\/posts\/106399\/revisions"}],"predecessor-version":[{"id":106404,"href":"https:\/\/goias.gov.br\/governo\/wp-json\/wp\/v2\/posts\/106399\/revisions\/106404"}],"wp:featuredmedia":[{"embeddable":true,"href":"https:\/\/goias.gov.br\/governo\/wp-json\/wp\/v2\/media\/8723"}],"wp:attachment":[{"href":"https:\/\/goias.gov.br\/governo\/wp-json\/wp\/v2\/media?parent=106399"}],"wp:term":[{"taxonomy":"category","embeddable":true,"href":"https:\/\/goias.gov.br\/governo\/wp-json\/wp\/v2\/categories?post=106399"},{"taxonomy":"post_tag","embeddable":true,"href":"https:\/\/goias.gov.br\/governo\/wp-json\/wp\/v2\/tags?post=106399"}],"curies":[{"name":"wp","href":"https:\/\/api.w.org\/{rel}","templated":true}]}}