

{"id":212307,"date":"2025-08-05T08:37:00","date_gmt":"2025-08-05T11:37:00","guid":{"rendered":"https:\/\/goias.gov.br\/goiastelecom\/?p=212307"},"modified":"2025-09-18T13:30:11","modified_gmt":"2025-09-18T16:30:11","slug":"colaboradores-da-gt-participaram-de-curso-sobre-tca","status":"publish","type":"post","link":"https:\/\/goias.gov.br\/goiastelecom\/colaboradores-da-gt-participaram-de-curso-sobre-tca\/","title":{"rendered":"Colaboradores da GT participaram de curso sobre TCA"},"content":{"rendered":"\n<p>A GOIASTELECOM (GT) participou da forma\u00e7\u00e3o sobre Termo Circunstanciado Administrativo (TCA), conduzida pela Escola de Governo do Estado de Goi\u00e1s, em Goi\u00e2nia. A capacita\u00e7\u00e3o integrou as atividades do 2\u00ba Pr\u00eamio \u00c9tica e Responsabilidade \u2013 PCP 2025, promovido em parceria com \u00f3rg\u00e3os de controle e fiscaliza\u00e7\u00e3o, com foco no aperfei\u00e7oamento das pr\u00e1ticas de responsabiliza\u00e7\u00e3o proporcional e no fortalecimento da integridade institucional.<\/p>\n\n\n\n<p>Representando a companhia, estiveram presentes a analista cont\u00e1bil Naiane Patricia Lopes Soares e o colaborador Felipe Augusto Dutra Lima, do setor de Compras. Ambos integram a \u00e1rea administrativa da empresa e trouxeram contribui\u00e7\u00f5es ao longo da atividade, que abordou fundamentos legais, crit\u00e9rios de aplicabilidade e diferencia\u00e7\u00f5es entre o TCA e processos disciplinares convencionais.<\/p>\n\n\n\n<p>\u201cO TCA \u00e9 uma ferramenta mais c\u00e9lere e proporcional para lidar com condutas de menor gravidade. Ele contribui para uma atua\u00e7\u00e3o mais t\u00e9cnica, justa e eficiente, sem abrir m\u00e3o da legalidade\u201d, afirmou Naiane. A colaboradora destacou a import\u00e2ncia da ferramenta como recurso de agilidade e proporcionalidade na apura\u00e7\u00e3o de condutas administrativas, especialmente em contextos que demandam respostas imediatas e juridicamente fundamentadas.<\/p>\n\n\n\n<p>Naiane tamb\u00e9m refor\u00e7ou a necessidade de vigil\u00e2ncia constante no uso e na conserva\u00e7\u00e3o do patrim\u00f4nio p\u00fablico. \u201cAprendemos a apurar de forma correta poss\u00edveis danos ou usos indevidos, sempre com base em evid\u00eancias e respeitando o devido processo legal\u201d. As reflex\u00f5es levantadas durante o curso incentivaram a revis\u00e3o de fluxos internos e a busca por maior robustez nos crit\u00e9rios de decis\u00e3o adotados pela empresa.<\/p>\n\n\n\n<p>Como encaminhamento pr\u00e1tico, os participantes planejam sistematizar os aprendizados em forma de instru\u00e7\u00f5es internas. A inten\u00e7\u00e3o \u00e9 utilizar os princ\u00edpios e diretrizes do TCA como refer\u00eancia para aprimorar os procedimentos internos da GT, promovendo maior seguran\u00e7a jur\u00eddica, racionalidade no uso dos recursos e efetividade na condu\u00e7\u00e3o de processos administrativos.<\/p>\n\n\n\n<p><strong>Luana Avelar\/ Comunica\u00e7\u00e3o Setorial<\/strong><\/p>\n","protected":false},"excerpt":{"rendered":"<p>Capacita\u00e7\u00e3o refor\u00e7a integridade administrativa e cuidado com o patrim\u00f4nio p\u00fablico<\/p>\n","protected":false},"author":733,"featured_media":212308,"comment_status":"closed","ping_status":"open","sticky":false,"template":"","format":"standard","meta":{"footnotes":""},"categories":[3],"tags":[54],"class_list":["post-212307","post","type-post","status-publish","format-standard","has-post-thumbnail","hentry","category-noticias","tag-capacitacao-de-servidores"],"rttpg_featured_image_url":{"full":["https:\/\/goias.gov.br\/goiastelecom\/wp-content\/uploads\/sites\/60\/2025\/08\/WhatsApp-Image-2025-08-05-at-14.27.29.jpeg",1280,879,false],"landscape":["https:\/\/goias.gov.br\/goiastelecom\/wp-content\/uploads\/sites\/60\/2025\/08\/WhatsApp-Image-2025-08-05-at-14.27.29.jpeg",1280,879,false],"portraits":["https:\/\/goias.gov.br\/goiastelecom\/wp-content\/uploads\/sites\/60\/2025\/08\/WhatsApp-Image-2025-08-05-at-14.27.29.jpeg",1280,879,false],"thumbnail":["https:\/\/goias.gov.br\/goiastelecom\/wp-content\/uploads\/sites\/60\/2025\/08\/WhatsApp-Image-2025-08-05-at-14.27.29-150x150.jpeg",150,150,true],"medium":["https:\/\/goias.gov.br\/goiastelecom\/wp-content\/uploads\/sites\/60\/2025\/08\/WhatsApp-Image-2025-08-05-at-14.27.29-300x206.jpeg",300,206,true],"large":["https:\/\/goias.gov.br\/goiastelecom\/wp-content\/uploads\/sites\/60\/2025\/08\/WhatsApp-Image-2025-08-05-at-14.27.29-1024x703.jpeg",1024,703,true],"1536x1536":["https:\/\/goias.gov.br\/goiastelecom\/wp-content\/uploads\/sites\/60\/2025\/08\/WhatsApp-Image-2025-08-05-at-14.27.29.jpeg",1280,879,false],"2048x2048":["https:\/\/goias.gov.br\/goiastelecom\/wp-content\/uploads\/sites\/60\/2025\/08\/WhatsApp-Image-2025-08-05-at-14.27.29.jpeg",1280,879,false]},"rttpg_author":{"display_name":"luanaasouza","author_link":"https:\/\/goias.gov.br\/goiastelecom\/author\/luanaasouza\/"},"rttpg_comment":0,"rttpg_category":"<a href=\"https:\/\/goias.gov.br\/goiastelecom\/categoria\/noticias\/\" rel=\"category tag\">Not\u00edcias<\/a>","rttpg_excerpt":"Capacita\u00e7\u00e3o refor\u00e7a integridade administrativa e cuidado com o patrim\u00f4nio p\u00fablico","_links":{"self":[{"href":"https:\/\/goias.gov.br\/goiastelecom\/wp-json\/wp\/v2\/posts\/212307","targetHints":{"allow":["GET"]}}],"collection":[{"href":"https:\/\/goias.gov.br\/goiastelecom\/wp-json\/wp\/v2\/posts"}],"about":[{"href":"https:\/\/goias.gov.br\/goiastelecom\/wp-json\/wp\/v2\/types\/post"}],"author":[{"embeddable":true,"href":"https:\/\/goias.gov.br\/goiastelecom\/wp-json\/wp\/v2\/users\/733"}],"replies":[{"embeddable":true,"href":"https:\/\/goias.gov.br\/goiastelecom\/wp-json\/wp\/v2\/comments?post=212307"}],"version-history":[{"count":1,"href":"https:\/\/goias.gov.br\/goiastelecom\/wp-json\/wp\/v2\/posts\/212307\/revisions"}],"predecessor-version":[{"id":212310,"href":"https:\/\/goias.gov.br\/goiastelecom\/wp-json\/wp\/v2\/posts\/212307\/revisions\/212310"}],"wp:featuredmedia":[{"embeddable":true,"href":"https:\/\/goias.gov.br\/goiastelecom\/wp-json\/wp\/v2\/media\/212308"}],"wp:attachment":[{"href":"https:\/\/goias.gov.br\/goiastelecom\/wp-json\/wp\/v2\/media?parent=212307"}],"wp:term":[{"taxonomy":"category","embeddable":true,"href":"https:\/\/goias.gov.br\/goiastelecom\/wp-json\/wp\/v2\/categories?post=212307"},{"taxonomy":"post_tag","embeddable":true,"href":"https:\/\/goias.gov.br\/goiastelecom\/wp-json\/wp\/v2\/tags?post=212307"}],"curies":[{"name":"wp","href":"https:\/\/api.w.org\/{rel}","templated":true}]}}