

{"id":210463,"date":"2025-05-12T11:40:04","date_gmt":"2025-05-12T14:40:04","guid":{"rendered":"https:\/\/goias.gov.br\/goiastelecom\/?p=210463"},"modified":"2025-05-13T11:42:50","modified_gmt":"2025-05-13T14:42:50","slug":"homenagem-interna-marca-o-dia-das-maes-na-gt","status":"publish","type":"post","link":"https:\/\/goias.gov.br\/goiastelecom\/homenagem-interna-marca-o-dia-das-maes-na-gt\/","title":{"rendered":"Homenagem interna marca o Dia das M\u00e3es na GT"},"content":{"rendered":"\n<p>Na \u00faltima sexta-feira (9), colaboradoras da GOIASTELECOM que exercem a maternidade foram homenageadas em um momento promovido internamente, com apoio do Comit\u00ea Permanente para Quest\u00f5es da Mulher e da Diversidade (CPQMD). A a\u00e7\u00e3o buscou valorizar a trajet\u00f3ria das m\u00e3es que conciliam o cotidiano profissional com as responsabilidades da vida familiar.<\/p>\n\n\n\n<p>A iniciativa integra uma das frentes de atua\u00e7\u00e3o do Comit\u00ea da Mulher, que tem como objetivo propor a\u00e7\u00f5es voltadas \u00e0 equidade, \u00e0 inclus\u00e3o e ao fortalecimento de pol\u00edticas internas de valoriza\u00e7\u00e3o das colaboradoras. Ao reconhecer o papel das m\u00e3es no ambiente de trabalho, a empresa refor\u00e7a seu compromisso com um espa\u00e7o mais emp\u00e1tico e alinhado \u00e0 diversidade de viv\u00eancias.<\/p>\n\n\n\n<p>A Coordenadora do CPQMD, Atamiris Michele destacou que a homenagem \u00e9 parte de um processo cont\u00ednuo de constru\u00e7\u00e3o de uma cultura institucional mais sens\u00edvel \u00e0s quest\u00f5es de g\u00eanero.<\/p>\n\n\n\n<p>\u201cValorizar as m\u00e3es que fazem parte da equipe \u00e9 tamb\u00e9m reconhecer o esfor\u00e7o de quem diariamente se desdobra para manter o equil\u00edbrio entre o cuidado e o desempenho profissional. Nosso comit\u00ea entende que iniciativas como essa contribuem para um ambiente mais justo, onde todas as realidades possam ser respeitadas e acolhidas\u201d, afirmou.<\/p>\n\n\n\n<p>O Comit\u00ea da Mulher segue atuando no desenvolvimento de pol\u00edticas voltadas ao incentivo da diversidade, \u00e0 promo\u00e7\u00e3o da equidade e ao fortalecimento de a\u00e7\u00f5es que ampliem o bem-estar e a participa\u00e7\u00e3o das mulheres nos diferentes espa\u00e7os da empresa.<\/p>\n\n\n\n<p><strong>Luana Avelar\/Comunica\u00e7\u00e3o Setorial<\/strong><\/p>\n","protected":false},"excerpt":{"rendered":"<p>Iniciativa do Comit\u00ea da Mulher refor\u00e7a reconhecimento institucional \u00e0s colaboradoras m\u00e3es<\/p>\n","protected":false},"author":733,"featured_media":210464,"comment_status":"closed","ping_status":"open","sticky":false,"template":"","format":"standard","meta":{"footnotes":""},"categories":[3],"tags":[],"class_list":["post-210463","post","type-post","status-publish","format-standard","has-post-thumbnail","hentry","category-noticias"],"rttpg_featured_image_url":{"full":["https:\/\/goias.gov.br\/goiastelecom\/wp-content\/uploads\/sites\/60\/2025\/05\/IMG_3722-2.jpg",1160,580,false],"landscape":["https:\/\/goias.gov.br\/goiastelecom\/wp-content\/uploads\/sites\/60\/2025\/05\/IMG_3722-2.jpg",1160,580,false],"portraits":["https:\/\/goias.gov.br\/goiastelecom\/wp-content\/uploads\/sites\/60\/2025\/05\/IMG_3722-2.jpg",1160,580,false],"thumbnail":["https:\/\/goias.gov.br\/goiastelecom\/wp-content\/uploads\/sites\/60\/2025\/05\/IMG_3722-2-150x150.jpg",150,150,true],"medium":["https:\/\/goias.gov.br\/goiastelecom\/wp-content\/uploads\/sites\/60\/2025\/05\/IMG_3722-2-300x150.jpg",300,150,true],"large":["https:\/\/goias.gov.br\/goiastelecom\/wp-content\/uploads\/sites\/60\/2025\/05\/IMG_3722-2-1024x512.jpg",1024,512,true],"1536x1536":["https:\/\/goias.gov.br\/goiastelecom\/wp-content\/uploads\/sites\/60\/2025\/05\/IMG_3722-2.jpg",1160,580,false],"2048x2048":["https:\/\/goias.gov.br\/goiastelecom\/wp-content\/uploads\/sites\/60\/2025\/05\/IMG_3722-2.jpg",1160,580,false]},"rttpg_author":{"display_name":"luanaasouza","author_link":"https:\/\/goias.gov.br\/goiastelecom\/author\/luanaasouza\/"},"rttpg_comment":0,"rttpg_category":"<a href=\"https:\/\/goias.gov.br\/goiastelecom\/categoria\/noticias\/\" rel=\"category tag\">Not\u00edcias<\/a>","rttpg_excerpt":"Iniciativa do Comit\u00ea da Mulher refor\u00e7a reconhecimento institucional \u00e0s colaboradoras m\u00e3es","_links":{"self":[{"href":"https:\/\/goias.gov.br\/goiastelecom\/wp-json\/wp\/v2\/posts\/210463","targetHints":{"allow":["GET"]}}],"collection":[{"href":"https:\/\/goias.gov.br\/goiastelecom\/wp-json\/wp\/v2\/posts"}],"about":[{"href":"https:\/\/goias.gov.br\/goiastelecom\/wp-json\/wp\/v2\/types\/post"}],"author":[{"embeddable":true,"href":"https:\/\/goias.gov.br\/goiastelecom\/wp-json\/wp\/v2\/users\/733"}],"replies":[{"embeddable":true,"href":"https:\/\/goias.gov.br\/goiastelecom\/wp-json\/wp\/v2\/comments?post=210463"}],"version-history":[{"count":1,"href":"https:\/\/goias.gov.br\/goiastelecom\/wp-json\/wp\/v2\/posts\/210463\/revisions"}],"predecessor-version":[{"id":210465,"href":"https:\/\/goias.gov.br\/goiastelecom\/wp-json\/wp\/v2\/posts\/210463\/revisions\/210465"}],"wp:featuredmedia":[{"embeddable":true,"href":"https:\/\/goias.gov.br\/goiastelecom\/wp-json\/wp\/v2\/media\/210464"}],"wp:attachment":[{"href":"https:\/\/goias.gov.br\/goiastelecom\/wp-json\/wp\/v2\/media?parent=210463"}],"wp:term":[{"taxonomy":"category","embeddable":true,"href":"https:\/\/goias.gov.br\/goiastelecom\/wp-json\/wp\/v2\/categories?post=210463"},{"taxonomy":"post_tag","embeddable":true,"href":"https:\/\/goias.gov.br\/goiastelecom\/wp-json\/wp\/v2\/tags?post=210463"}],"curies":[{"name":"wp","href":"https:\/\/api.w.org\/{rel}","templated":true}]}}