

{"id":4916,"date":"2024-05-21T11:37:02","date_gmt":"2024-05-21T14:37:02","guid":{"rendered":"https:\/\/goias.gov.br\/goiasprev\/?p=4916"},"modified":"2024-05-27T14:35:56","modified_gmt":"2024-05-27T17:35:56","slug":"governo-de-goias-economiza-cerca-de-2-bilhoes-de-reais-em-quatro-anos-de-vigor-da-reforma-da-previdencia-estadual","status":"publish","type":"post","link":"https:\/\/goias.gov.br\/goiasprev\/governo-de-goias-economiza-cerca-de-2-bilhoes-de-reais-em-quatro-anos-de-vigor-da-reforma-da-previdencia-estadual\/","title":{"rendered":"Governo de Goi\u00e1s economiza cerca de 2 bilh\u00f5es de reais em quatro anos de vigor da Reforma da Previd\u00eancia Estadual"},"content":{"rendered":"\n<p>Ao assumir o governo do Estado de Goi\u00e1s, em 2019, o governador Ronaldo Caiado teve como uma das prioridades a pauta da previd\u00eancia estadual. Em dezembro daquele ano, a Emenda Constitucional Estadual n\u00ba 65\/2019, adequou o sistema previdenci\u00e1rio dos servidores p\u00fablicos do Estado de Goi\u00e1s aos novos par\u00e2metros nacionais estabelecidos pela Reforma da Previd\u00eancia da Uni\u00e3o, esta definida por meio da Emenda Constitucional Federal n\u00b0 103\/2019.<\/p>\n\n\n\n<p>A medida foi essencial para permitir a continuidade do pagamento das aposentadorias e pens\u00f5es dos segurados pertencentes ao Regime Pr\u00f3prio de Previd\u00eancia Social do Estado de Goi\u00e1s-RPPS-GO, gerido pela Goiasprev. Estudos atuariais, realizados em 2019, apontaram que a Reforma geraria uma economia de aproximadamente R$ 6 bilh\u00f5es em uma d\u00e9cada para o ente federativo.<\/p>\n\n\n\n<p>As Emendas trouxeram altera\u00e7\u00f5es das regras na concess\u00e3o de benef\u00edcios, dentre eles, a aposentadoria e a pens\u00e3o por morte. Por consequ\u00eancia, houve mudan\u00e7as no c\u00e1lculo dos benef\u00edcios, no estabelecimento de al\u00edquotas m\u00ednimas e no aumento da idade m\u00ednima de aposentadoria. Dessa forma, a Reforma focou em promover o equil\u00edbrio financeiro e atuarial do RPPS-GO.<\/p>\n\n\n\n<p>A partir de 2020, a Reforma da Previd\u00eancia apresentou efeitos positivos, visto que estimava-se um ganho de R$430 milh\u00f5es, e ao fim, alcan\u00e7ou uma economia aos cofres p\u00fablicos de R$700 milh\u00f5es.<\/p>\n\n\n\n<p>Passados quatro anos da reforma previdenci\u00e1ria, a Goiasprev, por meio da Ger\u00eancia de Atu\u00e1ria e Dados Previdenci\u00e1rios, identificou por meio de an\u00e1lise, um ganho acumulado entre os anos de 2020 a 2023, de aproximadamente, 18% acima do previsto pelos c\u00e1lculos atuariais feitos no per\u00edodo da mudan\u00e7a legislativa. A gerente de Atu\u00e1ria e Dados Previdenci\u00e1rios, Juliana Quintans, explica que &#8220;na \u00e9poca, esperava-se uma economia de R$1,7 bilh\u00e3o, no entanto, este n\u00famero alcan\u00e7ou a marca dos R$ 2 bilh\u00f5es, ou seja, superando a estimativa em cerca de R$300 milh\u00f5es&#8221;.<\/p>\n\n\n\n<p>Segundo o presidente da Goiasprev, Gilvan C\u00e2ndido, esses n\u00fameros mostram que o governador Ronaldo Caiado buscou o caminho certo para a desacelera\u00e7\u00e3o do d\u00e9ficit previdenci\u00e1rio que, em 2019, j\u00e1 alcan\u00e7ava R$ 2,39 bilh\u00f5es. \u201cMais que uma mat\u00e9ria primordial para o equil\u00edbrio financeiro, o governador preocupou-se em honrar o compromisso com a sustentabilidade do Regime e com os futuros pagamentos dos aposentados e pensionistas do Estado de Goi\u00e1s\u201d, afirma.<\/p>\n\n\n\n<p><strong>Goi\u00e1s Previd\u00eancia-Governo de Goi\u00e1s<\/strong><\/p>\n","protected":false},"excerpt":{"rendered":"<p>Uma das principais justificativas para a Reforma da Previd\u00eancia em 2019 era a diminui\u00e7\u00e3o das despesas previdenci\u00e1rias e, consequentemente, do d\u00e9ficit previdenci\u00e1rio. A redu\u00e7\u00e3o dos gastos foi 18% acima do esperado<\/p>\n","protected":false},"author":412,"featured_media":4917,"comment_status":"closed","ping_status":"open","sticky":false,"template":"","format":"standard","meta":{"footnotes":""},"categories":[24],"tags":[],"class_list":["post-4916","post","type-post","status-publish","format-standard","has-post-thumbnail","hentry","category-noticias"],"rttpg_featured_image_url":{"full":["https:\/\/goias.gov.br\/goiasprev\/wp-content\/uploads\/sites\/36\/2024\/05\/WhatsApp-Image-2024-05-17-at-5.58.39-PM.jpeg",1479,828,false],"landscape":["https:\/\/goias.gov.br\/goiasprev\/wp-content\/uploads\/sites\/36\/2024\/05\/WhatsApp-Image-2024-05-17-at-5.58.39-PM.jpeg",1479,828,false],"portraits":["https:\/\/goias.gov.br\/goiasprev\/wp-content\/uploads\/sites\/36\/2024\/05\/WhatsApp-Image-2024-05-17-at-5.58.39-PM.jpeg",1479,828,false],"thumbnail":["https:\/\/goias.gov.br\/goiasprev\/wp-content\/uploads\/sites\/36\/2024\/05\/WhatsApp-Image-2024-05-17-at-5.58.39-PM.jpeg",150,84,false],"medium":["https:\/\/goias.gov.br\/goiasprev\/wp-content\/uploads\/sites\/36\/2024\/05\/WhatsApp-Image-2024-05-17-at-5.58.39-PM.jpeg",300,168,false],"large":["https:\/\/goias.gov.br\/goiasprev\/wp-content\/uploads\/sites\/36\/2024\/05\/WhatsApp-Image-2024-05-17-at-5.58.39-PM.jpeg",1024,573,false],"1536x1536":["https:\/\/goias.gov.br\/goiasprev\/wp-content\/uploads\/sites\/36\/2024\/05\/WhatsApp-Image-2024-05-17-at-5.58.39-PM.jpeg",1479,828,false],"2048x2048":["https:\/\/goias.gov.br\/goiasprev\/wp-content\/uploads\/sites\/36\/2024\/05\/WhatsApp-Image-2024-05-17-at-5.58.39-PM.jpeg",1479,828,false]},"rttpg_author":{"display_name":"paulomecarvalho","author_link":"https:\/\/goias.gov.br\/goiasprev\/author\/paulomecarvalho\/"},"rttpg_comment":0,"rttpg_category":"<a href=\"https:\/\/goias.gov.br\/goiasprev\/categoria\/noticias\/\" rel=\"category tag\">Not\u00edcias<\/a>","rttpg_excerpt":"Uma das principais justificativas para a Reforma da Previd\u00eancia em 2019 era a diminui\u00e7\u00e3o das despesas previdenci\u00e1rias e, consequentemente, do d\u00e9ficit previdenci\u00e1rio. A redu\u00e7\u00e3o dos gastos foi 18% acima do esperado","_links":{"self":[{"href":"https:\/\/goias.gov.br\/goiasprev\/wp-json\/wp\/v2\/posts\/4916","targetHints":{"allow":["GET"]}}],"collection":[{"href":"https:\/\/goias.gov.br\/goiasprev\/wp-json\/wp\/v2\/posts"}],"about":[{"href":"https:\/\/goias.gov.br\/goiasprev\/wp-json\/wp\/v2\/types\/post"}],"author":[{"embeddable":true,"href":"https:\/\/goias.gov.br\/goiasprev\/wp-json\/wp\/v2\/users\/412"}],"replies":[{"embeddable":true,"href":"https:\/\/goias.gov.br\/goiasprev\/wp-json\/wp\/v2\/comments?post=4916"}],"version-history":[{"count":2,"href":"https:\/\/goias.gov.br\/goiasprev\/wp-json\/wp\/v2\/posts\/4916\/revisions"}],"predecessor-version":[{"id":4919,"href":"https:\/\/goias.gov.br\/goiasprev\/wp-json\/wp\/v2\/posts\/4916\/revisions\/4919"}],"wp:featuredmedia":[{"embeddable":true,"href":"https:\/\/goias.gov.br\/goiasprev\/wp-json\/wp\/v2\/media\/4917"}],"wp:attachment":[{"href":"https:\/\/goias.gov.br\/goiasprev\/wp-json\/wp\/v2\/media?parent=4916"}],"wp:term":[{"taxonomy":"category","embeddable":true,"href":"https:\/\/goias.gov.br\/goiasprev\/wp-json\/wp\/v2\/categories?post=4916"},{"taxonomy":"post_tag","embeddable":true,"href":"https:\/\/goias.gov.br\/goiasprev\/wp-json\/wp\/v2\/tags?post=4916"}],"curies":[{"name":"wp","href":"https:\/\/api.w.org\/{rel}","templated":true}]}}