

{"id":4246,"date":"2023-11-10T14:35:52","date_gmt":"2023-11-10T17:35:52","guid":{"rendered":"https:\/\/siteshom.goias.gov.br\/goiasprev\/real-confianca-administracao-e-servicos-ltda\/"},"modified":"2024-02-28T11:19:51","modified_gmt":"2024-02-28T14:19:51","slug":"real-confianca-administracao-e-servicos-ltda","status":"publish","type":"post","link":"https:\/\/goias.gov.br\/goiasprev\/real-confianca-administracao-e-servicos-ltda\/","title":{"rendered":"Real Confian\u00e7a Administra\u00e7\u00e3o e Servicos ltda"},"content":{"rendered":"<h3 style=\"margin-left: 40px;\">\u00a0<\/h3>\n<p style=\"text-align: center;\">\u00a0<\/p>\n<p><!--more--><\/p>\n<p style=\"text-align: center;\"><a class=\"btn btn-success\" href=\"https:\/\/goias.gov.br\/goiasprev\/wp-content\/uploads\/sites\/36\/2023\/11\/real-confianca-administracao-e-servicos-ltda-tabela-63e.xlsx\">Exportar Dados<\/a><\/p>\n\n\n<table class=\"planilhaview display\" style=\"width:100%\"><thead><tr><th>ANO<\/th><th>M\u00caS<\/th><th>NOME <\/th><th>FUN\u00c7\u00c3O\/ATIVIDADE<\/th><th>RAZ\u00c3O SOCIAL<\/th><th>CNPJ<\/th><\/tr><tr><th><input type=\"text\" placeholder=\"Filtrar ANO\"><\/th><th><input type=\"text\" placeholder=\"Filtrar M\u00caS\"><\/th><th><input type=\"text\" placeholder=\"Filtrar NOME \"><\/th><th><input type=\"text\" placeholder=\"Filtrar FUN\u00c7\u00c3O\/ATIVIDADE\"><\/th><th><input type=\"text\" placeholder=\"Filtrar RAZ\u00c3O SOCIAL\"><\/th><th><input type=\"text\" placeholder=\"Filtrar CNPJ\"><\/th><\/tr><\/thead><tbody><tr><td style=\"color: #000000; background-color: #DBE5F2;\">2023<\/td><td style=\"color: #000000; background-color: #DBE5F2;\">Novembro<\/td><td style=\"color: #000000; background-color: #FFFFFF;\">Adriana de Cassia Paiva<\/td><td style=\"color: #000000; background-color: #FFFFFF;\">Assistente T\u00e9cnico Administrativo II<\/td><td style=\"color: #000000; background-color: #DBE5F2;\">REAL CONFIAN\u00c7A ADMINISTRA\u00c7\u00c3O E SERVI\u00c7OS LTDA <\/td><td style=\"color: #000000; background-color: #DBE5F2;\">12.576.703\/0001-41<\/td><\/tr><tr><td style=\"color: #000000; background-color: #DBE5F2;\">2023<\/td><td style=\"color: #000000; background-color: #FFFFFF;\">Novembro<\/td><td style=\"color: #000000; background-color: #FFFFFF;\">Amanda Barbara Gomes de Paula<\/td><td style=\"color: #000000; background-color: #FFFFFF;\">Assistente T\u00e9cnico Administrativo II<\/td><td style=\"color: #000000; background-color: #FFFFFF;\">REAL CONFIAN\u00c7A ADMINISTRA\u00c7\u00c3O E SERVI\u00c7OS LTDA <\/td><td style=\"color: #000000; background-color: #FFFFFF;\">12.576.703\/0001-41<\/td><\/tr><tr><td style=\"color: #000000; background-color: #DBE5F2;\">2023<\/td><td style=\"color: #000000; background-color: #DBE5F2;\">Novembro<\/td><td style=\"color: #000000; background-color: #FFFFFF;\">Amanda Cristina Josias Lima<\/td><td style=\"color: #000000; background-color: #FFFFFF;\">Assistente T\u00e9cnico Administrativo II<\/td><td style=\"color: #000000; background-color: #DBE5F2;\">REAL CONFIAN\u00c7A ADMINISTRA\u00c7\u00c3O E SERVI\u00c7OS LTDA <\/td><td style=\"color: #000000; background-color: #DBE5F2;\">12.576.703\/0001-41<\/td><\/tr><tr><td style=\"color: #000000; background-color: #DBE5F2;\">2023<\/td><td style=\"color: #000000; background-color: #FFFFFF;\">Novembro<\/td><td style=\"color: #000000; background-color: #FFFFFF;\">Ana Paula Gomes Moreira<\/td><td style=\"color: #000000; background-color: #FFFFFF;\">Assistente T\u00e9cnico Administrativo II<\/td><td style=\"color: #000000; background-color: #FFFFFF;\">REAL CONFIAN\u00c7A ADMINISTRA\u00c7\u00c3O E SERVI\u00c7OS LTDA <\/td><td style=\"color: #000000; background-color: #FFFFFF;\">12.576.703\/0001-41<\/td><\/tr><tr><td style=\"color: #000000; background-color: #DBE5F2;\">2023<\/td><td style=\"color: #000000; background-color: #DBE5F2;\">Novembro<\/td><td style=\"color: #000000; background-color: #FFFFFF;\">Callebe Fernandes de Oliveira<\/td><td style=\"color: #000000; background-color: #FFFFFF;\">Assistente T\u00e9cnico Administrativo II<\/td><td style=\"color: #000000; background-color: #DBE5F2;\">REAL CONFIAN\u00c7A ADMINISTRA\u00c7\u00c3O E SERVI\u00c7OS LTDA <\/td><td style=\"color: #000000; background-color: #DBE5F2;\">12.576.703\/0001-41<\/td><\/tr><tr><td style=\"color: #000000; background-color: #DBE5F2;\">2023<\/td><td style=\"color: #000000; background-color: #FFFFFF;\">Novembro<\/td><td style=\"color: #000000; background-color: #FFFFFF;\">Carlos Eduado Borges de Soza<\/td><td style=\"color: #000000; background-color: #FFFFFF;\">Assistente T\u00e9cnico Administrativo II<\/td><td style=\"color: #000000; background-color: #FFFFFF;\">REAL CONFIAN\u00c7A ADMINISTRA\u00c7\u00c3O E SERVI\u00c7OS LTDA <\/td><td style=\"color: #000000; background-color: #FFFFFF;\">12.576.703\/0001-41<\/td><\/tr><tr><td style=\"color: #000000; background-color: #DBE5F2;\">2023<\/td><td style=\"color: #000000; background-color: #DBE5F2;\">Novembro<\/td><td style=\"color: #000000; background-color: #FFFFFF;\">Cristiany Barros e Silva<\/td><td style=\"color: #000000; background-color: #FFFFFF;\">Assistente T\u00e9cnico Administrativo II<\/td><td style=\"color: #000000; background-color: #DBE5F2;\">REAL CONFIAN\u00c7A ADMINISTRA\u00c7\u00c3O E SERVI\u00c7OS LTDA <\/td><td style=\"color: #000000; background-color: #DBE5F2;\">12.576.703\/0001-41<\/td><\/tr><tr><td style=\"color: #000000; background-color: #DBE5F2;\">2023<\/td><td style=\"color: #000000; background-color: #FFFFFF;\">Novembro<\/td><td style=\"color: #000000; background-color: #FFFFFF;\">Denise da Costa Ara\u00fajo<\/td><td style=\"color: #000000; background-color: #FFFFFF;\">Assistente T\u00e9cnico Administrativo II<\/td><td style=\"color: #000000; background-color: #FFFFFF;\">REAL CONFIAN\u00c7A ADMINISTRA\u00c7\u00c3O E SERVI\u00c7OS LTDA <\/td><td style=\"color: #000000; background-color: #FFFFFF;\">12.576.703\/0001-41<\/td><\/tr><tr><td style=\"color: #000000; background-color: #DBE5F2;\">2023<\/td><td style=\"color: #000000; background-color: #DBE5F2;\">Novembro<\/td><td style=\"color: #000000; background-color: #FFFFFF;\">Djeimes Ventura do Nascimento<\/td><td style=\"color: #000000; background-color: #FFFFFF;\">Assistente T\u00e9cnico Administrativo II<\/td><td style=\"color: #000000; background-color: #DBE5F2;\">REAL CONFIAN\u00c7A ADMINISTRA\u00c7\u00c3O E SERVI\u00c7OS LTDA <\/td><td style=\"color: #000000; background-color: #DBE5F2;\">12.576.703\/0001-41<\/td><\/tr><tr><td style=\"color: #000000; background-color: #DBE5F2;\">2023<\/td><td style=\"color: #000000; background-color: #DBE5F2;\">Novembro<\/td><td style=\"color: #000000; background-color: #FFFFFF;\">Flavia Alves da Silva<\/td><td style=\"color: #000000; background-color: #FFFFFF;\">Assistente T\u00e9cnico Administrativo II<\/td><td style=\"color: #000000; background-color: #FFFFFF;\">REAL CONFIAN\u00c7A ADMINISTRA\u00c7\u00c3O E SERVI\u00c7OS LTDA <\/td><td style=\"color: #000000; background-color: #FFFFFF;\">12.576.703\/0001-41<\/td><\/tr><tr><td style=\"color: #000000; background-color: #DBE5F2;\">2023<\/td><td style=\"color: #000000; background-color: #FFFFFF;\">Novembro<\/td><td style=\"color: #000000; background-color: #FFFFFF;\">Giovanne Vieira dos Reis<\/td><td style=\"color: #000000; background-color: #FFFFFF;\">Assistente T\u00e9cnico Administrativo I<\/td><td style=\"color: #000000; background-color: #DBE5F2;\">REAL CONFIAN\u00c7A ADMINISTRA\u00c7\u00c3O E SERVI\u00c7OS LTDA <\/td><td style=\"color: #000000; background-color: #DBE5F2;\">12.576.703\/0001-41<\/td><\/tr><tr><td style=\"color: #000000; background-color: #DBE5F2;\">2023<\/td><td style=\"color: #000000; background-color: #DBE5F2;\">Novembro<\/td><td style=\"color: #000000; background-color: #FFFFFF;\">Gustavo Martins Guimar\u00e3es<\/td><td style=\"color: #000000; background-color: #FFFFFF;\">Assistente T\u00e9cnico Administrativo II<\/td><td style=\"color: #000000; background-color: #FFFFFF;\">REAL CONFIAN\u00c7A ADMINISTRA\u00c7\u00c3O E SERVI\u00c7OS LTDA <\/td><td style=\"color: #000000; background-color: #FFFFFF;\">12.576.703\/0001-41<\/td><\/tr><tr><td style=\"color: #000000; background-color: #DBE5F2;\">2023<\/td><td style=\"color: #000000; background-color: #FFFFFF;\">Novembro<\/td><td style=\"color: #000000; background-color: #FFFFFF;\">H\u00e9rcules Dias Rosa Neto<\/td><td style=\"color: #000000; background-color: #FFFFFF;\">Assistente T\u00e9cnico Administrativo I<\/td><td style=\"color: #000000; background-color: #DBE5F2;\">REAL CONFIAN\u00c7A ADMINISTRA\u00c7\u00c3O E SERVI\u00c7OS LTDA <\/td><td style=\"color: #000000; background-color: #DBE5F2;\">12.576.703\/0001-41<\/td><\/tr><tr><td style=\"color: #000000; background-color: #DBE5F2;\">2023<\/td><td style=\"color: #000000; background-color: #DBE5F2;\">Novembro<\/td><td style=\"color: #000000; background-color: #FFFFFF;\">Hiam Mohamad Jradi de Souza<\/td><td style=\"color: #000000; background-color: #FFFFFF;\">Assistente T\u00e9cnico Administrativo II<\/td><td style=\"color: #000000; background-color: #FFFFFF;\">REAL CONFIAN\u00c7A ADMINISTRA\u00c7\u00c3O E SERVI\u00c7OS LTDA <\/td><td style=\"color: #000000; background-color: #FFFFFF;\">12.576.703\/0001-41<\/td><\/tr><tr><td style=\"color: #000000; background-color: #DBE5F2;\">2023<\/td><td style=\"color: #000000; background-color: #FFFFFF;\">Novembro<\/td><td style=\"color: #000000; background-color: #FFFFFF;\">Jean Lucas J\u00fanior<\/td><td style=\"color: #000000; background-color: #FFFFFF;\">Assistente T\u00e9cnico Administrativo I<\/td><td style=\"color: #000000; background-color: #DBE5F2;\">REAL CONFIAN\u00c7A ADMINISTRA\u00c7\u00c3O E SERVI\u00c7OS LTDA <\/td><td style=\"color: #000000; background-color: #DBE5F2;\">12.576.703\/0001-41<\/td><\/tr><tr><td style=\"color: #000000; background-color: #DBE5F2;\">2023<\/td><td style=\"color: #000000; background-color: #DBE5F2;\">Novembro<\/td><td style=\"color: #000000; background-color: #FFFFFF;\">Jullia Barbara Gonzaga Moreira<\/td><td style=\"color: #000000; background-color: #FFFFFF;\">Assistente T\u00e9cnico Administrativo I<\/td><td style=\"color: #000000; background-color: #FFFFFF;\">REAL CONFIAN\u00c7A ADMINISTRA\u00c7\u00c3O E SERVI\u00c7OS LTDA <\/td><td style=\"color: #000000; background-color: #FFFFFF;\">12.576.703\/0001-41<\/td><\/tr><tr><td style=\"color: #000000; background-color: #DBE5F2;\">2023<\/td><td style=\"color: #000000; background-color: #FFFFFF;\">Novembro<\/td><td style=\"color: #000000; background-color: #FFFFFF;\">Kamila de Mesquita Milhomens<\/td><td style=\"color: #000000; background-color: #FFFFFF;\">Assistente T\u00e9cnico Administrativo I<\/td><td style=\"color: #000000; background-color: #DBE5F2;\">REAL CONFIAN\u00c7A ADMINISTRA\u00c7\u00c3O E SERVI\u00c7OS LTDA <\/td><td style=\"color: #000000; background-color: #DBE5F2;\">12.576.703\/0001-41<\/td><\/tr><tr><td style=\"color: #000000; background-color: #DBE5F2;\">2023<\/td><td style=\"color: #000000; background-color: #DBE5F2;\">Novembro<\/td><td style=\"color: #000000; background-color: #FFFFFF;\">Karine Dor\u00e7a de Almeida<\/td><td style=\"color: #000000; background-color: #FFFFFF;\">Assistente T\u00e9cnico Administrativo II<\/td><td style=\"color: #000000; background-color: #FFFFFF;\">REAL CONFIAN\u00c7A ADMINISTRA\u00c7\u00c3O E SERVI\u00c7OS LTDA <\/td><td style=\"color: #000000; background-color: #FFFFFF;\">12.576.703\/0001-41<\/td><\/tr><tr><td style=\"color: #000000; background-color: #DBE5F2;\">2023<\/td><td style=\"color: #000000; background-color: #DBE5F2;\">Novembro<\/td><td style=\"color: #000000; background-color: #FFFFFF;\">Lara Cordeiro Costa<\/td><td style=\"color: #000000; background-color: #FFFFFF;\">Assistente T\u00e9cnico Administrativo II<\/td><td style=\"color: #000000; background-color: #DBE5F2;\">REAL CONFIAN\u00c7A ADMINISTRA\u00c7\u00c3O E SERVI\u00c7OS LTDA <\/td><td style=\"color: #000000; background-color: #DBE5F2;\">12.576.703\/0001-41<\/td><\/tr><tr><td style=\"color: #000000; background-color: #DBE5F2;\">2023<\/td><td style=\"color: #000000; background-color: #FFFFFF;\">Novembro<\/td><td style=\"color: #000000; background-color: #FFFFFF;\">Leydyanne Andrade Nogueira<\/td><td style=\"color: #000000; background-color: #FFFFFF;\">Assistente T\u00e9cnico Administrativo II<\/td><td style=\"color: #000000; background-color: #FFFFFF;\">REAL CONFIAN\u00c7A ADMINISTRA\u00c7\u00c3O E SERVI\u00c7OS LTDA <\/td><td style=\"color: #000000; background-color: #FFFFFF;\">12.576.703\/0001-41<\/td><\/tr><tr><td style=\"color: #000000; background-color: #DBE5F2;\">2023<\/td><td style=\"color: #000000; background-color: #DBE5F2;\">Novembro<\/td><td style=\"color: #000000; background-color: #FFFFFF;\">Lorena Maria Prudente Costa<\/td><td style=\"color: #000000; background-color: #FFFFFF;\">Assistente T\u00e9cnico Administrativo II<\/td><td style=\"color: #000000; background-color: #DBE5F2;\">REAL CONFIAN\u00c7A ADMINISTRA\u00c7\u00c3O E SERVI\u00c7OS LTDA <\/td><td style=\"color: #000000; background-color: #DBE5F2;\">12.576.703\/0001-41<\/td><\/tr><tr><td style=\"color: #000000; background-color: #DBE5F2;\">2023<\/td><td style=\"color: #000000; background-color: #FFFFFF;\">Novembro<\/td><td style=\"color: #000000; background-color: #FFFFFF;\">Lucelma Gomes de Sousa<\/td><td style=\"color: #000000; background-color: #FFFFFF;\">Assistente T\u00e9cnico Administrativo II<\/td><td style=\"color: #000000; background-color: #FFFFFF;\">REAL CONFIAN\u00c7A ADMINISTRA\u00c7\u00c3O E SERVI\u00c7OS LTDA <\/td><td style=\"color: #000000; background-color: #FFFFFF;\">12.576.703\/0001-41<\/td><\/tr><tr><td style=\"color: #000000; background-color: #DBE5F2;\">2023<\/td><td style=\"color: #000000; background-color: #DBE5F2;\">Novembro<\/td><td style=\"color: #000000; background-color: #FFFFFF;\">Luciana Lia Gon\u00e7alves Camelo<\/td><td style=\"color: #000000; background-color: #FFFFFF;\">Assistente T\u00e9cnico Administrativo II<\/td><td style=\"color: #000000; background-color: #DBE5F2;\">REAL CONFIAN\u00c7A ADMINISTRA\u00c7\u00c3O E SERVI\u00c7OS LTDA <\/td><td style=\"color: #000000; background-color: #DBE5F2;\">12.576.703\/0001-41<\/td><\/tr><tr><td style=\"color: #000000; background-color: #DBE5F2;\">2023<\/td><td style=\"color: #000000; background-color: #FFFFFF;\">Novembro<\/td><td style=\"color: #000000; background-color: #FFFFFF;\">Luciane do Nascimento Neves<\/td><td style=\"color: #000000; background-color: #FFFFFF;\">Assistente T\u00e9cnico Administrativo II<\/td><td style=\"color: #000000; background-color: #FFFFFF;\">REAL CONFIAN\u00c7A ADMINISTRA\u00c7\u00c3O E SERVI\u00c7OS LTDA <\/td><td style=\"color: #000000; background-color: #FFFFFF;\">12.576.703\/0001-41<\/td><\/tr><tr><td style=\"color: #000000; background-color: #DBE5F2;\">2023<\/td><td style=\"color: #000000; background-color: #DBE5F2;\">Novembro<\/td><td style=\"color: #000000; background-color: #FFFFFF;\">Marcia de F\u00e1tima Oliveira Coutinho<\/td><td style=\"color: #000000; background-color: #FFFFFF;\">Assistente T\u00e9cnico Administrativo II<\/td><td style=\"color: #000000; background-color: #DBE5F2;\">REAL CONFIAN\u00c7A ADMINISTRA\u00c7\u00c3O E SERVI\u00c7OS LTDA <\/td><td style=\"color: #000000; background-color: #DBE5F2;\">12.576.703\/0001-41<\/td><\/tr><tr><td style=\"color: #000000; background-color: #DBE5F2;\">2023<\/td><td style=\"color: #000000; background-color: #FFFFFF;\">Novembro<\/td><td style=\"color: #000000; background-color: #FFFFFF;\">Melissa de Holanda Batista<\/td><td style=\"color: #000000; background-color: #FFFFFF;\">Assistente T\u00e9cnico Administrativo II<\/td><td style=\"color: #000000; background-color: #FFFFFF;\">REAL CONFIAN\u00c7A ADMINISTRA\u00c7\u00c3O E SERVI\u00c7OS LTDA <\/td><td style=\"color: #000000; background-color: #FFFFFF;\">12.576.703\/0001-41<\/td><\/tr><tr><td style=\"color: #000000; background-color: #DBE5F2;\">2023<\/td><td style=\"color: #000000; background-color: #DBE5F2;\">Novembro<\/td><td style=\"color: #000000; background-color: #FFFFFF;\">Natalia Paulino da Silva<\/td><td style=\"color: #000000; background-color: #FFFFFF;\">Assistente T\u00e9cnico Administrativo I<\/td><td style=\"color: #000000; background-color: #DBE5F2;\">REAL CONFIAN\u00c7A ADMINISTRA\u00c7\u00c3O E SERVI\u00c7OS LTDA <\/td><td style=\"color: #000000; background-color: #DBE5F2;\">12.576.703\/0001-41<\/td><\/tr><tr><td style=\"color: #000000; background-color: #DBE5F2;\">2023<\/td><td style=\"color: #000000; background-color: #DBE5F2;\">Novembro<\/td><td style=\"color: #000000; background-color: #FFFFFF;\">Paulo C\u00e9zar Andrade de Souza<\/td><td style=\"color: #000000; background-color: #FFFFFF;\">Assistente T\u00e9cnico Administrativo II<\/td><td style=\"color: #000000; background-color: #FFFFFF;\">REAL CONFIAN\u00c7A ADMINISTRA\u00c7\u00c3O E SERVI\u00c7OS LTDA <\/td><td style=\"color: #000000; background-color: #FFFFFF;\">12.576.703\/0001-41<\/td><\/tr><tr><td style=\"color: #000000; background-color: #DBE5F2;\">2023<\/td><td style=\"color: #000000; background-color: #FFFFFF;\">Novembro<\/td><td style=\"color: #000000; background-color: #FFFFFF;\">Polyanna Silva de Oliveira<\/td><td style=\"color: #000000; background-color: #FFFFFF;\">Assistente T\u00e9cnico Administrativo II<\/td><td style=\"color: #000000; background-color: #DBE5F2;\">REAL CONFIAN\u00c7A ADMINISTRA\u00c7\u00c3O E SERVI\u00c7OS LTDA <\/td><td style=\"color: #000000; background-color: #DBE5F2;\">12.576.703\/0001-41<\/td><\/tr><tr><td style=\"color: #000000; background-color: #DBE5F2;\">2023<\/td><td style=\"color: #000000; background-color: #DBE5F2;\">Novembro<\/td><td style=\"color: #000000; background-color: #FFFFFF;\">Raylander Pacheco Rosa<\/td><td style=\"color: #000000; background-color: #FFFFFF;\">Assistente T\u00e9cnico Administrativo I<\/td><td style=\"color: #000000; background-color: #FFFFFF;\">REAL CONFIAN\u00c7A ADMINISTRA\u00c7\u00c3O E SERVI\u00c7OS LTDA <\/td><td style=\"color: #000000; background-color: #FFFFFF;\">12.576.703\/0001-41<\/td><\/tr><tr><td style=\"color: #000000; background-color: #DBE5F2;\">2023<\/td><td style=\"color: #000000; background-color: #FFFFFF;\">Novembro<\/td><td style=\"color: #000000; background-color: #FFFFFF;\">Rosana Pereira Rodrigues<\/td><td style=\"color: #000000; background-color: #FFFFFF;\">Assistente T\u00e9cnico Administrativo I<\/td><td style=\"color: #000000; background-color: #DBE5F2;\">REAL CONFIAN\u00c7A ADMINISTRA\u00c7\u00c3O E SERVI\u00c7OS LTDA <\/td><td style=\"color: #000000; background-color: #DBE5F2;\">12.576.703\/0001-41<\/td><\/tr><tr><td style=\"color: #000000; background-color: #DBE5F2;\">2023<\/td><td style=\"color: #000000; background-color: #DBE5F2;\">Novembro<\/td><td style=\"color: #000000; background-color: #FFFFFF;\">S\u00e9rgio dos Santos Neto<\/td><td style=\"color: #000000; background-color: #FFFFFF;\">Assistente T\u00e9cnico Administrativo I<\/td><td style=\"color: #000000; background-color: #FFFFFF;\">REAL CONFIAN\u00c7A ADMINISTRA\u00c7\u00c3O E SERVI\u00c7OS LTDA <\/td><td style=\"color: #000000; background-color: #FFFFFF;\">12.576.703\/0001-41<\/td><\/tr><tr><td style=\"color: #000000; background-color: #DBE5F2;\">2023<\/td><td style=\"color: #000000; background-color: #FFFFFF;\">Novembro<\/td><td style=\"color: #000000; background-color: #FFFFFF;\">Tatiana Augusta Ramos Machado<\/td><td style=\"color: #000000; background-color: #FFFFFF;\">Assistente T\u00e9cnico Administrativo II<\/td><td style=\"color: #000000; background-color: #DBE5F2;\">REAL CONFIAN\u00c7A ADMINISTRA\u00c7\u00c3O E SERVI\u00c7OS LTDA <\/td><td style=\"color: #000000; background-color: #DBE5F2;\">12.576.703\/0001-41<\/td><\/tr><tr><td style=\"color: #000000; background-color: #DBE5F2;\">2023<\/td><td style=\"color: #000000; background-color: #DBE5F2;\">Novembro<\/td><td style=\"color: #000000; background-color: #FFFFFF;\">Vanuza Mendon\u00e7a de Souza<\/td><td style=\"color: #000000; background-color: #FFFFFF;\">Assistente T\u00e9cnico Administrativo I<\/td><td style=\"color: #000000; background-color: #FFFFFF;\">REAL CONFIAN\u00c7A ADMINISTRA\u00c7\u00c3O E SERVI\u00c7OS LTDA <\/td><td style=\"color: #000000; background-color: #FFFFFF;\">12.576.703\/0001-41<\/td><\/tr><tr><td style=\"color: #000000; background-color: #DBE5F2;\">2023<\/td><td style=\"color: #000000; background-color: #FFFFFF;\">Novembro<\/td><td style=\"color: #000000; background-color: #FFFFFF;\">Vin\u00edcius Ferreira de S\u00e1<\/td><td style=\"color: #000000; background-color: #FFFFFF;\">Assistente T\u00e9cnico Administrativo I<\/td><td style=\"color: #000000; background-color: #DBE5F2;\">REAL CONFIAN\u00c7A ADMINISTRA\u00c7\u00c3O E SERVI\u00c7OS LTDA <\/td><td style=\"color: #000000; background-color: #DBE5F2;\">12.576.703\/0001-41<\/td><\/tr><tr><td style=\"color: #000000; background-color: #DBE5F2;\">2023<\/td><td style=\"color: #000000; background-color: #DBE5F2;\">Novembro<\/td><td style=\"color: #000000; background-color: #FFFFFF;\">Vin\u00edcius Gomes Fernandes de Sousa Costa<\/td><td style=\"color: #000000; background-color: #FFFFFF;\">Assistente T\u00e9cnico Administrativo I<\/td><td style=\"color: #000000; background-color: #FFFFFF;\">REAL CONFIAN\u00c7A ADMINISTRA\u00c7\u00c3O E SERVI\u00c7OS LTDA <\/td><td style=\"color: #000000; background-color: #FFFFFF;\">12.576.703\/0001-41<\/td><\/tr><tr><td style=\"color: #000000; background-color: #DBE5F2;\">2023<\/td><td style=\"color: #000000; background-color: #DBE5F2;\">Novembro<\/td><td style=\"color: #000000; background-color: #FFFFFF;\">Yuri Rodrigues Ribeiro<\/td><td style=\"color: #000000; background-color: #FFFFFF;\">Assistente T\u00e9cnico Administrativo I<\/td><td style=\"color: #000000; background-color: #DBE5F2;\">REAL CONFIAN\u00c7A ADMINISTRA\u00c7\u00c3O E SERVI\u00c7OS LTDA <\/td><td style=\"color: #000000; background-color: #DBE5F2;\">12.576.703\/0001-41<\/td><\/tr><\/tbody><\/table><div class=\"wp-block-file\"><a href=\"https:\/\/goias.gov.br\/goiasprev\/wp-content\/uploads\/sites\/36\/files\/Assessoria_Estrategica\/real-confianca-administracao-e-servicos-ltda-tabela.xlsx\">real-confianca-administracao-e-servicos-ltda-tabela.xlsx&nbsp; <span class=\"wp-block-file__button wp-element-button\">Baixar<\/span><\/a><\/div>\n","protected":false},"excerpt":{"rendered":"<p>\u00a0 \u00a0<\/p>\n","protected":false},"author":713,"featured_media":0,"comment_status":"closed","ping_status":"open","sticky":false,"template":"","format":"standard","meta":{"footnotes":""},"categories":[23],"tags":[],"class_list":["post-4246","post","type-post","status-publish","format-standard","hentry","category-institucional"],"rttpg_featured_image_url":null,"rttpg_author":{"display_name":"C\u00e9sar Augusto","author_link":"https:\/\/goias.gov.br\/goiasprev\/author\/cesarpacheco\/"},"rttpg_comment":0,"rttpg_category":"<a href=\"https:\/\/goias.gov.br\/goiasprev\/categoria\/institucional\/\" rel=\"category tag\">Institucional<\/a>","rttpg_excerpt":"\u00a0 \u00a0","_links":{"self":[{"href":"https:\/\/goias.gov.br\/goiasprev\/wp-json\/wp\/v2\/posts\/4246","targetHints":{"allow":["GET"]}}],"collection":[{"href":"https:\/\/goias.gov.br\/goiasprev\/wp-json\/wp\/v2\/posts"}],"about":[{"href":"https:\/\/goias.gov.br\/goiasprev\/wp-json\/wp\/v2\/types\/post"}],"author":[{"embeddable":true,"href":"https:\/\/goias.gov.br\/goiasprev\/wp-json\/wp\/v2\/users\/713"}],"replies":[{"embeddable":true,"href":"https:\/\/goias.gov.br\/goiasprev\/wp-json\/wp\/v2\/comments?post=4246"}],"version-history":[{"count":1,"href":"https:\/\/goias.gov.br\/goiasprev\/wp-json\/wp\/v2\/posts\/4246\/revisions"}],"predecessor-version":[{"id":4408,"href":"https:\/\/goias.gov.br\/goiasprev\/wp-json\/wp\/v2\/posts\/4246\/revisions\/4408"}],"wp:attachment":[{"href":"https:\/\/goias.gov.br\/goiasprev\/wp-json\/wp\/v2\/media?parent=4246"}],"wp:term":[{"taxonomy":"category","embeddable":true,"href":"https:\/\/goias.gov.br\/goiasprev\/wp-json\/wp\/v2\/categories?post=4246"},{"taxonomy":"post_tag","embeddable":true,"href":"https:\/\/goias.gov.br\/goiasprev\/wp-json\/wp\/v2\/tags?post=4246"}],"curies":[{"name":"wp","href":"https:\/\/api.w.org\/{rel}","templated":true}]}}