

{"id":3803,"date":"2022-04-06T09:49:39","date_gmt":"2022-04-06T12:49:39","guid":{"rendered":"https:\/\/siteshom.goias.gov.br\/goiasprev\/conselho-fiscal-2\/"},"modified":"2025-11-24T16:27:10","modified_gmt":"2025-11-24T19:27:10","slug":"conselho-fiscal-2","status":"publish","type":"post","link":"https:\/\/goias.gov.br\/goiasprev\/conselho-fiscal-2\/","title":{"rendered":"Composi\u00e7\u00e3o do Conselho Fiscal da GOIASPREV"},"content":{"rendered":"<table style=\"width: 1357px\" border=\"0\" width=\"667\" cellspacing=\"0\" cellpadding=\"0\" align=\"center\">\n<tbody>\n<tr>\n<td style=\"width: 100%;height: 48px;background-color: #eeeeee;border-color: #000000\" colspan=\"3\">\n<p align=\"center\"><strong>REPRESENTANTES INDICADOS PELOS PODERES E \u00d3RG\u00c3OS CONSTITUCIONAIS AUT\u00d4NOMOS<\/strong><\/p>\n<\/td>\n<\/tr>\n<tr>\n<td style=\"width: 38%;height: 21px;background-color: #eeeeee;border-color: #000000\" nowrap=\"nowrap\">\n<p align=\"center\"><strong>REPRESENTATIVIDADE<\/strong><\/p>\n<\/td>\n<td style=\"width: 33%;height: 21px;background-color: #eeeeee;border-color: #000000;text-align: center\" nowrap=\"nowrap\"><strong>MEMBRO TITULAR<\/strong><\/td>\n<td style=\"width: 29%;height: 21px;background-color: #eeeeee;border-color: #000000;text-align: center\" nowrap=\"nowrap\"><strong>MEMBRO SUPLENTE<\/strong><\/td>\n<\/tr>\n<tr>\n<td style=\"width: 38%;height: 21px;border-color: #000000\">\n<p align=\"center\">PODER EXECUTIVO<\/p>\n<\/td>\n<td style=\"width: 33%;height: 21px;border-color: #000000\">\n<p align=\"center\">Lu\u00eds Henrique Crispim<\/p>\n<\/td>\n<td style=\"width: 29%;height: 21px;border-color: #000000;text-align: center\">\u00a0<\/td>\n<\/tr>\n<tr>\n<td style=\"width: 38%;height: 21px;border-color: #000000\">\n<p align=\"center\">PODER JUDICI\u00c1RIO\u00a0 \/ PODER LEGISLATIVO<\/p>\n<\/td>\n<td style=\"width: 33%;height: 21px;border-color: #000000\">\n<p align=\"center\">Daniel Beethoven V. de Mattos &#8211; Vice-Presidente<\/p>\n<\/td>\n<td style=\"width: 29%;height: 21px;border-color: #000000;text-align: center\">Edmarkson F. Ara\u00fajo\u00a0<\/td>\n<\/tr>\n<tr>\n<td style=\"width: 38%;height: 21px;border-color: #000000\">\n<p style=\"text-align: center\">MINIST\u00c9RIO P\u00daBLICO \/\u00a0DEFENSORIA P\u00daBLICA<\/p>\n<\/td>\n<td style=\"width: 33%;height: 21px;border-color: #000000;text-align: center\">Marcelo Faria da Costa Lima<\/td>\n<td style=\"width: 29%;height: 21px;border-color: #000000;text-align: center\">Celina Pereira Rotelli<\/td>\n<\/tr>\n<tr>\n<td style=\"width: 38%;height: 21px;border-color: #000000\">\n<p align=\"center\">TRIBUNAL DE CONTAS DO ESTADO E<\/p>\n<p align=\"center\">TRIBUNAL DE CONTAS DOS MUNIC\u00cdPIOS<\/p>\n<\/td>\n<td style=\"width: 33%;height: 21px;border-color: #000000\">\n<p align=\"center\">Wagner Eleut\u00e9rio Martins\u00a0<\/p>\n<\/td>\n<td style=\"width: 29%;height: 21px;border-color: #000000;text-align: center\">Suelaine dos Santos Nascimento Laurindo\u00a0<\/td>\n<\/tr>\n<tr>\n<td style=\"width: 100%;height: 38px;background-color: #eeeeee;border-color: #000000\" colspan=\"3\">\n<p align=\"center\"><strong>REPRESENTANTES SERVIDORES P\u00daBLICOS EFETIVOS, OS MILITARES E OS RESPECTIVOS PENSIONISTAS<\/strong><\/p>\n<\/td>\n<\/tr>\n<tr>\n<td style=\"width: 38%;height: 21px;background-color: #eeeeee;border-color: #000000\">\n<p align=\"center\"><strong>REPRESENTATIVIDADE<\/strong><\/p>\n<\/td>\n<td style=\"width: 33%;height: 21px;background-color: #eeeeee;border-color: #000000;text-align: center\"><strong>MEMBRO TITULAR<\/strong><\/td>\n<td style=\"width: 29%;height: 21px;background-color: #eeeeee;border-color: #000000;text-align: center\"><strong>MEMBRO SUPLENTE<\/strong><\/td>\n<\/tr>\n<tr>\n<td style=\"width: 38%;height: 21px;border-color: #000000\" nowrap=\"nowrap\">\n<p align=\"center\">SERVIDORES ATIVOS<\/p>\n<\/td>\n<td style=\"width: 33%;height: 21px;border-color: #000000\" nowrap=\"nowrap\">\n<p align=\"center\">Geovanni Maciel Gon\u00e7alves &#8211; Presidente<\/p>\n<\/td>\n<td style=\"width: 29%;height: 21px;border-color: #000000;text-align: center\" nowrap=\"nowrap\">Adima Rocha de Abreu<\/td>\n<\/tr>\n<tr>\n<td style=\"width: 38%;height: 21px;border-color: #000000\">\n<p style=\"text-align: center\">SERVIDORES INATIVOS E PENSIONISTAS<\/p>\n<\/td>\n<td style=\"width: 33%;height: 21px;border-color: #000000\">\n<p style=\"text-align: center\">M\u00e1rio de Oliveira Andrade<\/p>\n<\/td>\n<td style=\"width: 29%;height: 21px;border-color: #000000;text-align: center\">Terezinha Leila de Souza Batista<\/td>\n<\/tr>\n<tr>\n<td style=\"width: 38%;height: 21px;border-color: #000000\" nowrap=\"nowrap\">\n<p style=\"text-align: center\">MILITARES DO SERVI\u00c7O ATIVO<\/p>\n<p style=\"text-align: center\">DAS CORPORA\u00c7\u00d5ES MILITARES<\/p>\n<\/td>\n<td style=\"width: 33%;height: 21px;border-color: #000000\" nowrap=\"nowrap\">\n<p style=\"text-align: center\">Tiago Rodrigues Ribeiro<\/p>\n<\/td>\n<td style=\"width: 29%;height: 21px;border-color: #000000;text-align: center\" nowrap=\"nowrap\">Augusta Alves Martins Barbosa Moreira Landim<\/td>\n<\/tr>\n<tr>\n<td style=\"width: 38%;height: 21px;border-color: #000000\" nowrap=\"nowrap\">\n<p style=\"text-align: center\">PENSIONISTAS DOS MILITARES E MILITARES<\/p>\n<p style=\"text-align: center\">DA RESERVA REMUNERADA OU REFORMADO<\/p>\n<\/td>\n<td style=\"width: 33%;height: 21px;border-color: #000000\" nowrap=\"nowrap\">\n<p style=\"text-align: center\">David Martins Ramos<\/p>\n<\/td>\n<td style=\"width: 29%;height: 21px;border-color: #000000;text-align: center\" nowrap=\"nowrap\">Telma Neris Rocha<\/td>\n<\/tr>\n<\/tbody>\n<\/table>\n\n\n<p><\/p>\n","protected":false},"excerpt":{"rendered":"<p>REPRESENTANTES INDICADOS PELOS PODERES E \u00d3RG\u00c3OS CONSTITUCIONAIS AUT\u00d4NOMOS REPRESENTATIVIDADE MEMBRO TITULAR MEMBRO SUPLENTE PODER EXECUTIVO Lu\u00eds Henrique Crispim \u00a0 PODER JUDICI\u00c1RIO\u00a0 \/ PODER LEGISLATIVO Daniel Beethoven V. de Mattos &#8211; Vice-Presidente Edmarkson F. Ara\u00fajo\u00a0 MINIST\u00c9RIO P\u00daBLICO \/\u00a0DEFENSORIA P\u00daBLICA Marcelo Faria da Costa Lima Celina Pereira Rotelli TRIBUNAL DE CONTAS DO ESTADO E TRIBUNAL DE CONTAS [&hellip;]<\/p>\n","protected":false},"author":710,"featured_media":0,"comment_status":"closed","ping_status":"open","sticky":false,"template":"","format":"standard","meta":{"footnotes":""},"categories":[23],"tags":[],"class_list":["post-3803","post","type-post","status-publish","format-standard","hentry","category-institucional"],"rttpg_featured_image_url":null,"rttpg_author":{"display_name":"jandababulal","author_link":"https:\/\/goias.gov.br\/goiasprev\/author\/jandababulal\/"},"rttpg_comment":0,"rttpg_category":"<a href=\"https:\/\/goias.gov.br\/goiasprev\/categoria\/institucional\/\" rel=\"category tag\">Institucional<\/a>","rttpg_excerpt":"REPRESENTANTES INDICADOS PELOS PODERES E \u00d3RG\u00c3OS CONSTITUCIONAIS AUT\u00d4NOMOS REPRESENTATIVIDADE MEMBRO TITULAR MEMBRO SUPLENTE PODER EXECUTIVO Lu\u00eds Henrique Crispim \u00a0 PODER JUDICI\u00c1RIO\u00a0 \/ PODER LEGISLATIVO Daniel Beethoven V. de Mattos &#8211; Vice-Presidente Edmarkson F. Ara\u00fajo\u00a0 MINIST\u00c9RIO P\u00daBLICO \/\u00a0DEFENSORIA P\u00daBLICA Marcelo Faria da Costa Lima Celina Pereira Rotelli TRIBUNAL DE CONTAS DO ESTADO E TRIBUNAL DE CONTAS&hellip;","_links":{"self":[{"href":"https:\/\/goias.gov.br\/goiasprev\/wp-json\/wp\/v2\/posts\/3803","targetHints":{"allow":["GET"]}}],"collection":[{"href":"https:\/\/goias.gov.br\/goiasprev\/wp-json\/wp\/v2\/posts"}],"about":[{"href":"https:\/\/goias.gov.br\/goiasprev\/wp-json\/wp\/v2\/types\/post"}],"author":[{"embeddable":true,"href":"https:\/\/goias.gov.br\/goiasprev\/wp-json\/wp\/v2\/users\/710"}],"replies":[{"embeddable":true,"href":"https:\/\/goias.gov.br\/goiasprev\/wp-json\/wp\/v2\/comments?post=3803"}],"version-history":[{"count":2,"href":"https:\/\/goias.gov.br\/goiasprev\/wp-json\/wp\/v2\/posts\/3803\/revisions"}],"predecessor-version":[{"id":35719,"href":"https:\/\/goias.gov.br\/goiasprev\/wp-json\/wp\/v2\/posts\/3803\/revisions\/35719"}],"wp:attachment":[{"href":"https:\/\/goias.gov.br\/goiasprev\/wp-json\/wp\/v2\/media?parent=3803"}],"wp:term":[{"taxonomy":"category","embeddable":true,"href":"https:\/\/goias.gov.br\/goiasprev\/wp-json\/wp\/v2\/categories?post=3803"},{"taxonomy":"post_tag","embeddable":true,"href":"https:\/\/goias.gov.br\/goiasprev\/wp-json\/wp\/v2\/tags?post=3803"}],"curies":[{"name":"wp","href":"https:\/\/api.w.org\/{rel}","templated":true}]}}