

{"id":3800,"date":"2022-04-05T11:36:20","date_gmt":"2022-04-05T14:36:20","guid":{"rendered":"https:\/\/siteshom.goias.gov.br\/goiasprev\/conselho-deliberativo\/"},"modified":"2025-12-02T13:37:03","modified_gmt":"2025-12-02T16:37:03","slug":"conselho-deliberativo","status":"publish","type":"post","link":"https:\/\/goias.gov.br\/goiasprev\/conselho-deliberativo\/","title":{"rendered":"Composi\u00e7\u00e3o do Conselho Deliberativo da GOIASPREV"},"content":{"rendered":"<table style=\"width: 1199px;\" border=\"0\" width=\"667\" cellspacing=\"0\" cellpadding=\"0\">\n<tbody>\n<tr>\n<td style=\"background-color: #eeeeee; border-color: #000000; width: 100%;\" colspan=\"3\">\n<p align=\"center\"><strong>REPRESENTANTES INDICADOS PELOS PODERES E \u00d3RG\u00c3OS CONSTITUCIONAIS AUT\u00d4NOMOS<\/strong><\/p>\n<\/td>\n<\/tr>\n<tr>\n<td style=\"background-color: #eeeeee; border-color: #000000; width: 45%;\" nowrap=\"nowrap\">\n<p style=\"text-align: center;\"><strong>REPRESENTATIVIDADE<\/strong><\/p>\n<\/td>\n<td style=\"background-color: #eeeeee; border-color: #000000; width: 32%; text-align: center;\" nowrap=\"nowrap\"><strong>MEMBRO TITULAR<\/strong><\/td>\n<td style=\"background-color: #eeeeee; border-color: #000000; width: 23%; text-align: center;\" nowrap=\"nowrap\"><strong>MEMBRO SUPLENTE<\/strong><\/td>\n<\/tr>\n<tr>\n<td style=\"border-color: #000000; width: 45%;\">\n<p align=\"center\">PODER EXECUTIVO<\/p>\n<\/td>\n<td style=\"border-color: #000000; width: 32%;\">\n<p align=\"center\">Thalles Paulino de \u00c1vila<\/p>\n<\/td>\n<td style=\"border-color: #000000; width: 23%; text-align: center;\">Ov\u00eddio Alberto Rodriguez Laraich<\/td>\n<\/tr>\n<tr>\n<td style=\"border-color: #000000; width: 45%;\">\n<p align=\"center\">MILITARES DO PODER EXECUTIVO<\/p>\n<\/td>\n<td style=\"border-color: #000000; width: 32%;\">\n<p align=\"center\">Claison Alencar Pereira &#8211; Vice-Presidente<\/p>\n<\/td>\n<td style=\"border-color: #000000; width: 23%; text-align: center;\">Clives Pereira Sanches<\/td>\n<\/tr>\n<tr>\n<td style=\"height: 50px; text-align: center; border-color: #000000; width: 45%;\">PODER JUDICI\u00c1RIO<\/td>\n<td style=\"height: 50px; text-align: center; border-color: #000000; width: 32%;\">Rafael Pablo da Silva<\/td>\n<td style=\"height: 50px; text-align: center; border-color: #000000; width: 23%;\">Eusicley de Oliveira Dias<\/td>\n<\/tr>\n<tr>\n<td style=\"height: 50px; text-align: center; border-color: #000000; width: 45%;\">PODER LEGISLATIVO<\/td>\n<td style=\"height: 50px; text-align: center; border-color: #000000; width: 32%;\">F\u00e1bio Estev\u00e3o Marchetti &#8211; Presidente<\/td>\n<td style=\"height: 50px; text-align: center; border-color: #000000; width: 23%;\">Regiane Dias Meira<\/td>\n<\/tr>\n<tr>\n<td style=\"height: 50px; text-align: center; border-color: #000000; width: 45%;\">DEFENSORIA P\u00daBLICA \/ MINIST\u00c9RIO P\u00daBLICO<\/td>\n<td style=\"height: 50px; text-align: center; border-color: #000000; width: 32%;\">Daniel Kenji Sano<\/td>\n<td style=\"height: 50px; text-align: center; border-color: #000000; width: 23%;\">Danilo Elias Pereira<\/td>\n<\/tr>\n<tr>\n<td style=\"border-color: #000000; width: 45%;\">\n<p style=\"text-align: center;\">TRIBUNAL DE CONTAS DO ESTADO E TRIBUNAL DE CONTAS DOS MUNIC\u00cdPIOS<\/p>\n<\/td>\n<td style=\"border-color: #000000; width: 32%;\">\n<p style=\"text-align: center;\">Wilson Ferreira Junior<\/p>\n<\/td>\n<td style=\"border-color: #000000; width: 23%; text-align: center;\">Pedro Henrique de Souza Rocha<\/td>\n<\/tr>\n<tr>\n<td style=\"height: 50px; background-color: #eeeeee; border-color: #000000; width: 100%;\" colspan=\"3\">\n<p align=\"center\"><strong>REPRESENTANTES SERVIDORES P\u00daBLICOS EFETIVOS, OS MILITARES E OS RESPECTIVOS PENSIONISTAS<\/strong><\/p>\n<\/td>\n<\/tr>\n<tr>\n<td style=\"height: 50px; background-color: #eeeeee; border-color: #000000; width: 45%;\">\n<p align=\"center\"><strong>REPRESENTATIVIDADE<\/strong><\/p>\n<\/td>\n<td style=\"height: 50px; background-color: #eeeeee; border-color: #000000; width: 32%; text-align: center;\"><strong>MEMBRO TITULAR<\/strong><\/td>\n<td style=\"height: 50px; background-color: #eeeeee; border-color: #000000; width: 23%; text-align: center;\"><strong>MEMBRO SUPLENTE<\/strong><\/td>\n<\/tr>\n<tr>\n<td style=\"height: 50px; border-color: #000000; width: 45%; text-align: center;\" nowrap=\"nowrap\">SERVIDORES ATIVOS DO PODER EXECUTIVO<\/td>\n<td style=\"height: 50px; border-color: #000000; width: 32%; text-align: center;\" nowrap=\"nowrap\">Lu\u00eds Henrique Bessa Scartezini<\/td>\n<td style=\"height: 50px; border-color: #000000; width: 23%; text-align: center;\" nowrap=\"nowrap\">Pedro de Castro Manso<\/td>\n<\/tr>\n<tr>\n<td style=\"height: 50px; border-color: #000000; width: 45%; text-align: center;\" nowrap=\"nowrap\">SERVIDORES ATIVOS DO PODER EXECUTIVO<\/td>\n<td style=\"height: 50px; border-color: #000000; width: 32%; text-align: center;\" nowrap=\"nowrap\">Lara Garcia Borges Ferreira<\/td>\n<td style=\"height: 50px; border-color: #000000; width: 23%; text-align: center;\" nowrap=\"nowrap\">Aur\u00e9lio Jos\u00e9 da Silva Baia<\/td>\n<\/tr>\n<tr>\n<td style=\"height: 50px; border-color: #000000; width: 45%; text-align: center;\" nowrap=\"nowrap\">SERVIDORES ATIVOS DO PODER EXECUTIVO<\/td>\n<td style=\"height: 50px; border-color: #000000; width: 32%; text-align: center;\" nowrap=\"nowrap\">Nylo S\u00e9rgio Jos\u00e9 Nogueira Junior<\/td>\n<td style=\"height: 50px; border-color: #000000; width: 23%; text-align: center;\" nowrap=\"nowrap\">C\u00e9lia Maria Lopes Ara\u00fajo Martins<\/td>\n<\/tr>\n<tr>\n<td style=\"height: 50px; border-color: #000000; width: 45%;\" nowrap=\"nowrap\">\n<p align=\"center\">SERVIDORES INATIVOS E PENSIONISTAS<\/p>\n<\/td>\n<td style=\"height: 50px; border-color: #000000; width: 32%;\" nowrap=\"nowrap\">\n<p align=\"center\">Lyvio Luciano Carneiro de Queiroz<\/p>\n<\/td>\n<td style=\"height: 50px; border-color: #000000; width: 23%; text-align: center;\" nowrap=\"nowrap\">Alcides dos Santos Filho<\/td>\n<\/tr>\n<tr>\n<td style=\"height: 50px; border-color: #000000; width: 45%;\">\n<p align=\"center\">PENSIONISTAS DE MILITARES E MILITARES DA RESERVA REMUNERADA<\/p>\n<\/td>\n<td style=\"text-align: center; height: 50px; border-color: #000000; width: 32%;\">Cymara Kellyn Mota Coutinho<\/td>\n<td style=\"text-align: center; height: 50px; border-color: #000000; width: 23%;\">Adailma Alves de Souza<\/td>\n<\/tr>\n<tr>\n<td style=\"text-align: center; height: 50px; border-color: #000000; width: 45%;\">REPRESENTANTES DOS PRA\u00c7AS DO SERVI\u00c7O ATIVO DAS CORPORA\u00c7\u00d5ES MILITARES<\/td>\n<td style=\"text-align: center; height: 50px; border-color: #000000; width: 32%;\">Jefferson da Costa Lustosa<\/td>\n<td style=\"text-align: center; height: 50px; border-color: #000000; width: 23%;\">Aldo Junio de Souza<\/td>\n<\/tr>\n<\/tbody>\n<\/table>\n","protected":false},"excerpt":{"rendered":"<p>REPRESENTANTES INDICADOS PELOS PODERES E \u00d3RG\u00c3OS CONSTITUCIONAIS AUT\u00d4NOMOS REPRESENTATIVIDADE MEMBRO TITULAR MEMBRO SUPLENTE PODER EXECUTIVO Thalles Paulino de \u00c1vila Ov\u00eddio Alberto Rodriguez Laraich MILITARES DO PODER EXECUTIVO Claison Alencar Pereira &#8211; Vice-Presidente Clives Pereira Sanches PODER JUDICI\u00c1RIO Rafael Pablo da Silva Eusicley de Oliveira Dias PODER LEGISLATIVO F\u00e1bio Estev\u00e3o Marchetti &#8211; Presidente Regiane Dias Meira [&hellip;]<\/p>\n","protected":false},"author":710,"featured_media":0,"comment_status":"closed","ping_status":"open","sticky":false,"template":"","format":"standard","meta":{"footnotes":""},"categories":[23],"tags":[],"class_list":["post-3800","post","type-post","status-publish","format-standard","hentry","category-institucional"],"rttpg_featured_image_url":null,"rttpg_author":{"display_name":"jandababulal","author_link":"https:\/\/goias.gov.br\/goiasprev\/author\/jandababulal\/"},"rttpg_comment":0,"rttpg_category":"<a href=\"https:\/\/goias.gov.br\/goiasprev\/categoria\/institucional\/\" rel=\"category tag\">Institucional<\/a>","rttpg_excerpt":"REPRESENTANTES INDICADOS PELOS PODERES E \u00d3RG\u00c3OS CONSTITUCIONAIS AUT\u00d4NOMOS REPRESENTATIVIDADE MEMBRO TITULAR MEMBRO SUPLENTE PODER EXECUTIVO Thalles Paulino de \u00c1vila Ov\u00eddio Alberto Rodriguez Laraich MILITARES DO PODER EXECUTIVO Claison Alencar Pereira &#8211; Vice-Presidente Clives Pereira Sanches PODER JUDICI\u00c1RIO Rafael Pablo da Silva Eusicley de Oliveira Dias PODER LEGISLATIVO F\u00e1bio Estev\u00e3o Marchetti &#8211; Presidente Regiane Dias Meira&hellip;","_links":{"self":[{"href":"https:\/\/goias.gov.br\/goiasprev\/wp-json\/wp\/v2\/posts\/3800","targetHints":{"allow":["GET"]}}],"collection":[{"href":"https:\/\/goias.gov.br\/goiasprev\/wp-json\/wp\/v2\/posts"}],"about":[{"href":"https:\/\/goias.gov.br\/goiasprev\/wp-json\/wp\/v2\/types\/post"}],"author":[{"embeddable":true,"href":"https:\/\/goias.gov.br\/goiasprev\/wp-json\/wp\/v2\/users\/710"}],"replies":[{"embeddable":true,"href":"https:\/\/goias.gov.br\/goiasprev\/wp-json\/wp\/v2\/comments?post=3800"}],"version-history":[{"count":2,"href":"https:\/\/goias.gov.br\/goiasprev\/wp-json\/wp\/v2\/posts\/3800\/revisions"}],"predecessor-version":[{"id":34743,"href":"https:\/\/goias.gov.br\/goiasprev\/wp-json\/wp\/v2\/posts\/3800\/revisions\/34743"}],"wp:attachment":[{"href":"https:\/\/goias.gov.br\/goiasprev\/wp-json\/wp\/v2\/media?parent=3800"}],"wp:term":[{"taxonomy":"category","embeddable":true,"href":"https:\/\/goias.gov.br\/goiasprev\/wp-json\/wp\/v2\/categories?post=3800"},{"taxonomy":"post_tag","embeddable":true,"href":"https:\/\/goias.gov.br\/goiasprev\/wp-json\/wp\/v2\/tags?post=3800"}],"curies":[{"name":"wp","href":"https:\/\/api.w.org\/{rel}","templated":true}]}}