

{"id":3750,"date":"2022-01-21T15:02:49","date_gmt":"2022-01-21T18:02:49","guid":{"rendered":"https:\/\/siteshom.goias.gov.br\/goiasprev\/gestao-previdenciaria\/"},"modified":"2026-04-24T16:14:41","modified_gmt":"2026-04-24T19:14:41","slug":"gestao-previdenciaria","status":"publish","type":"post","link":"https:\/\/goias.gov.br\/goiasprev\/gestao-previdenciaria\/","title":{"rendered":"Pr\u00f3-Gest\u00e3o RPPS"},"content":{"rendered":"<p><a href=\"https:\/\/goias.gov.br\/goiasprev\/wp-content\/uploads\/sites\/36\/2025\/12\/Certificado-Nivel-IV.pdf\" target=\"_blank\" rel=\"noopener\"><img fetchpriority=\"high\" decoding=\"async\" class=\"wp-image-37855\" src=\"https:\/\/goias.gov.br\/goiasprev\/wp-content\/uploads\/sites\/36\/2022\/01\/Sem-nome-1200-x-652-px-942-x-352-px-1080-x-1080-px-800-x-800-px-300x300.png\" alt=\"\" width=\"308\" height=\"308\" srcset=\"https:\/\/goias.gov.br\/goiasprev\/wp-content\/uploads\/sites\/36\/2022\/01\/Sem-nome-1200-x-652-px-942-x-352-px-1080-x-1080-px-800-x-800-px-300x300.png 300w, https:\/\/goias.gov.br\/goiasprev\/wp-content\/uploads\/sites\/36\/2022\/01\/Sem-nome-1200-x-652-px-942-x-352-px-1080-x-1080-px-800-x-800-px-1024x1024.png 1024w, https:\/\/goias.gov.br\/goiasprev\/wp-content\/uploads\/sites\/36\/2022\/01\/Sem-nome-1200-x-652-px-942-x-352-px-1080-x-1080-px-800-x-800-px-150x150.png 150w, https:\/\/goias.gov.br\/goiasprev\/wp-content\/uploads\/sites\/36\/2022\/01\/Sem-nome-1200-x-652-px-942-x-352-px-1080-x-1080-px-800-x-800-px-768x768.png 768w, https:\/\/goias.gov.br\/goiasprev\/wp-content\/uploads\/sites\/36\/2022\/01\/Sem-nome-1200-x-652-px-942-x-352-px-1080-x-1080-px-800-x-800-px-1536x1536.png 1536w, https:\/\/goias.gov.br\/goiasprev\/wp-content\/uploads\/sites\/36\/2022\/01\/Sem-nome-1200-x-652-px-942-x-352-px-1080-x-1080-px-800-x-800-px-2048x2048.png 2048w\" sizes=\"(max-width: 308px) 100vw, 308px\" \/><\/a><\/p>\n<table style=\"height: 15px; width: 0%; border-collapse: collapse; border-style: solid; border-color: #51b807; background-color: #51b807;\">\n<tbody>\n<tr>\n<td style=\"width: 100%; text-align: left;\"><a href=\"https:\/\/goias.gov.br\/goiasprev\/wp-content\/uploads\/sites\/36\/2025\/12\/Certificado-Nivel-IV.pdf\" target=\"_blank\" rel=\"noopener\"><strong>CERTIFICADO<\/strong><\/a><\/td>\n<\/tr>\n<\/tbody>\n<\/table>\n<h6><\/h6>\n<h6><strong>TRANSPAR\u00caNCIA<\/strong><\/h6>\n<ul>\n<li style=\"text-align: justify;\">\n<div><a href=\"https:\/\/portal.tce.go.gov.br\/contas-do-governador\" target=\"_blank\" rel=\"noopener\">Ac\u00f3rd\u00e3os do Tribunal de Contas do Estado de Goi\u00e1s referentes \u00e0s contas do RPPS<\/a><\/div>\n<\/li>\n<li style=\"text-align: justify;\">\n<div><a href=\"https:\/\/goias.gov.br\/goiasprev\/cpr-calculo-atuarial\/\" target=\"_blank\" rel=\"noopener\">Avalia\u00e7\u00e3o Atuarial Anual<\/a><\/div>\n<\/li>\n<li style=\"text-align: justify;\">\n<div><a href=\"https:\/\/goias.gov.br\/goiasprev\/certificado-de-regularidade-previdenciaria-crp\/\" target=\"_blank\" rel=\"noopener\">CADPREV para consulta aos demonstrativos obrigat\u00f3rios e extrato do Certificado de Regularidade Previdenci\u00e1ria (CRP)<\/a><\/div>\n<\/li>\n<li style=\"text-align: justify;\">\n<div><a href=\"https:\/\/goias.gov.br\/goiasprev\/certidoes-de-regularidade-tributaria-da-goiasprev\/\" target=\"_blank\" rel=\"noopener\">Certid\u00f5es de negativa de tributos<\/a><\/div>\n<\/li>\n<li style=\"text-align: justify;\">\n<div><a href=\"https:\/\/scgi.economia.go.gov.br\/scgi\/#!\/balanco\" target=\"_blank\" rel=\"noopener\">Demonstra\u00e7\u00f5es cont\u00e1beis e financeiras<\/a><\/div>\n<\/li>\n<li><a href=\"https:\/\/goias.gov.br\/goiasprev\/institucional\/etica\/\" target=\"_blank\" rel=\"noopener\">\u00c9tica<\/a><\/li>\n<li style=\"text-align: justify;\">\n<div><a href=\"https:\/\/goias.gov.br\/goiasprev\/acesso-a-informacao\/\" target=\"_blank\" rel=\"noopener\">Informa\u00e7\u00f5es relativas a licita\u00e7\u00f5es e contratos<\/a><\/div>\n<\/li>\n<li style=\"text-align: justify;\">\n<div><a href=\"https:\/\/goias.gov.br\/goiasprev\/orgaos-colegiados\/\" target=\"_blank\" rel=\"noopener\">\u00d3rg\u00e3os Colegiados<\/a><\/div>\n<\/li>\n<li style=\"text-align: justify;\">\n<div><a href=\"https:\/\/goias.gov.br\/goiasprev\/planejamento-estrategico\/\" target=\"_blank\" rel=\"noopener\">Planejamento Estrat\u00e9gico<\/a><\/div>\n<\/li>\n<li style=\"text-align: justify;\">\n<div><a href=\"https:\/\/goias.gov.br\/goiasprev\/politica-de-investimentos\/\" target=\"_blank\" rel=\"noopener\">Pol\u00edtica de Investimentos<\/a><\/div>\n<\/li>\n<li style=\"text-align: justify;\">\n<div><a href=\"https:\/\/goias.gov.br\/goiasprev\/politica-e-relatorio-de-controle-interno\/\" target=\"_blank\" rel=\"noopener\">Pol\u00edtica e Relat\u00f3rios de Controle Interno<\/a><\/div>\n<\/li>\n<li><a href=\"https:\/\/goias.gov.br\/goiasprev\/institucional\/processos-de-negocio\/\" target=\"_blank\" rel=\"noopener\">Processos de Neg\u00f3cio<\/a><\/li>\n<li style=\"text-align: justify;\">\n<div><a href=\"\/goiasprev\/entidades-credenciadas-para-investimentos-2\/\" target=\"_blank\" rel=\"noopener\">Rela\u00e7\u00e3o de entidades credenciadas para investimentos<\/a><\/div>\n<\/li>\n<li><a href=\"https:\/\/goias.gov.br\/goiasprev\/wp-content\/uploads\/sites\/36\/2025\/11\/Relatorio-Passivo-Judicial-GOIASPREV.pdf\" target=\"_blank\" rel=\"noopener\">Relat\u00f3rio de Passivos Judiciais<\/a><\/li>\n<li style=\"text-align: justify;\">\n<div><a href=\"https:\/\/goias.gov.br\/goiasprev\/relatorios-de-governanca-corporativa\/\" target=\"_blank\" rel=\"noopener\">Relat\u00f3rios de Governan\u00e7a Corporativa<\/a><\/div>\n<\/li>\n<li style=\"text-align: justify;\">\n<div><a href=\"\/goiasprev\/relatorios-de-investimento\/\" target=\"_blank\" rel=\"noopener\">Relat\u00f3rios de Investimentos<\/a><\/div>\n<\/li>\n<\/ul>\n<h6><strong>DOCUMENTOS COMPLEMENTARES<\/strong><\/h6>\n<ul>\n<li style=\"text-align: justify;\"><a href=\"https:\/\/goias.gov.br\/goiasprev\/boletim-de-estatisticas-previdenciarias\/\" target=\"_blank\" rel=\"noopener\">Boletim de Estat\u00edsticas Previdenci\u00e1rias<\/a><\/li>\n<li><a href=\"https:\/\/goias.gov.br\/goiasprev\/wp-content\/uploads\/sites\/36\/2025\/10\/PLANO_DE_TRABALHO_ATUARIAL_2026_V06.pdf\" target=\"_blank\" rel=\"noopener\">Plano de Trabalho Atuarial<\/a><\/li>\n<li style=\"text-align: justify;\"><a href=\"https:\/\/goias.gov.br\/goiasprev\/wp-content\/uploads\/sites\/36\/2022\/01\/Politica_da_Comunicacao-563.pdf\" target=\"_blank\" rel=\"noopener\">Pol\u00edtica de Comunica\u00e7\u00e3o<\/a><\/li>\n<li style=\"text-align: justify;\"><a href=\"https:\/\/goias.gov.br\/goiasprev\/wp-content\/uploads\/sites\/36\/2022\/01\/Politica_de_Gestao_de_Riscos_2023-9ba.pdf\" target=\"_blank\" rel=\"noopener\">Pol\u00edtica de Gest\u00e3o de Riscos<\/a><\/li>\n<li style=\"text-align: justify;\"><a href=\"https:\/\/goias.gov.br\/goiasprev\/wp-content\/uploads\/sites\/36\/2025\/11\/Politica-de-Seguranca-da-Informacao-\u2013-PSI-e-Comite-de-Seguranca-da-Informacao.pdf\" target=\"_blank\" rel=\"noopener\">Pol\u00edtica de Seguran\u00e7a da Informa\u00e7\u00e3o e Comit\u00ea de Seguran\u00e7a da Informa\u00e7\u00e3o<\/a><\/li>\n<li style=\"text-align: justify;\"><a href=\"\/goiasprev\/programa-de-compliance-publico\/\" target=\"_blank\" rel=\"noopener\">Programa de Compliance\u00a0P\u00fablico<\/a><\/li>\n<li style=\"text-align: justify;\"><a href=\"https:\/\/goias.gov.br\/goiasprev\/institucional\/relatorios-de-analise-de-hipoteses\/\" target=\"_blank\" rel=\"noopener\">Relat\u00f3rios de An\u00e1lise das Hip\u00f3teses<\/a><\/li>\n<li style=\"text-align: justify;\"><a href=\"https:\/\/goias.gov.br\/goiasprev\/relatorios-de-gestao-atuarial\/\" target=\"_blank\" rel=\"noopener\">Relat\u00f3rios de Gest\u00e3o Atuarial<\/a><\/li>\n<\/ul>\n<h6><strong>EDUCA\u00c7\u00c3O PREVIDENCI\u00c1RIA &#8211; A\u00c7\u00d5ES DE DI\u00c1LOGO COM OS SEGURADOS E A SOCIEDADE<\/strong><\/h6>\n<ul>\n<li><a href=\"https:\/\/goias.gov.br\/goiasprev\/acoes-de-educacao-previdenciaria\/\" target=\"_blank\" rel=\"noopener\">A\u00e7\u00f5es de Educa\u00e7\u00e3o Previdenci\u00e1ria<\/a><\/li>\n<li style=\"text-align: justify;\"><a href=\"https:\/\/goias.gov.br\/goiasprev\/audiencias-publicas\/\" target=\"_blank\" rel=\"noopener\">Audi\u00eancias P\u00fablicas<\/a><\/li>\n<li style=\"text-align: justify;\"><a href=\"https:\/\/goias.gov.br\/goiasprev\/wp-content\/uploads\/sites\/36\/2024\/09\/CARTILHA-PREVIDENCIARIA-VERSAO-SETEMBRO-24.pdf\" target=\"_blank\" rel=\"noopener\">Cartilha &#8211; Conhe\u00e7a seus Direitos Previdenci\u00e1rios<\/a><\/li>\n<li><a href=\"https:\/\/goias.gov.br\/goiasprev\/wp-content\/uploads\/sites\/36\/2025\/10\/CRONOGRAMA-DE-EDUCACAO-PREVIDENCIARIA.pdf\" target=\"_blank\" rel=\"noopener\">Cronograma de Educa\u00e7\u00e3o Previdenci\u00e1ria<\/a><\/li>\n<li><a href=\"https:\/\/goias.gov.br\/goiasprev\/plano-de-capacitacao\/\" target=\"_blank\" rel=\"noopener\">Plano de Capacita\u00e7\u00e3o<\/a><\/li>\n<li><a href=\"https:\/\/goias.gov.br\/goiasprev\/wp-content\/uploads\/sites\/36\/2025\/11\/Apresentacao-Cuidar-.pdf\" target=\"_blank\" rel=\"noopener\">Programa Cuidar+<\/a><\/li>\n<li style=\"text-align: justify;\"><a href=\"https:\/\/goias.gov.br\/goiasprev\/wp-content\/uploads\/sites\/36\/2026\/04\/PEPGOIAS-consolidado-DIREX-compactado.pdf\" target=\"_blank\" rel=\"noopener\">Programa de Educa\u00e7\u00e3o Previdenci\u00e1ria &#8211; PEPGoi\u00e1s<\/a><\/li>\n<\/ul>\n<ul>\n<li style=\"text-align: justify;\"><strong><u>Cursos online<\/u>:<\/strong>\n<ul>\n<li style=\"text-align: justify;\"><a href=\"https:\/\/www.escolavirtual.gov.br\/curso\/695\" target=\"_blank\" rel=\"noopener\">Aposentadoria e pens\u00e3o\u00a0de servidores: atualiza\u00e7\u00f5es conforme a EC n\u00ba 103\/2019<\/a><\/li>\n<li style=\"text-align: justify;\"><a href=\"https:\/\/www.escolavirtual.gov.br\/curso\/202\" target=\"_blank\" rel=\"noopener\">Crit\u00e9rios do Certificado de Regularidade Previdenci\u00e1ria<\/a><\/li>\n<li style=\"text-align: justify;\"><a href=\"https:\/\/www.tvabipem.com.br\/midia\/ONNO366ROK\" target=\"_blank\" rel=\"noopener\">Curso Sobre o Programa de Certifica\u00e7\u00e3o de Gestores de Regime Pr\u00f3prio de Previd\u00eancia Social &#8211; CGRPPS<\/a>\n<ul>\n<li style=\"text-align: justify;\">Transmitido ao vivo em 17\/05\/21 &#8211; TVABIPEM<\/li>\n<\/ul>\n<\/li>\n<li style=\"text-align: justify;\"><a href=\"https:\/\/www.youtube.com\/watch?v=Dhd9kC2Ynr8\" target=\"_blank\" rel=\"noopener\">Curso Sobre o Programa de Certifica\u00e7\u00e3o de Gestores de Regime Pr\u00f3prio de Previd\u00eancia Social &#8211; CGRPPS<\/a>\n<ul>\n<li style=\"text-align: justify;\">Transmitido ao vivo em 18\/05\/21 &#8211;\u00a0TVABIPEM<\/li>\n<\/ul>\n<\/li>\n<li style=\"text-align: justify;\"><a href=\"https:\/\/www.escolavirtual.gov.br\/curso\/206\" target=\"_blank\" rel=\"noopener\">Pr\u00f3-Gest\u00e3o RPPS<\/a><\/li>\n<\/ul>\n<\/li>\n<li style=\"text-align: justify;\"><strong><u>Palestras online<\/u>:<\/strong>\n<ul>\n<li style=\"text-align: justify;\"><a href=\"https:\/\/www.youtube.com\/watch?v=Y5EWggnupo4\" target=\"_blank\" rel=\"noopener\">As novas regras previdenci\u00e1rias ap\u00f3s a reforma de 2019<\/a>\n<ul>\n<li style=\"text-align: justify;\">Live realizada em 28\/06\/20<\/li>\n<li style=\"text-align: justify;\">Participantes: Larissa Costa &#8211; Gerente de Desenvolvimento Profissional da Escola de Governo do Estado de Goi\u00e1s\u00a0e Milena Guilherme Dias &#8211; Diretora de Previd\u00eancia da GOIASPREV<\/li>\n<\/ul>\n<\/li>\n<li style=\"text-align: justify;\"><a href=\"https:\/\/www.youtube.com\/watch?v=3GBVfD1NmIE\" target=\"_blank\" rel=\"noopener\">A Reforma Previdenci\u00e1ria no Estado de Goi\u00e1s: Uma Experi\u00eancia Para os Munic\u00edpios<\/a>\n<ul>\n<li style=\"text-align: justify;\">Transmitido ao vivo em 15\/06\/20 &#8211; 3\u00ba Edi\u00e7\u00e3o ExpoPrev<\/li>\n<li style=\"text-align: justify;\">Palestrante: Gilvan C\u00e2ndido &#8211; Presidente da\u00a0GOIASPREV<\/li>\n<li style=\"text-align: justify;\">Mediador: Marcelo Dias &#8211; Consultor Previdenci\u00e1rio &#8211; FGM<\/li>\n<\/ul>\n<\/li>\n<li style=\"text-align: justify;\"><a href=\"https:\/\/www.youtube.com\/watch?v=cWDkDrEOuxI&amp;list=UUkutRS-JAt4B8F_Oby8k2sQ&amp;index=135\" target=\"_blank\" rel=\"noopener\">Programa ABIPEM &#8211; Pr\u00f3-Gest\u00e3o em An\u00e1lise<\/a>\n<ul>\n<li style=\"text-align: justify;\">Transmitido ao vivo em 08\/06\/20<\/li>\n<li style=\"text-align: justify;\">Palestrantes:\u00a0Jo\u00e3o Figueiredo, Claudia Fernanda Item, L\u00e9a Praxedes, Luana Piovesan, Uir\u00e3 Alcides Rosa e Miguel Antonio Chaves<\/li>\n<\/ul>\n<\/li>\n<li style=\"text-align: justify;\"><a href=\"https:\/\/www.youtube.com\/watch?v=kTL2jTo-_b8\" target=\"_blank\" rel=\"noopener\">Reforma da Previd\u00eancia: Implementa\u00e7\u00e3o das Regras de Aposentadoria e Pens\u00e3o por Morte decorrentes da EC 103\/2019<\/a>\n<ul>\n<li style=\"text-align: justify;\">Transmitido ao vivo em 15\/06\/20 &#8211;\u00a03\u00ba Edi\u00e7\u00e3o ExpoPrev<\/li>\n<li style=\"text-align: justify;\">Palestrante: Milena Guilherme Dias &#8211; Diretora de Previd\u00eancia da GOIASPREV<\/li>\n<li style=\"text-align: justify;\">Mediador: Marcelo Dias &#8211;\u00a0FGM<\/li>\n<li style=\"text-align: justify;\">Convidado: Gilvan C\u00e2ndido &#8211; Presidente da GOIASPREV<\/li>\n<\/ul>\n<\/li>\n<li style=\"text-align: justify;\"><a href=\"https:\/\/www.youtube.com\/watch?v=fBvGtwaWMT8\" target=\"_blank\" rel=\"noopener\">Taxa de administra\u00e7\u00e3o em 2022 &#8211; Conceitos, fundamentos, constitui\u00e7\u00e3o e gest\u00e3o<\/a>\n<ul>\n<li style=\"text-align: justify;\">Transmitido ao vivo em 11\/11\/21 na\u00a054\u00aa edi\u00e7\u00e3o do\u00a0Congresso Nacional da ABIPEM, Goi\u00e2nia\/GO<\/li>\n<li style=\"text-align: justify;\">Palestrante: Alex Albert Rodrigues &#8211; Subsecret\u00e1rio dos RPPS<\/li>\n<\/ul>\n<\/li>\n<\/ul>\n<\/li>\n<\/ul>\n","protected":false},"excerpt":{"rendered":"<p>CERTIFICADO TRANSPAR\u00caNCIA Ac\u00f3rd\u00e3os do Tribunal de Contas do Estado de Goi\u00e1s referentes \u00e0s contas do RPPS Avalia\u00e7\u00e3o Atuarial Anual CADPREV para consulta aos demonstrativos obrigat\u00f3rios e extrato do Certificado de Regularidade Previdenci\u00e1ria (CRP) Certid\u00f5es de negativa de tributos Demonstra\u00e7\u00f5es cont\u00e1beis e financeiras \u00c9tica Informa\u00e7\u00f5es relativas a licita\u00e7\u00f5es e contratos \u00d3rg\u00e3os Colegiados Planejamento Estrat\u00e9gico Pol\u00edtica de [&hellip;]<\/p>\n","protected":false},"author":46,"featured_media":0,"comment_status":"closed","ping_status":"open","sticky":false,"template":"","format":"standard","meta":{"footnotes":""},"categories":[23],"tags":[],"class_list":["post-3750","post","type-post","status-publish","format-standard","hentry","category-institucional"],"rttpg_featured_image_url":null,"rttpg_author":{"display_name":"cleybetsls","author_link":"https:\/\/goias.gov.br\/goiasprev\/author\/cleybetsls\/"},"rttpg_comment":0,"rttpg_category":"<a href=\"https:\/\/goias.gov.br\/goiasprev\/categoria\/institucional\/\" rel=\"category tag\">Institucional<\/a>","rttpg_excerpt":"CERTIFICADO TRANSPAR\u00caNCIA Ac\u00f3rd\u00e3os do Tribunal de Contas do Estado de Goi\u00e1s referentes \u00e0s contas do RPPS Avalia\u00e7\u00e3o Atuarial Anual CADPREV para consulta aos demonstrativos obrigat\u00f3rios e extrato do Certificado de Regularidade Previdenci\u00e1ria (CRP) Certid\u00f5es de negativa de tributos Demonstra\u00e7\u00f5es cont\u00e1beis e financeiras \u00c9tica Informa\u00e7\u00f5es relativas a licita\u00e7\u00f5es e contratos \u00d3rg\u00e3os Colegiados Planejamento Estrat\u00e9gico Pol\u00edtica de&hellip;","_links":{"self":[{"href":"https:\/\/goias.gov.br\/goiasprev\/wp-json\/wp\/v2\/posts\/3750","targetHints":{"allow":["GET"]}}],"collection":[{"href":"https:\/\/goias.gov.br\/goiasprev\/wp-json\/wp\/v2\/posts"}],"about":[{"href":"https:\/\/goias.gov.br\/goiasprev\/wp-json\/wp\/v2\/types\/post"}],"author":[{"embeddable":true,"href":"https:\/\/goias.gov.br\/goiasprev\/wp-json\/wp\/v2\/users\/46"}],"replies":[{"embeddable":true,"href":"https:\/\/goias.gov.br\/goiasprev\/wp-json\/wp\/v2\/comments?post=3750"}],"version-history":[{"count":2,"href":"https:\/\/goias.gov.br\/goiasprev\/wp-json\/wp\/v2\/posts\/3750\/revisions"}],"predecessor-version":[{"id":41173,"href":"https:\/\/goias.gov.br\/goiasprev\/wp-json\/wp\/v2\/posts\/3750\/revisions\/41173"}],"wp:attachment":[{"href":"https:\/\/goias.gov.br\/goiasprev\/wp-json\/wp\/v2\/media?parent=3750"}],"wp:term":[{"taxonomy":"category","embeddable":true,"href":"https:\/\/goias.gov.br\/goiasprev\/wp-json\/wp\/v2\/categories?post=3750"},{"taxonomy":"post_tag","embeddable":true,"href":"https:\/\/goias.gov.br\/goiasprev\/wp-json\/wp\/v2\/tags?post=3750"}],"curies":[{"name":"wp","href":"https:\/\/api.w.org\/{rel}","templated":true}]}}