

{"id":33584,"date":"2025-10-17T17:57:08","date_gmt":"2025-10-17T20:57:08","guid":{"rendered":"https:\/\/goias.gov.br\/goiasprev\/?p=33584"},"modified":"2025-10-17T17:57:08","modified_gmt":"2025-10-17T20:57:08","slug":"goias-previdencia-realiza-audiencia-publica-para-apresentar-acoes-e-resultados","status":"publish","type":"post","link":"https:\/\/goias.gov.br\/goiasprev\/goias-previdencia-realiza-audiencia-publica-para-apresentar-acoes-e-resultados\/","title":{"rendered":"Goi\u00e1s Previd\u00eancia realiza audi\u00eancia p\u00fablica para apresentar a\u00e7\u00f5es e resultados"},"content":{"rendered":"\n<p>A Goi\u00e1s Previd\u00eancia (Goiasprev) realizar\u00e1, no dia 23 de outubro de 2025, \u00e0s 16h30, uma audi\u00eancia p\u00fablica para apresentar as a\u00e7\u00f5es e resultados da autarquia no ano de 2024 e no primeiro semestre de 2025. O evento ser\u00e1 transmitido ao vivo pelo canal da Goiasprev no YouTube (@comunicacaogoiasprevidencia).<\/p>\n\n\n\n<p>A iniciativa tem como objetivo promover transpar\u00eancia, di\u00e1logo e participa\u00e7\u00e3o social, permitindo que os segurados conhe\u00e7am de perto como s\u00e3o administrados os recursos previdenci\u00e1rios do Estado de Goi\u00e1s.<\/p>\n\n\n\n<p>Durante a audi\u00eancia, o p\u00fablico poder\u00e1 interagir por meio do chat ao vivo, enviando d\u00favidas e coment\u00e1rios. A proposta \u00e9 aproximar os segurados, os benefici\u00e1rios e a sociedade em geral dos gestores da autarquia, refor\u00e7ando a confian\u00e7a e a transpar\u00eancia na gest\u00e3o p\u00fablica.<\/p>\n\n\n\n<p>Entre os temas que ser\u00e3o abordados est\u00e3o: as boas pr\u00e1ticas de governan\u00e7a, a evolu\u00e7\u00e3o da situa\u00e7\u00e3o atuarial, a gest\u00e3o de investimentos, os projetos de moderniza\u00e7\u00e3o e inova\u00e7\u00e3o tecnol\u00f3gica e as a\u00e7\u00f5es que fortalecem a previd\u00eancia estadual.<\/p>\n\n\n\n<p>A Goiasprev refor\u00e7a que a participa\u00e7\u00e3o dos segurados \u00e9 essencial para o fortalecimento da governan\u00e7a e o aprimoramento cont\u00ednuo da gest\u00e3o previdenci\u00e1ria.<\/p>\n\n\n\n<p><strong>Goi\u00e1s Previd\u00eancia &#8211; Governo de Goi\u00e1s<\/strong><\/p>\n","protected":false},"excerpt":{"rendered":"<p>A Goi\u00e1s Previd\u00eancia (Goiasprev) realizar\u00e1, no dia 23 de outubro de 2025, \u00e0s 16h30, uma audi\u00eancia p\u00fablica para apresentar as a\u00e7\u00f5es e resultados da autarquia no ano de 2024 e no primeiro semestre de 2025. O evento ser\u00e1 transmitido ao vivo pelo canal da Goiasprev no YouTube (@comunicacaogoiasprevidencia). A iniciativa tem como objetivo promover transpar\u00eancia, [&hellip;]<\/p>\n","protected":false},"author":412,"featured_media":33614,"comment_status":"closed","ping_status":"open","sticky":false,"template":"","format":"standard","meta":{"footnotes":""},"categories":[24],"tags":[],"class_list":["post-33584","post","type-post","status-publish","format-standard","has-post-thumbnail","hentry","category-noticias"],"rttpg_featured_image_url":{"full":["https:\/\/goias.gov.br\/goiasprev\/wp-content\/uploads\/sites\/36\/2025\/10\/Sem-nome-1200-x-652-px.jpg",3750,2038,false],"landscape":["https:\/\/goias.gov.br\/goiasprev\/wp-content\/uploads\/sites\/36\/2025\/10\/Sem-nome-1200-x-652-px.jpg",3750,2038,false],"portraits":["https:\/\/goias.gov.br\/goiasprev\/wp-content\/uploads\/sites\/36\/2025\/10\/Sem-nome-1200-x-652-px.jpg",3750,2038,false],"thumbnail":["https:\/\/goias.gov.br\/goiasprev\/wp-content\/uploads\/sites\/36\/2025\/10\/Sem-nome-1200-x-652-px-150x150.jpg",150,150,true],"medium":["https:\/\/goias.gov.br\/goiasprev\/wp-content\/uploads\/sites\/36\/2025\/10\/Sem-nome-1200-x-652-px-300x163.jpg",300,163,true],"large":["https:\/\/goias.gov.br\/goiasprev\/wp-content\/uploads\/sites\/36\/2025\/10\/Sem-nome-1200-x-652-px-1024x557.jpg",1024,557,true],"1536x1536":["https:\/\/goias.gov.br\/goiasprev\/wp-content\/uploads\/sites\/36\/2025\/10\/Sem-nome-1200-x-652-px-1536x835.jpg",1536,835,true],"2048x2048":["https:\/\/goias.gov.br\/goiasprev\/wp-content\/uploads\/sites\/36\/2025\/10\/Sem-nome-1200-x-652-px-2048x1113.jpg",2048,1113,true]},"rttpg_author":{"display_name":"paulomecarvalho","author_link":"https:\/\/goias.gov.br\/goiasprev\/author\/paulomecarvalho\/"},"rttpg_comment":0,"rttpg_category":"<a href=\"https:\/\/goias.gov.br\/goiasprev\/categoria\/noticias\/\" rel=\"category tag\">Not\u00edcias<\/a>","rttpg_excerpt":"A Goi\u00e1s Previd\u00eancia (Goiasprev) realizar\u00e1, no dia 23 de outubro de 2025, \u00e0s 16h30, uma audi\u00eancia p\u00fablica para apresentar as a\u00e7\u00f5es e resultados da autarquia no ano de 2024 e no primeiro semestre de 2025. O evento ser\u00e1 transmitido ao vivo pelo canal da Goiasprev no YouTube (@comunicacaogoiasprevidencia). A iniciativa tem como objetivo promover transpar\u00eancia,&hellip;","_links":{"self":[{"href":"https:\/\/goias.gov.br\/goiasprev\/wp-json\/wp\/v2\/posts\/33584","targetHints":{"allow":["GET"]}}],"collection":[{"href":"https:\/\/goias.gov.br\/goiasprev\/wp-json\/wp\/v2\/posts"}],"about":[{"href":"https:\/\/goias.gov.br\/goiasprev\/wp-json\/wp\/v2\/types\/post"}],"author":[{"embeddable":true,"href":"https:\/\/goias.gov.br\/goiasprev\/wp-json\/wp\/v2\/users\/412"}],"replies":[{"embeddable":true,"href":"https:\/\/goias.gov.br\/goiasprev\/wp-json\/wp\/v2\/comments?post=33584"}],"version-history":[{"count":1,"href":"https:\/\/goias.gov.br\/goiasprev\/wp-json\/wp\/v2\/posts\/33584\/revisions"}],"predecessor-version":[{"id":33615,"href":"https:\/\/goias.gov.br\/goiasprev\/wp-json\/wp\/v2\/posts\/33584\/revisions\/33615"}],"wp:featuredmedia":[{"embeddable":true,"href":"https:\/\/goias.gov.br\/goiasprev\/wp-json\/wp\/v2\/media\/33614"}],"wp:attachment":[{"href":"https:\/\/goias.gov.br\/goiasprev\/wp-json\/wp\/v2\/media?parent=33584"}],"wp:term":[{"taxonomy":"category","embeddable":true,"href":"https:\/\/goias.gov.br\/goiasprev\/wp-json\/wp\/v2\/categories?post=33584"},{"taxonomy":"post_tag","embeddable":true,"href":"https:\/\/goias.gov.br\/goiasprev\/wp-json\/wp\/v2\/tags?post=33584"}],"curies":[{"name":"wp","href":"https:\/\/api.w.org\/{rel}","templated":true}]}}