

{"id":3355,"date":"2020-10-05T14:53:49","date_gmt":"2020-10-05T17:53:49","guid":{"rendered":"https:\/\/siteshom.goias.gov.br\/goiasprev\/grupo-de-trabalho-encerra-apresentacao-do-projeto-de-adequacao-da-legislacao-estadual-frente-a-reforma-previdenciaria\/"},"modified":"2020-10-05T14:53:49","modified_gmt":"2020-10-05T17:53:49","slug":"grupo-de-trabalho-encerra-apresentacao-do-projeto-de-adequacao-da-legislacao-estadual-frente-a-reforma-previdenciaria","status":"publish","type":"post","link":"https:\/\/goias.gov.br\/goiasprev\/grupo-de-trabalho-encerra-apresentacao-do-projeto-de-adequacao-da-legislacao-estadual-frente-a-reforma-previdenciaria\/","title":{"rendered":"Grupo de trabalho encerra apresenta\u00e7\u00e3o do projeto de adequa\u00e7\u00e3o da legisla\u00e7\u00e3o estadual frente a Reforma Previdenci\u00e1ria."},"content":{"rendered":"<p><img fetchpriority=\"high\" decoding=\"async\" class=\" size-full wp-image-3354\" src=\"https:\/\/goias.gov.br\/goiasprev\/wp-content\/uploads\/sites\/36\/2020\/10\/0510-grupodetrabalho-site-592.jpg\" alt=\"\" width=\"960\" height=\"540\" srcset=\"https:\/\/goias.gov.br\/goiasprev\/wp-content\/uploads\/sites\/36\/2020\/10\/0510-grupodetrabalho-site-592.jpg 960w, https:\/\/goias.gov.br\/goiasprev\/wp-content\/uploads\/sites\/36\/2020\/10\/0510-grupodetrabalho-site-592-300x169.jpg 300w, https:\/\/goias.gov.br\/goiasprev\/wp-content\/uploads\/sites\/36\/2020\/10\/0510-grupodetrabalho-site-592-768x432.jpg 768w\" sizes=\"(max-width: 960px) 100vw, 960px\" \/><\/p>\n<p>O Grupo de Trabalho respons&aacute;vel pelas adequa&ccedil;&otilde;es da legisla&ccedil;&atilde;o estadual &agrave; Emenda Constitucional Estadual n&ordm;65\/2019 e Emenda Constitucional Federal N&ordm;103\/2019, que tratam da Reforma da Previd&ecirc;ncia no Estado e na Uni&atilde;o, encerrou nesta quinta-feira (01\/10) a apresenta&ccedil;&atilde;o das altera&ccedil;&otilde;es necess&aacute;rias para o ajuste das mesmas.<\/p>\n<p>Discutida ponto a ponto com o presidente, diretores, procuradoria setorial e gestores da institui&ccedil;&atilde;o, o Projeto de Lei Complementar de reestrutura&ccedil;&atilde;o do Regime Previdenci&aacute;rio dos servidores p&uacute;blicos do Estado de Goi&aacute;s, passar&aacute; pelos &uacute;ltimos ajustes e em seguida, ser&aacute; colocada para debates com o Executivo e demais Poderes, &Oacute;rg&atilde;os Aut&ocirc;nomos e entidades de classe.<\/p>\n<p>Segundo o presidente da Goiasprev, Gilvan C&acirc;ndido da Silva, o Projeto de Reestrutura&ccedil;&atilde;o entra em sua fase final e o pr&oacute;ximo passo &eacute; debater as adequa&ccedil;&otilde;es da legisla&ccedil;&atilde;o da previd&ecirc;ncia estadual com todos os segmentos envolvidos no processo. &ldquo;Ap&oacute;s a Reforma Previdenci&aacute;ria em Goi&aacute;s, que seguiu as mesmas regras da Reforma da Uni&atilde;o, foram necess&aacute;rias algumas adequa&ccedil;&otilde;es da legisla&ccedil;&atilde;o e da estrutura do nosso Regime Pr&oacute;prio de Previd&ecirc;ncia Social &agrave;s novas Leis e assim, ficarmos alinhados com o texto e a operacionaliza&ccedil;&atilde;o das mesmas&rdquo;.<\/p>\n<p>Fizeram parte da reuni&atilde;o, al&eacute;m do presidente, o diretor de Militares e Relacionamento com o Segurado Ten. Cel. Jos&eacute; Lemos da Silva Filho, a diretora de Previd&ecirc;ncia, Milena Guilherme Dias Barcelos, o diretor de Gest&atilde;o Integrada, Marcelo Fernandes, a procuradora setorial, Bruna Tannus, o presidente da Prevcom-BrC, Nelson Fujimoto, assessor Adauto Pereira Neto e os membros do Grupo de trabalho, coordenador &nbsp;Fernando Rocha Abr&atilde;o, Karla Patr&iacute;cia Albernaz, Renata Guimar&atilde;es e Silva, os quais representaram os demais componentes, F&aacute;bio Resende Martins e Viviane&nbsp; de Souza&nbsp; Czerewuta.<\/p>\n<p>&nbsp;<\/p>\n<p><strong>Comunica&ccedil;&atilde;o Goiasprev<\/strong><\/p>\n","protected":false},"excerpt":{"rendered":"<p>O Grupo de Trabalho respons&aacute;vel pelas adequa&ccedil;&otilde;es da legisla&ccedil;&atilde;o estadual &agrave; Emenda Constitucional Estadual n&ordm;65\/2019 e Emenda Constitucional Federal N&ordm;103\/2019, que tratam da Reforma da Previd&ecirc;ncia no Estado e na Uni&atilde;o, encerrou nesta quinta-feira (01\/10) a apresenta&ccedil;&atilde;o das altera&ccedil;&otilde;es necess&aacute;rias para o ajuste das mesmas. Discutida ponto a ponto com o presidente, diretores, procuradoria setorial [&hellip;]<\/p>\n","protected":false},"author":707,"featured_media":3354,"comment_status":"closed","ping_status":"open","sticky":false,"template":"","format":"standard","meta":{"footnotes":""},"categories":[24],"tags":[],"class_list":["post-3355","post","type-post","status-publish","format-standard","has-post-thumbnail","hentry","category-noticias"],"rttpg_featured_image_url":{"full":["https:\/\/goias.gov.br\/goiasprev\/wp-content\/uploads\/sites\/36\/2020\/10\/0510-grupodetrabalho-site-592.jpg",960,540,false],"landscape":["https:\/\/goias.gov.br\/goiasprev\/wp-content\/uploads\/sites\/36\/2020\/10\/0510-grupodetrabalho-site-592.jpg",960,540,false],"portraits":["https:\/\/goias.gov.br\/goiasprev\/wp-content\/uploads\/sites\/36\/2020\/10\/0510-grupodetrabalho-site-592.jpg",960,540,false],"thumbnail":["https:\/\/goias.gov.br\/goiasprev\/wp-content\/uploads\/sites\/36\/2020\/10\/0510-grupodetrabalho-site-592-150x150.jpg",150,150,true],"medium":["https:\/\/goias.gov.br\/goiasprev\/wp-content\/uploads\/sites\/36\/2020\/10\/0510-grupodetrabalho-site-592-300x169.jpg",300,169,true],"large":["https:\/\/goias.gov.br\/goiasprev\/wp-content\/uploads\/sites\/36\/2020\/10\/0510-grupodetrabalho-site-592.jpg",960,540,false],"1536x1536":["https:\/\/goias.gov.br\/goiasprev\/wp-content\/uploads\/sites\/36\/2020\/10\/0510-grupodetrabalho-site-592.jpg",960,540,false],"2048x2048":["https:\/\/goias.gov.br\/goiasprev\/wp-content\/uploads\/sites\/36\/2020\/10\/0510-grupodetrabalho-site-592.jpg",960,540,false]},"rttpg_author":{"display_name":"edvaldossilva","author_link":"https:\/\/goias.gov.br\/goiasprev\/author\/edvaldossilva\/"},"rttpg_comment":0,"rttpg_category":"<a href=\"https:\/\/goias.gov.br\/goiasprev\/categoria\/noticias\/\" rel=\"category tag\">Not\u00edcias<\/a>","rttpg_excerpt":"O Grupo de Trabalho respons&aacute;vel pelas adequa&ccedil;&otilde;es da legisla&ccedil;&atilde;o estadual &agrave; Emenda Constitucional Estadual n&ordm;65\/2019 e Emenda Constitucional Federal N&ordm;103\/2019, que tratam da Reforma da Previd&ecirc;ncia no Estado e na Uni&atilde;o, encerrou nesta quinta-feira (01\/10) a apresenta&ccedil;&atilde;o das altera&ccedil;&otilde;es necess&aacute;rias para o ajuste das mesmas. Discutida ponto a ponto com o presidente, diretores, procuradoria setorial&hellip;","_links":{"self":[{"href":"https:\/\/goias.gov.br\/goiasprev\/wp-json\/wp\/v2\/posts\/3355","targetHints":{"allow":["GET"]}}],"collection":[{"href":"https:\/\/goias.gov.br\/goiasprev\/wp-json\/wp\/v2\/posts"}],"about":[{"href":"https:\/\/goias.gov.br\/goiasprev\/wp-json\/wp\/v2\/types\/post"}],"author":[{"embeddable":true,"href":"https:\/\/goias.gov.br\/goiasprev\/wp-json\/wp\/v2\/users\/707"}],"replies":[{"embeddable":true,"href":"https:\/\/goias.gov.br\/goiasprev\/wp-json\/wp\/v2\/comments?post=3355"}],"version-history":[{"count":0,"href":"https:\/\/goias.gov.br\/goiasprev\/wp-json\/wp\/v2\/posts\/3355\/revisions"}],"wp:featuredmedia":[{"embeddable":true,"href":"https:\/\/goias.gov.br\/goiasprev\/wp-json\/wp\/v2\/media\/3354"}],"wp:attachment":[{"href":"https:\/\/goias.gov.br\/goiasprev\/wp-json\/wp\/v2\/media?parent=3355"}],"wp:term":[{"taxonomy":"category","embeddable":true,"href":"https:\/\/goias.gov.br\/goiasprev\/wp-json\/wp\/v2\/categories?post=3355"},{"taxonomy":"post_tag","embeddable":true,"href":"https:\/\/goias.gov.br\/goiasprev\/wp-json\/wp\/v2\/tags?post=3355"}],"curies":[{"name":"wp","href":"https:\/\/api.w.org\/{rel}","templated":true}]}}