

{"id":32263,"date":"2025-09-29T15:35:57","date_gmt":"2025-09-29T18:35:57","guid":{"rendered":"https:\/\/goias.gov.br\/goiasprev\/?p=32263"},"modified":"2025-09-29T15:36:30","modified_gmt":"2025-09-29T18:36:30","slug":"goiasprev-capacita-servidores-com-curso-de-direito-previdenciario","status":"publish","type":"post","link":"https:\/\/goias.gov.br\/goiasprev\/goiasprev-capacita-servidores-com-curso-de-direito-previdenciario\/","title":{"rendered":"Goiasprev capacita servidores com curso de Direito Previdenci\u00e1rio"},"content":{"rendered":"\n<p>O Governo de Goi\u00e1s, por meio da Goi\u00e1s Previd\u00eancia (Goiasprev), iniciou um curso de capacita\u00e7\u00e3o para seus servidores sobre Direito Previdenci\u00e1rio nesta segunda-feira (29). A diretora de previd\u00eancia da autarquia, Milena Guilherme Dias, \u00e9 respons\u00e1vel pela aplica\u00e7\u00e3o da forma\u00e7\u00e3o, que ser\u00e1 ministrada at\u00e9 a primeira semana do pr\u00f3ximo m\u00eas de outubro.\u00a0<\/p>\n\n\n\n<p>O p\u00fablico-alvo dos temas abordados s\u00e3o os estagi\u00e1rios e colaboradores terceirizados da pasta. Entre os assuntos do curso, est\u00e3o a seguridade social, os regimes previdenci\u00e1rios no Brasil, o Regime Pr\u00f3prio de Previd\u00eancia Social (RPPS), benef\u00edcios previdenci\u00e1rios, entre outros.\u00a0<\/p>\n\n\n\n<p>Realizado no audit\u00f3rio do Ipasgo Sa\u00fade, o curso de Direito Previdenci\u00e1rio segue at\u00e9 o dia 3 de outubro, de 9h \u00e0s 12h. Milena aproveitou o momento de abertura para ressaltar o objetivo da forma\u00e7\u00e3o, que al\u00e9m de preparar o servidor para a sua aposentadoria com planejamento, deve instruir com as no\u00e7\u00f5es b\u00e1sicas de Direito Previdenci\u00e1rio, para executar as diversas etapas do processo de aposentadoria dos segurados do RPPS.<\/p>\n\n\n\n<p>\u201cA Goiasprev tem investido cada vez mais na qualifica\u00e7\u00e3o e\u00a0na certifica\u00e7\u00e3o das nossas equipes. Neste Curso, em especial, estamos trazendo um panorama geral da previd\u00eancia estadual,\u00a0para melhor atender \u00e0s demandas dos nossos segurados e benefici\u00e1rios\u201d, disse a diretora.<\/p>\n\n\n\n<p><strong>Goi\u00e1s Previd\u00eancia &#8211; Governo de Goi\u00e1s<\/strong><\/p>\n","protected":false},"excerpt":{"rendered":"<p>O Governo de Goi\u00e1s, por meio da Goi\u00e1s Previd\u00eancia (Goiasprev), iniciou um curso de capacita\u00e7\u00e3o para seus servidores sobre Direito Previdenci\u00e1rio nesta segunda-feira (29). A diretora de previd\u00eancia da autarquia, Milena Guilherme Dias, \u00e9 respons\u00e1vel pela aplica\u00e7\u00e3o da forma\u00e7\u00e3o, que ser\u00e1 ministrada at\u00e9 a primeira semana do pr\u00f3ximo m\u00eas de outubro.\u00a0 O p\u00fablico-alvo dos temas [&hellip;]<\/p>\n","protected":false},"author":412,"featured_media":32294,"comment_status":"closed","ping_status":"open","sticky":false,"template":"","format":"standard","meta":{"footnotes":""},"categories":[24],"tags":[],"class_list":["post-32263","post","type-post","status-publish","format-standard","has-post-thumbnail","hentry","category-noticias"],"rttpg_featured_image_url":{"full":["https:\/\/goias.gov.br\/goiasprev\/wp-content\/uploads\/sites\/36\/2025\/09\/WhatsApp-Image-2025-09-29-at-3.35.14-PM.jpeg",1200,612,false],"landscape":["https:\/\/goias.gov.br\/goiasprev\/wp-content\/uploads\/sites\/36\/2025\/09\/WhatsApp-Image-2025-09-29-at-3.35.14-PM.jpeg",1200,612,false],"portraits":["https:\/\/goias.gov.br\/goiasprev\/wp-content\/uploads\/sites\/36\/2025\/09\/WhatsApp-Image-2025-09-29-at-3.35.14-PM.jpeg",1200,612,false],"thumbnail":["https:\/\/goias.gov.br\/goiasprev\/wp-content\/uploads\/sites\/36\/2025\/09\/WhatsApp-Image-2025-09-29-at-3.35.14-PM-150x150.jpeg",150,150,true],"medium":["https:\/\/goias.gov.br\/goiasprev\/wp-content\/uploads\/sites\/36\/2025\/09\/WhatsApp-Image-2025-09-29-at-3.35.14-PM-300x153.jpeg",300,153,true],"large":["https:\/\/goias.gov.br\/goiasprev\/wp-content\/uploads\/sites\/36\/2025\/09\/WhatsApp-Image-2025-09-29-at-3.35.14-PM-1024x522.jpeg",1024,522,true],"1536x1536":["https:\/\/goias.gov.br\/goiasprev\/wp-content\/uploads\/sites\/36\/2025\/09\/WhatsApp-Image-2025-09-29-at-3.35.14-PM.jpeg",1200,612,false],"2048x2048":["https:\/\/goias.gov.br\/goiasprev\/wp-content\/uploads\/sites\/36\/2025\/09\/WhatsApp-Image-2025-09-29-at-3.35.14-PM.jpeg",1200,612,false]},"rttpg_author":{"display_name":"paulomecarvalho","author_link":"https:\/\/goias.gov.br\/goiasprev\/author\/paulomecarvalho\/"},"rttpg_comment":0,"rttpg_category":"<a href=\"https:\/\/goias.gov.br\/goiasprev\/categoria\/noticias\/\" rel=\"category tag\">Not\u00edcias<\/a>","rttpg_excerpt":"O Governo de Goi\u00e1s, por meio da Goi\u00e1s Previd\u00eancia (Goiasprev), iniciou um curso de capacita\u00e7\u00e3o para seus servidores sobre Direito Previdenci\u00e1rio nesta segunda-feira (29). A diretora de previd\u00eancia da autarquia, Milena Guilherme Dias, \u00e9 respons\u00e1vel pela aplica\u00e7\u00e3o da forma\u00e7\u00e3o, que ser\u00e1 ministrada at\u00e9 a primeira semana do pr\u00f3ximo m\u00eas de outubro.\u00a0 O p\u00fablico-alvo dos temas&hellip;","_links":{"self":[{"href":"https:\/\/goias.gov.br\/goiasprev\/wp-json\/wp\/v2\/posts\/32263","targetHints":{"allow":["GET"]}}],"collection":[{"href":"https:\/\/goias.gov.br\/goiasprev\/wp-json\/wp\/v2\/posts"}],"about":[{"href":"https:\/\/goias.gov.br\/goiasprev\/wp-json\/wp\/v2\/types\/post"}],"author":[{"embeddable":true,"href":"https:\/\/goias.gov.br\/goiasprev\/wp-json\/wp\/v2\/users\/412"}],"replies":[{"embeddable":true,"href":"https:\/\/goias.gov.br\/goiasprev\/wp-json\/wp\/v2\/comments?post=32263"}],"version-history":[{"count":2,"href":"https:\/\/goias.gov.br\/goiasprev\/wp-json\/wp\/v2\/posts\/32263\/revisions"}],"predecessor-version":[{"id":32298,"href":"https:\/\/goias.gov.br\/goiasprev\/wp-json\/wp\/v2\/posts\/32263\/revisions\/32298"}],"wp:featuredmedia":[{"embeddable":true,"href":"https:\/\/goias.gov.br\/goiasprev\/wp-json\/wp\/v2\/media\/32294"}],"wp:attachment":[{"href":"https:\/\/goias.gov.br\/goiasprev\/wp-json\/wp\/v2\/media?parent=32263"}],"wp:term":[{"taxonomy":"category","embeddable":true,"href":"https:\/\/goias.gov.br\/goiasprev\/wp-json\/wp\/v2\/categories?post=32263"},{"taxonomy":"post_tag","embeddable":true,"href":"https:\/\/goias.gov.br\/goiasprev\/wp-json\/wp\/v2\/tags?post=32263"}],"curies":[{"name":"wp","href":"https:\/\/api.w.org\/{rel}","templated":true}]}}