

{"id":31921,"date":"2025-09-10T14:57:09","date_gmt":"2025-09-10T17:57:09","guid":{"rendered":"https:\/\/goias.gov.br\/goiasprev\/?p=31921"},"modified":"2025-09-10T15:14:45","modified_gmt":"2025-09-10T18:14:45","slug":"goias-previdencia-realiza-acao-em-apoio-ao-setembro-amarelo","status":"publish","type":"post","link":"https:\/\/goias.gov.br\/goiasprev\/goias-previdencia-realiza-acao-em-apoio-ao-setembro-amarelo\/","title":{"rendered":"Goi\u00e1s Previd\u00eancia realiza a\u00e7\u00e3o em apoio ao Setembro Amarelo"},"content":{"rendered":"\n<p>No Dia Mundial de Preven\u00e7\u00e3o ao Suic\u00eddio, 10\/09, a Goi\u00e1s Previd\u00eancia promoveu uma a\u00e7\u00e3o especial em apoio ao Setembro Amarelo. A atividade foi organizada pela Diretoria de Gest\u00e3o Integrada, por meio da Ger\u00eancia de Gest\u00e3o e Desenvolvimento de Pessoas, junto com a Comunica\u00e7\u00e3o Setorial da autarquia, e aconteceu no Parque Arei\u00e3o, em Goi\u00e2nia.<\/p>\n\n\n\n<p>O evento teve in\u00edcio com uma apresenta\u00e7\u00e3o da banda do corpo musical da Pol\u00edcia Militar do Estado de Goi\u00e1s, regida pelo tenente Eliomar Leal, que emocionou os participantes e introduziu o car\u00e1ter acolhedor da iniciativa. Em seguida, a servidora Sara Saldanha, da Ger\u00eancia de Gest\u00e3o e Desenvolvimento de Pessoas, contextualizou a origem do Setembro Amarelo e destacou a import\u00e2ncia da mobiliza\u00e7\u00e3o no ambiente de trabalho. &#8220;O Setembro Amarelo nos lembra que a vida precisa ser valorizada todos os dias. A Goi\u00e1s Previd\u00eancia reafirma seu compromisso com a constru\u00e7\u00e3o de um espa\u00e7o acolhedor, onde cada colaborador se sinta respeitado e amparado&#8221;, afirmou.<\/p>\n\n\n\n<p>Ap\u00f3s a fala, os colaboradores da autarquia participaram de uma din\u00e2mica simb\u00f3lica: encheram bal\u00f5es amarelos e amarraram fitas da mesma cor, que, interligadas, formaram uma corrente representando uni\u00e3o e apoio m\u00fatuo. Durante a atividade, eles tamb\u00e9m seguraram placas com mensagens de valoriza\u00e7\u00e3o da vida.<\/p>\n\n\n\n<p>O evento contou com a participa\u00e7\u00e3o da Diretoria Executiva da Goi\u00e1s Previd\u00eancia, e na oportunidade, o presidente Gilvan C\u00e2ndido refor\u00e7ou o compromisso do Poder Executivo estadual com a pauta da sa\u00fade mental. &#8220;Cuidar da nossa vida \u00e9 tamb\u00e9m cuidar de quem amamos e de quem nos ama. O Governo de Goi\u00e1s est\u00e1 comprometido em promover a\u00e7\u00f5es que reiterem a import\u00e2ncia da escuta, do acolhimento e da valoriza\u00e7\u00e3o da vida&#8221;, destacou.<\/p>\n\n\n\n<p>A gerente de Gest\u00e3o e Desenvolvimento de Pessoas, Alessandra Oliveira, ressaltou o car\u00e1ter integrador da atividade. &#8220;Esta a\u00e7\u00e3o foi uma forma de aproximar os colaboradores e enfatizar que todos t\u00eam um papel fundamental na promo\u00e7\u00e3o da sa\u00fade mental e na preven\u00e7\u00e3o ao suic\u00eddio. Cada gesto de acolhimento pode fazer a diferen\u00e7a&#8221;, afirmou.<\/p>\n\n\n\n<p><strong>Goi\u00e1s Previd\u00eancia &#8211; Governo de Goi\u00e1s<\/strong><\/p>\n","protected":false},"excerpt":{"rendered":"<p>No Dia Mundial de Preven\u00e7\u00e3o ao Suic\u00eddio, 10\/09, a Goi\u00e1s Previd\u00eancia promoveu uma a\u00e7\u00e3o especial em apoio ao Setembro Amarelo. A atividade foi organizada pela Diretoria de Gest\u00e3o Integrada, por meio da Ger\u00eancia de Gest\u00e3o e Desenvolvimento de Pessoas, junto com a Comunica\u00e7\u00e3o Setorial da autarquia, e aconteceu no Parque Arei\u00e3o, em Goi\u00e2nia. O evento [&hellip;]<\/p>\n","protected":false},"author":412,"featured_media":31967,"comment_status":"closed","ping_status":"open","sticky":false,"template":"","format":"standard","meta":{"footnotes":""},"categories":[24],"tags":[],"class_list":["post-31921","post","type-post","status-publish","format-standard","has-post-thumbnail","hentry","category-noticias"],"rttpg_featured_image_url":{"full":["https:\/\/goias.gov.br\/goiasprev\/wp-content\/uploads\/sites\/36\/2025\/09\/WhatsApp-Image-2025-09-10-at-2.04.50-PM.jpeg",1200,612,false],"landscape":["https:\/\/goias.gov.br\/goiasprev\/wp-content\/uploads\/sites\/36\/2025\/09\/WhatsApp-Image-2025-09-10-at-2.04.50-PM.jpeg",1200,612,false],"portraits":["https:\/\/goias.gov.br\/goiasprev\/wp-content\/uploads\/sites\/36\/2025\/09\/WhatsApp-Image-2025-09-10-at-2.04.50-PM.jpeg",1200,612,false],"thumbnail":["https:\/\/goias.gov.br\/goiasprev\/wp-content\/uploads\/sites\/36\/2025\/09\/WhatsApp-Image-2025-09-10-at-2.04.50-PM-150x150.jpeg",150,150,true],"medium":["https:\/\/goias.gov.br\/goiasprev\/wp-content\/uploads\/sites\/36\/2025\/09\/WhatsApp-Image-2025-09-10-at-2.04.50-PM-300x153.jpeg",300,153,true],"large":["https:\/\/goias.gov.br\/goiasprev\/wp-content\/uploads\/sites\/36\/2025\/09\/WhatsApp-Image-2025-09-10-at-2.04.50-PM-1024x522.jpeg",1024,522,true],"1536x1536":["https:\/\/goias.gov.br\/goiasprev\/wp-content\/uploads\/sites\/36\/2025\/09\/WhatsApp-Image-2025-09-10-at-2.04.50-PM.jpeg",1200,612,false],"2048x2048":["https:\/\/goias.gov.br\/goiasprev\/wp-content\/uploads\/sites\/36\/2025\/09\/WhatsApp-Image-2025-09-10-at-2.04.50-PM.jpeg",1200,612,false]},"rttpg_author":{"display_name":"paulomecarvalho","author_link":"https:\/\/goias.gov.br\/goiasprev\/author\/paulomecarvalho\/"},"rttpg_comment":0,"rttpg_category":"<a href=\"https:\/\/goias.gov.br\/goiasprev\/categoria\/noticias\/\" rel=\"category tag\">Not\u00edcias<\/a>","rttpg_excerpt":"No Dia Mundial de Preven\u00e7\u00e3o ao Suic\u00eddio, 10\/09, a Goi\u00e1s Previd\u00eancia promoveu uma a\u00e7\u00e3o especial em apoio ao Setembro Amarelo. A atividade foi organizada pela Diretoria de Gest\u00e3o Integrada, por meio da Ger\u00eancia de Gest\u00e3o e Desenvolvimento de Pessoas, junto com a Comunica\u00e7\u00e3o Setorial da autarquia, e aconteceu no Parque Arei\u00e3o, em Goi\u00e2nia. O evento&hellip;","_links":{"self":[{"href":"https:\/\/goias.gov.br\/goiasprev\/wp-json\/wp\/v2\/posts\/31921","targetHints":{"allow":["GET"]}}],"collection":[{"href":"https:\/\/goias.gov.br\/goiasprev\/wp-json\/wp\/v2\/posts"}],"about":[{"href":"https:\/\/goias.gov.br\/goiasprev\/wp-json\/wp\/v2\/types\/post"}],"author":[{"embeddable":true,"href":"https:\/\/goias.gov.br\/goiasprev\/wp-json\/wp\/v2\/users\/412"}],"replies":[{"embeddable":true,"href":"https:\/\/goias.gov.br\/goiasprev\/wp-json\/wp\/v2\/comments?post=31921"}],"version-history":[{"count":1,"href":"https:\/\/goias.gov.br\/goiasprev\/wp-json\/wp\/v2\/posts\/31921\/revisions"}],"predecessor-version":[{"id":31934,"href":"https:\/\/goias.gov.br\/goiasprev\/wp-json\/wp\/v2\/posts\/31921\/revisions\/31934"}],"wp:featuredmedia":[{"embeddable":true,"href":"https:\/\/goias.gov.br\/goiasprev\/wp-json\/wp\/v2\/media\/31967"}],"wp:attachment":[{"href":"https:\/\/goias.gov.br\/goiasprev\/wp-json\/wp\/v2\/media?parent=31921"}],"wp:term":[{"taxonomy":"category","embeddable":true,"href":"https:\/\/goias.gov.br\/goiasprev\/wp-json\/wp\/v2\/categories?post=31921"},{"taxonomy":"post_tag","embeddable":true,"href":"https:\/\/goias.gov.br\/goiasprev\/wp-json\/wp\/v2\/tags?post=31921"}],"curies":[{"name":"wp","href":"https:\/\/api.w.org\/{rel}","templated":true}]}}