

{"id":26922,"date":"2025-06-27T12:18:28","date_gmt":"2025-06-27T15:18:28","guid":{"rendered":"https:\/\/goias.gov.br\/goiasprev\/?p=26922"},"modified":"2025-06-27T12:31:18","modified_gmt":"2025-06-27T15:31:18","slug":"governo-de-goias-conquista-premios-em-todas-as-categorias-no-58o-congresso-nacional-da-abipem","status":"publish","type":"post","link":"https:\/\/goias.gov.br\/goiasprev\/governo-de-goias-conquista-premios-em-todas-as-categorias-no-58o-congresso-nacional-da-abipem\/","title":{"rendered":"Governo de Goi\u00e1s conquista pr\u00eamios em todas as categorias no 58\u00ba Congresso Nacional da Abipem"},"content":{"rendered":"\n<p>O Governo de Goi\u00e1s, por meio da Goi\u00e1s Previd\u00eancia (Goiasprev), foi premiado no 58\u00ba Congresso Nacional da Associa\u00e7\u00e3o Brasileira de Institui\u00e7\u00f5es de Previd\u00eancia Estaduais e Municipais (ABIPEM), que ocorreu entre os dias 25 e 27 de junho, em Foz do Igua\u00e7u-PR. Os reconhecimentos aconteceram nas categorias Governan\u00e7a, Responsabilidade Previdenci\u00e1ria e Investimentos.<\/p>\n\n\n\n<p>Para receber as premia\u00e7\u00f5es, estiveram presentes o presidente da Goiasprev, Gilvan C\u00e2ndido, o chefe de Gabinete, Jos\u00e9 Ant\u00f4nio Capparelli, a diretora de Previd\u00eancia, Milena Dias, o diretor de Gest\u00e3o de Ativos e Passivos, Leonardo L\u00facio Ferreira, o gerente de Investimentos, Ant\u00f4nio Francisco Portela, e a gerente de Contabilidade, Adriana Jesus. As documenta\u00e7\u00f5es para concorrer aos pr\u00eamios foram organizadas e enviadas pela Ger\u00eancia de Governan\u00e7a da autarquia, sob lideran\u00e7a da gerente Roberta Crispim.<\/p>\n\n\n\n<p>De acordo com o presidente, Gilvan C\u00e2ndido: \u201cEssa premia\u00e7\u00e3o, que valoriza as melhores pr\u00e1ticas e o desempenho das institui\u00e7\u00f5es previdenci\u00e1rias em todo o pa\u00eds, refor\u00e7a o comprometimento e a efici\u00eancia da Goi\u00e1s Previd\u00eancia, da gest\u00e3o do Estado de Goi\u00e1s e do governador Ronaldo Caiado, especialmente na aten\u00e7\u00e3o \u00e0 gest\u00e3o dos recursos previdenci\u00e1rios e no empenho da autarquia em garantir a seguran\u00e7a e o bem-estar dos servidores p\u00fablicos estaduais\u201d.<\/p>\n\n\n\n<p>Durante o evento (26), o titular da previd\u00eancia estadual goiana apresentou no painel \u201cProfissionaliza\u00e7\u00e3o da Gest\u00e3o Previdenci\u00e1ria: Certifica\u00e7\u00e3o Institucional e dos Profissionais\u201d, ao lado do auditor fiscal da Receita Federal no Minist\u00e9rio da Previd\u00eancia, Gustavo Neves, sob coordena\u00e7\u00e3o da presidente do Instituto de Previd\u00eancia do Munic\u00edpio de Curitiba, Jocelaine de Souza.<\/p>\n\n\n\n<p>Na oportunidade, Gilvan discorreu sobre a iniciativa da Gest\u00e3o Previdenci\u00e1ria do Estado de Goi\u00e1s de possibilitar a certifica\u00e7\u00e3o de 51 profissionais, incluindo toda a Diretoria-Executiva, 12 membros do Conselho Deliberativo e 9 membros do Conselho Fiscal. Ele ainda ressaltou que, da mesma forma que se sucedeu com os diretores e conselheiros, a Goiasprev fez quest\u00e3o de certificar tamb\u00e9m seus gerentes. \u201cIsso reflete o compromisso da autarquia com a melhoria cont\u00ednua de sua governan\u00e7a e da capacita\u00e7\u00e3o de seus colaboradores\u201d \u2013 destaca o presidente.<\/p>\n\n\n\n<p>O Estado de Goi\u00e1s tamb\u00e9m fez parte da apresenta\u00e7\u00e3o sobre o \u201cProtocolo do Conselho Nacional de Justi\u00e7a para Perspectiva de G\u00eanero nas a\u00e7\u00f5es judiciais e a sua aplicabilidade no RPPS\u201d, que teve como coordenadora a diretora de Previd\u00eancia da Goiasprev e presidente da Comiss\u00e3o Permanente de Acompanhamento de A\u00e7\u00f5es Judiciais Relevantes do Conselho Nacional dos Dirigentes de Regimes Pr\u00f3prios de Previd\u00eancia Social \u2013 COPAJURE, Milena Guilherme Dias.<\/p>\n\n\n\n<p><strong>58\u00b0 Congresso Nacional da Abipem<\/strong><\/p>\n\n\n\n<p>A abertura do evento contou com a participa\u00e7\u00e3o do Secret\u00e1rio de Regime Pr\u00f3prio e Complementar do Minist\u00e9rio da Previd\u00eancia Social-MTPS, Paulo Roberto dos Santos Pinto, e do presidente da ABIPEM, Jo\u00e3o Carlos Figueiredo, al\u00e9m dos gestores e t\u00e9cnicos de previd\u00eancia dos entes federativos.<\/p>\n\n\n\n<p>O Congresso abordou temas relevantes para a gest\u00e3o dos Regimes Pr\u00f3prios de Previd\u00eancia Social, como o cen\u00e1rio da previd\u00eancia complementar nos munic\u00edpios &#8211; discorrido pelo Secret\u00e1rio de Previd\u00eancia Complementar do Minist\u00e9rio da Previd\u00eancia, Narlon Nogueira, o planejamento e a governan\u00e7a para o fortalecimento da gest\u00e3o dos RPPS, aspectos relacionados \u00e0 contribui\u00e7\u00e3o previdenci\u00e1ria de menores sob guarda e os impactos de recentes decis\u00f5es do STF, al\u00e9m da import\u00e2ncia do controle interno, integridade e compliance como ferramentas para mitiga\u00e7\u00e3o de riscos e irregularidades.<\/p>\n\n\n\n<p>Tamb\u00e9m foram discutidas quest\u00f5es ligadas \u00e0 auditoria nos RPPS, o uso da intelig\u00eancia artificial para aprimorar o atendimento, a comunica\u00e7\u00e3o e a educa\u00e7\u00e3o previdenci\u00e1ria, al\u00e9m de t\u00f3picos voltados \u00e0 gest\u00e3o de investimentos, como a constitucionalidade do Certificado de Regularidade Previdenci\u00e1ria (CRP), os planos de regulariza\u00e7\u00e3o para os entes federativos, o panorama do mercado financeiro incluindo fundos de renda fixa, vari\u00e1vel e alternativos, e a contabilidade como instrumento estrat\u00e9gico de gest\u00e3o.<\/p>\n\n\n\n<p><strong>Goi\u00e1s Previd\u00eancia-Governo de Goi\u00e1s<\/strong><\/p>\n","protected":false},"excerpt":{"rendered":"<p>O Governo de Goi\u00e1s, por meio da Goi\u00e1s Previd\u00eancia (Goiasprev), foi premiado no 58\u00ba Congresso Nacional da Associa\u00e7\u00e3o Brasileira de Institui\u00e7\u00f5es de Previd\u00eancia Estaduais e Municipais (ABIPEM), que ocorreu entre os dias 25 e 27 de junho, em Foz do Igua\u00e7u-PR. Os reconhecimentos aconteceram nas categorias Governan\u00e7a, Responsabilidade Previdenci\u00e1ria e Investimentos. Para receber as premia\u00e7\u00f5es, [&hellip;]<\/p>\n","protected":false},"author":412,"featured_media":26964,"comment_status":"closed","ping_status":"open","sticky":false,"template":"","format":"standard","meta":{"footnotes":""},"categories":[24],"tags":[],"class_list":["post-26922","post","type-post","status-publish","format-standard","has-post-thumbnail","hentry","category-noticias"],"rttpg_featured_image_url":{"full":["https:\/\/goias.gov.br\/goiasprev\/wp-content\/uploads\/sites\/36\/2025\/06\/WhatsApp-Image-2025-06-27-at-12.15.10-PM-1.jpeg",1200,612,false],"landscape":["https:\/\/goias.gov.br\/goiasprev\/wp-content\/uploads\/sites\/36\/2025\/06\/WhatsApp-Image-2025-06-27-at-12.15.10-PM-1.jpeg",1200,612,false],"portraits":["https:\/\/goias.gov.br\/goiasprev\/wp-content\/uploads\/sites\/36\/2025\/06\/WhatsApp-Image-2025-06-27-at-12.15.10-PM-1.jpeg",1200,612,false],"thumbnail":["https:\/\/goias.gov.br\/goiasprev\/wp-content\/uploads\/sites\/36\/2025\/06\/WhatsApp-Image-2025-06-27-at-12.15.10-PM-1-150x150.jpeg",150,150,true],"medium":["https:\/\/goias.gov.br\/goiasprev\/wp-content\/uploads\/sites\/36\/2025\/06\/WhatsApp-Image-2025-06-27-at-12.15.10-PM-1-300x153.jpeg",300,153,true],"large":["https:\/\/goias.gov.br\/goiasprev\/wp-content\/uploads\/sites\/36\/2025\/06\/WhatsApp-Image-2025-06-27-at-12.15.10-PM-1-1024x522.jpeg",1024,522,true],"1536x1536":["https:\/\/goias.gov.br\/goiasprev\/wp-content\/uploads\/sites\/36\/2025\/06\/WhatsApp-Image-2025-06-27-at-12.15.10-PM-1.jpeg",1200,612,false],"2048x2048":["https:\/\/goias.gov.br\/goiasprev\/wp-content\/uploads\/sites\/36\/2025\/06\/WhatsApp-Image-2025-06-27-at-12.15.10-PM-1.jpeg",1200,612,false]},"rttpg_author":{"display_name":"paulomecarvalho","author_link":"https:\/\/goias.gov.br\/goiasprev\/author\/paulomecarvalho\/"},"rttpg_comment":0,"rttpg_category":"<a href=\"https:\/\/goias.gov.br\/goiasprev\/categoria\/noticias\/\" rel=\"category tag\">Not\u00edcias<\/a>","rttpg_excerpt":"O Governo de Goi\u00e1s, por meio da Goi\u00e1s Previd\u00eancia (Goiasprev), foi premiado no 58\u00ba Congresso Nacional da Associa\u00e7\u00e3o Brasileira de Institui\u00e7\u00f5es de Previd\u00eancia Estaduais e Municipais (ABIPEM), que ocorreu entre os dias 25 e 27 de junho, em Foz do Igua\u00e7u-PR. Os reconhecimentos aconteceram nas categorias Governan\u00e7a, Responsabilidade Previdenci\u00e1ria e Investimentos. Para receber as premia\u00e7\u00f5es,&hellip;","_links":{"self":[{"href":"https:\/\/goias.gov.br\/goiasprev\/wp-json\/wp\/v2\/posts\/26922","targetHints":{"allow":["GET"]}}],"collection":[{"href":"https:\/\/goias.gov.br\/goiasprev\/wp-json\/wp\/v2\/posts"}],"about":[{"href":"https:\/\/goias.gov.br\/goiasprev\/wp-json\/wp\/v2\/types\/post"}],"author":[{"embeddable":true,"href":"https:\/\/goias.gov.br\/goiasprev\/wp-json\/wp\/v2\/users\/412"}],"replies":[{"embeddable":true,"href":"https:\/\/goias.gov.br\/goiasprev\/wp-json\/wp\/v2\/comments?post=26922"}],"version-history":[{"count":1,"href":"https:\/\/goias.gov.br\/goiasprev\/wp-json\/wp\/v2\/posts\/26922\/revisions"}],"predecessor-version":[{"id":26927,"href":"https:\/\/goias.gov.br\/goiasprev\/wp-json\/wp\/v2\/posts\/26922\/revisions\/26927"}],"wp:featuredmedia":[{"embeddable":true,"href":"https:\/\/goias.gov.br\/goiasprev\/wp-json\/wp\/v2\/media\/26964"}],"wp:attachment":[{"href":"https:\/\/goias.gov.br\/goiasprev\/wp-json\/wp\/v2\/media?parent=26922"}],"wp:term":[{"taxonomy":"category","embeddable":true,"href":"https:\/\/goias.gov.br\/goiasprev\/wp-json\/wp\/v2\/categories?post=26922"},{"taxonomy":"post_tag","embeddable":true,"href":"https:\/\/goias.gov.br\/goiasprev\/wp-json\/wp\/v2\/tags?post=26922"}],"curies":[{"name":"wp","href":"https:\/\/api.w.org\/{rel}","templated":true}]}}