

{"id":26396,"date":"2025-06-12T12:50:11","date_gmt":"2025-06-12T15:50:11","guid":{"rendered":"https:\/\/goias.gov.br\/goiasprev\/?p=26396"},"modified":"2025-06-12T12:50:12","modified_gmt":"2025-06-12T15:50:12","slug":"goias-previdencia-recebe-oficina-da-sead-voltada-para-aprimoramento-da-gestao-de-processos","status":"publish","type":"post","link":"https:\/\/goias.gov.br\/goiasprev\/goias-previdencia-recebe-oficina-da-sead-voltada-para-aprimoramento-da-gestao-de-processos\/","title":{"rendered":"Goi\u00e1s Previd\u00eancia recebe oficina da Sead voltada para aprimoramento da Gest\u00e3o de Processos"},"content":{"rendered":"\n<p>Diretores, gerentes e servidores da Goi\u00e1s Previd\u00eancia participaram, na tarde desta quarta-feira (11\/06), da Oficina de Gest\u00e3o da Cadeia de Valor Integrada \u2013 Processos de Neg\u00f3cios, promovida pela Ger\u00eancia do Escrit\u00f3rio de Processos da Secretaria de Estado da Administra\u00e7\u00e3o (Sead). A atividade foi realizada no audit\u00f3rio da sede da autarquia, tendo como foco o aperfei\u00e7oamento da qualidade dos servi\u00e7os da previd\u00eancia estadual e o alinhamento dos processos identificados na cadeia de valor integrada do Estado de Goi\u00e1s.<\/p>\n\n\n\n<p>Voltada especialmente \u00e0s diretorias de Previd\u00eancia, Militares e Gest\u00e3o de Ativos e Passivos, a iniciativa foi intermediada pela Ger\u00eancia de Governan\u00e7a da Goi\u00e1s Previd\u00eancia, representada pela gerente Roberta Crispim e pelos servidores Guilherme Corr\u00eaa e K\u00eania Rodrigues, respons\u00e1veis por acompanhar e dar suporte t\u00e9cnico \u00e0 revis\u00e3o e estrutura\u00e7\u00e3o dos processos internos da institui\u00e7\u00e3o.<\/p>\n\n\n\n<p>A oficina foi conduzida pelos analistas de Processos de Neg\u00f3cio da Sead, Rosana Cristina e Ant\u00f4nio J\u00fanior, que apresentaram conceitos e metodologias para modelagem e gest\u00e3o das atividades di\u00e1rias da autarquia. Conforme ilustrado no evento, esses procedimentos s\u00e3o fundamentais para que as rotinas das equipes estejam sempre alinhadas com a estrat\u00e9gia da organiza\u00e7\u00e3o, al\u00e9m de possibilitarem: a redu\u00e7\u00e3o de desperd\u00edcios; a oferta de melhores servi\u00e7os ao cliente (cidad\u00e3o); o aumento da produtividade e a preven\u00e7\u00e3o de erros, retrabalhos e riscos.<\/p>\n\n\n\n<p>De acordo com a gerente de Governan\u00e7a, Roberta Crispim: &#8220;Trabalhar com processos bem definidos \u00e9 essencial para garantir a efici\u00eancia nos servi\u00e7os p\u00fablicos. Na Goi\u00e1s Previd\u00eancia, atualmente temos 58 processos mapeados e manualizados. Essa oficina contribui para que cada \u00e1rea da autarquia compreenda ainda mais o seu papel dentro da estrat\u00e9gia maior do Estado e fortale\u00e7a a entrega de valor ao cidad\u00e3o&#8221;.<\/p>\n\n\n\n<p>Goi\u00e1s Previd\u00eancia &#8211; Governo de Goi\u00e1s<\/p>\n","protected":false},"excerpt":{"rendered":"<p>Diretores, gerentes e servidores da Goi\u00e1s Previd\u00eancia participaram, na tarde desta quarta-feira (11\/06), da Oficina de Gest\u00e3o da Cadeia de Valor Integrada \u2013 Processos de Neg\u00f3cios, promovida pela Ger\u00eancia do Escrit\u00f3rio de Processos da Secretaria de Estado da Administra\u00e7\u00e3o (Sead). A atividade foi realizada no audit\u00f3rio da sede da autarquia, tendo como foco o aperfei\u00e7oamento [&hellip;]<\/p>\n","protected":false},"author":412,"featured_media":26433,"comment_status":"closed","ping_status":"open","sticky":false,"template":"","format":"standard","meta":{"footnotes":""},"categories":[24],"tags":[],"class_list":["post-26396","post","type-post","status-publish","format-standard","has-post-thumbnail","hentry","category-noticias"],"rttpg_featured_image_url":{"full":["https:\/\/goias.gov.br\/goiasprev\/wp-content\/uploads\/sites\/36\/2025\/06\/WhatsApp-Image-2025-06-12-at-12.49.39-PM.jpeg",1200,630,false],"landscape":["https:\/\/goias.gov.br\/goiasprev\/wp-content\/uploads\/sites\/36\/2025\/06\/WhatsApp-Image-2025-06-12-at-12.49.39-PM.jpeg",1200,630,false],"portraits":["https:\/\/goias.gov.br\/goiasprev\/wp-content\/uploads\/sites\/36\/2025\/06\/WhatsApp-Image-2025-06-12-at-12.49.39-PM.jpeg",1200,630,false],"thumbnail":["https:\/\/goias.gov.br\/goiasprev\/wp-content\/uploads\/sites\/36\/2025\/06\/WhatsApp-Image-2025-06-12-at-12.49.39-PM-150x150.jpeg",150,150,true],"medium":["https:\/\/goias.gov.br\/goiasprev\/wp-content\/uploads\/sites\/36\/2025\/06\/WhatsApp-Image-2025-06-12-at-12.49.39-PM-300x158.jpeg",300,158,true],"large":["https:\/\/goias.gov.br\/goiasprev\/wp-content\/uploads\/sites\/36\/2025\/06\/WhatsApp-Image-2025-06-12-at-12.49.39-PM-1024x538.jpeg",1024,538,true],"1536x1536":["https:\/\/goias.gov.br\/goiasprev\/wp-content\/uploads\/sites\/36\/2025\/06\/WhatsApp-Image-2025-06-12-at-12.49.39-PM.jpeg",1200,630,false],"2048x2048":["https:\/\/goias.gov.br\/goiasprev\/wp-content\/uploads\/sites\/36\/2025\/06\/WhatsApp-Image-2025-06-12-at-12.49.39-PM.jpeg",1200,630,false]},"rttpg_author":{"display_name":"paulomecarvalho","author_link":"https:\/\/goias.gov.br\/goiasprev\/author\/paulomecarvalho\/"},"rttpg_comment":0,"rttpg_category":"<a href=\"https:\/\/goias.gov.br\/goiasprev\/categoria\/noticias\/\" rel=\"category tag\">Not\u00edcias<\/a>","rttpg_excerpt":"Diretores, gerentes e servidores da Goi\u00e1s Previd\u00eancia participaram, na tarde desta quarta-feira (11\/06), da Oficina de Gest\u00e3o da Cadeia de Valor Integrada \u2013 Processos de Neg\u00f3cios, promovida pela Ger\u00eancia do Escrit\u00f3rio de Processos da Secretaria de Estado da Administra\u00e7\u00e3o (Sead). A atividade foi realizada no audit\u00f3rio da sede da autarquia, tendo como foco o aperfei\u00e7oamento&hellip;","_links":{"self":[{"href":"https:\/\/goias.gov.br\/goiasprev\/wp-json\/wp\/v2\/posts\/26396","targetHints":{"allow":["GET"]}}],"collection":[{"href":"https:\/\/goias.gov.br\/goiasprev\/wp-json\/wp\/v2\/posts"}],"about":[{"href":"https:\/\/goias.gov.br\/goiasprev\/wp-json\/wp\/v2\/types\/post"}],"author":[{"embeddable":true,"href":"https:\/\/goias.gov.br\/goiasprev\/wp-json\/wp\/v2\/users\/412"}],"replies":[{"embeddable":true,"href":"https:\/\/goias.gov.br\/goiasprev\/wp-json\/wp\/v2\/comments?post=26396"}],"version-history":[{"count":1,"href":"https:\/\/goias.gov.br\/goiasprev\/wp-json\/wp\/v2\/posts\/26396\/revisions"}],"predecessor-version":[{"id":26434,"href":"https:\/\/goias.gov.br\/goiasprev\/wp-json\/wp\/v2\/posts\/26396\/revisions\/26434"}],"wp:featuredmedia":[{"embeddable":true,"href":"https:\/\/goias.gov.br\/goiasprev\/wp-json\/wp\/v2\/media\/26433"}],"wp:attachment":[{"href":"https:\/\/goias.gov.br\/goiasprev\/wp-json\/wp\/v2\/media?parent=26396"}],"wp:term":[{"taxonomy":"category","embeddable":true,"href":"https:\/\/goias.gov.br\/goiasprev\/wp-json\/wp\/v2\/categories?post=26396"},{"taxonomy":"post_tag","embeddable":true,"href":"https:\/\/goias.gov.br\/goiasprev\/wp-json\/wp\/v2\/tags?post=26396"}],"curies":[{"name":"wp","href":"https:\/\/api.w.org\/{rel}","templated":true}]}}