

{"id":25945,"date":"2025-06-10T12:09:22","date_gmt":"2025-06-10T15:09:22","guid":{"rendered":"https:\/\/goias.gov.br\/goiasprev\/?p=25945"},"modified":"2025-06-10T12:09:25","modified_gmt":"2025-06-10T15:09:25","slug":"goias-previdencia-participa-de-edicao-da-expoprev-com-foco-em-sustentabilidade-na-gestao-previdenciaria","status":"publish","type":"post","link":"https:\/\/goias.gov.br\/goiasprev\/goias-previdencia-participa-de-edicao-da-expoprev-com-foco-em-sustentabilidade-na-gestao-previdenciaria\/","title":{"rendered":"Goi\u00e1s Previd\u00eancia participa de edi\u00e7\u00e3o da Expoprev com foco em sustentabilidade na gest\u00e3o previdenci\u00e1ria"},"content":{"rendered":"\n<p>A Goi\u00e1s Previd\u00eancia marcou presen\u00e7a na Expoprev 2025, realizada entre os dias 4 e 6 de junho, em Goi\u00e2nia, como uma das protagonistas do debate sobre os desafios e estrat\u00e9gias sustent\u00e1veis na gest\u00e3o dos Regimes Pr\u00f3prios de Previd\u00eancia Social (RPPS). Com o tema &#8220;Gest\u00e3o Sustent\u00e1vel de RPPS&#8221;, a edi\u00e7\u00e3o deste ano reuniu gestores, especialistas e representantes de institutos de previd\u00eancia de diversos munic\u00edpios goianos, promovendo capacita\u00e7\u00e3o t\u00e9cnica, troca de experi\u00eancias e alinhamento \u00e0s boas pr\u00e1ticas de governan\u00e7a.<\/p>\n\n\n\n<p>Representando a autarquia goiana, estiveram presentes o presidente, Gilvan C\u00e2ndido, o chefe de Gabinete, Jos\u00e9 Capparelli, o diretor de Gest\u00e3o de Ativos e Passivos, Leonardo L\u00facio, a diretora de Previd\u00eancia, Milena Dias, a gerente de Atu\u00e1ria, Juliana Salgado, o gerente de Compensa\u00e7\u00e3o Previdenci\u00e1ria, F\u00e1bio Resende, a gerente de Governan\u00e7a, Roberta Crispim, o gestor jur\u00eddico, Fernando Ven\u00e2ncio, a t\u00e9cnica em Benef\u00edcios, Paula Bianca Dias, e o assessor de Investimentos, Felipe Silva.<\/p>\n\n\n\n<p>A programa\u00e7\u00e3o da Expoprev contou com temas atuais e de alta relev\u00e2ncia para a gest\u00e3o p\u00fablica previdenci\u00e1ria. No primeiro dia, o presidente da Goi\u00e1s Previd\u00eancia, Gilvan C\u00e2ndido, ministrou a palestra \u201cCen\u00e1rios e Desafios Atuais da Previd\u00eancia e do Servidor P\u00fablico\u201d. Al\u00e9m de destacar a moderniza\u00e7\u00e3o dos servi\u00e7os prestados pela Goiasprev, o titular da autarquia apresentou dados sobre a realiza\u00e7\u00e3o da Reforma da Previd\u00eancia nos diferentes entes do pa\u00eds e levantou a experi\u00eancia goiana nesta importante medida legislativa: &#8220;Entre 2020 e 2024, a Emenda Constitucional n\u00b065\/2019 gerou uma economia de R$ 2,3 bilh\u00f5es, garantindo uma maior sustentabilidade ao Regime Pr\u00f3prio de Previd\u00eancia Social do Estado de Goi\u00e1s&#8221;.<\/p>\n\n\n\n<figure class=\"wp-block-image size-large\"><img fetchpriority=\"high\" decoding=\"async\" width=\"1024\" height=\"768\" src=\"https:\/\/goias.gov.br\/goiasprev\/wp-content\/uploads\/sites\/36\/2025\/06\/WhatsApp-Image-2025-06-10-at-12.02.53-PM-1024x768.jpeg\" alt=\"\" class=\"wp-image-25956\" srcset=\"https:\/\/goias.gov.br\/goiasprev\/wp-content\/uploads\/sites\/36\/2025\/06\/WhatsApp-Image-2025-06-10-at-12.02.53-PM-1024x768.jpeg 1024w, https:\/\/goias.gov.br\/goiasprev\/wp-content\/uploads\/sites\/36\/2025\/06\/WhatsApp-Image-2025-06-10-at-12.02.53-PM-300x225.jpeg 300w, https:\/\/goias.gov.br\/goiasprev\/wp-content\/uploads\/sites\/36\/2025\/06\/WhatsApp-Image-2025-06-10-at-12.02.53-PM-768x576.jpeg 768w, https:\/\/goias.gov.br\/goiasprev\/wp-content\/uploads\/sites\/36\/2025\/06\/WhatsApp-Image-2025-06-10-at-12.02.53-PM-1536x1152.jpeg 1536w, https:\/\/goias.gov.br\/goiasprev\/wp-content\/uploads\/sites\/36\/2025\/06\/WhatsApp-Image-2025-06-10-at-12.02.53-PM-2048x1536.jpeg 2048w, https:\/\/goias.gov.br\/goiasprev\/wp-content\/uploads\/sites\/36\/2025\/06\/WhatsApp-Image-2025-06-10-at-12.02.53-PM-640x480.jpeg 640w, https:\/\/goias.gov.br\/goiasprev\/wp-content\/uploads\/sites\/36\/2025\/06\/WhatsApp-Image-2025-06-10-at-12.02.53-PM-600x450.jpeg 600w\" sizes=\"(max-width: 1024px) 100vw, 1024px\" \/><figcaption class=\"wp-element-caption\"><em>Al\u00e9m de destacar a moderniza\u00e7\u00e3o dos servi\u00e7os prestados pela Goiasprev, Gilvan C\u00e2ndido apresentou dados sobre a realiza\u00e7\u00e3o da Reforma da Previd\u00eancia nos diferentes entes do pa\u00eds e levantou a experi\u00eancia goiana nesta importante medida legislativa | Foto: Goi\u00e1s Previd\u00eancia<\/em><\/figcaption><\/figure>\n\n\n\n<p>No encerramento, Gilvan C\u00e2ndido voltou ao palco ao lado do diretor Leonardo L\u00facio para integrar o painel especial \u201cDesafios e Oportunidades na Gest\u00e3o dos RPPS\u201d. O bate-papo reuniu nomes como o especialista em Previd\u00eancia P\u00fablica, T\u00falio Pinheiro, o advogado, Marcelo Dias, o consultor de Valores Mobili\u00e1rios, Reiter Peixoto, o especialista em Investimentos, Fl\u00e1vio Crosara, e o especialista em Previd\u00eancia e Contabilidade P\u00fablica, Marcelo Bai\u00e3o. Mediado por Viviane Vieira, idealizadora do evento, o painel abordou temas como: sustentabilidade fiscal dos entes federativos; celeridade na homologa\u00e7\u00e3o de aposentadorias e pens\u00f5es; reformula\u00e7\u00e3o do pacto da compensa\u00e7\u00e3o previdenci\u00e1ria; responsabilidade dos gestores na tomada de decis\u00e3o; papel dos Tribunais de Contas; meta atuarial dos investimentos e tecnologia como aliada da gest\u00e3o previdenci\u00e1ria.<\/p>\n\n\n\n<p>Al\u00e9m das contribui\u00e7\u00f5es da Goi\u00e1s Previd\u00eancia, o evento trouxe palestras t\u00e9cnicas sobre financiamento do d\u00e9ficit atuarial, mudan\u00e7as no eSocial, condutas vedadas aos RPPS, estrat\u00e9gias de investimento, contabilidade aplicada \u00e0 previd\u00eancia, nova Lei de Licita\u00e7\u00f5es e Contratos, Pr\u00f3-Gest\u00e3o como ferramenta de gest\u00e3o, responsabilidades e deveres dos dirigentes, transpar\u00eancia e as atualiza\u00e7\u00f5es do COMPREV.<\/p>\n\n\n\n<p>A participa\u00e7\u00e3o da Goiasprev refor\u00e7a o compromisso da autarquia com a excel\u00eancia na gest\u00e3o, a capacita\u00e7\u00e3o cont\u00ednua de sua equipe e a busca por solu\u00e7\u00f5es modernas e sustent\u00e1veis para a previd\u00eancia estadual. A atua\u00e7\u00e3o ativa em eventos como a Expoprev \u00e9 parte fundamental da estrat\u00e9gia institucional de fortalecer a governan\u00e7a e garantir o equil\u00edbrio financeiro e atuarial do Regime Pr\u00f3prio de Previd\u00eancia Social do Estado de Goi\u00e1s.<\/p>\n\n\n\n<p><strong>Goi\u00e1s Previd\u00eancia &#8211; Governo de Goi\u00e1s<\/strong><\/p>\n","protected":false},"excerpt":{"rendered":"<p>A Goi\u00e1s Previd\u00eancia marcou presen\u00e7a na Expoprev 2025, realizada entre os dias 4 e 6 de junho, em Goi\u00e2nia, como uma das protagonistas do debate sobre os desafios e estrat\u00e9gias sustent\u00e1veis na gest\u00e3o dos Regimes Pr\u00f3prios de Previd\u00eancia Social (RPPS). Com o tema &#8220;Gest\u00e3o Sustent\u00e1vel de RPPS&#8221;, a edi\u00e7\u00e3o deste ano reuniu gestores, especialistas e [&hellip;]<\/p>\n","protected":false},"author":412,"featured_media":25965,"comment_status":"closed","ping_status":"open","sticky":false,"template":"","format":"standard","meta":{"footnotes":""},"categories":[24],"tags":[],"class_list":["post-25945","post","type-post","status-publish","format-standard","has-post-thumbnail","hentry","category-noticias"],"rttpg_featured_image_url":{"full":["https:\/\/goias.gov.br\/goiasprev\/wp-content\/uploads\/sites\/36\/2025\/06\/WhatsApp-Image-2025-06-10-at-12.01.21-PM.jpeg",4032,3024,false],"landscape":["https:\/\/goias.gov.br\/goiasprev\/wp-content\/uploads\/sites\/36\/2025\/06\/WhatsApp-Image-2025-06-10-at-12.01.21-PM.jpeg",4032,3024,false],"portraits":["https:\/\/goias.gov.br\/goiasprev\/wp-content\/uploads\/sites\/36\/2025\/06\/WhatsApp-Image-2025-06-10-at-12.01.21-PM.jpeg",4032,3024,false],"thumbnail":["https:\/\/goias.gov.br\/goiasprev\/wp-content\/uploads\/sites\/36\/2025\/06\/WhatsApp-Image-2025-06-10-at-12.01.21-PM-150x150.jpeg",150,150,true],"medium":["https:\/\/goias.gov.br\/goiasprev\/wp-content\/uploads\/sites\/36\/2025\/06\/WhatsApp-Image-2025-06-10-at-12.01.21-PM-300x225.jpeg",300,225,true],"large":["https:\/\/goias.gov.br\/goiasprev\/wp-content\/uploads\/sites\/36\/2025\/06\/WhatsApp-Image-2025-06-10-at-12.01.21-PM-1024x768.jpeg",1024,768,true],"1536x1536":["https:\/\/goias.gov.br\/goiasprev\/wp-content\/uploads\/sites\/36\/2025\/06\/WhatsApp-Image-2025-06-10-at-12.01.21-PM-1536x1152.jpeg",1536,1152,true],"2048x2048":["https:\/\/goias.gov.br\/goiasprev\/wp-content\/uploads\/sites\/36\/2025\/06\/WhatsApp-Image-2025-06-10-at-12.01.21-PM-2048x1536.jpeg",2048,1536,true]},"rttpg_author":{"display_name":"paulomecarvalho","author_link":"https:\/\/goias.gov.br\/goiasprev\/author\/paulomecarvalho\/"},"rttpg_comment":0,"rttpg_category":"<a href=\"https:\/\/goias.gov.br\/goiasprev\/categoria\/noticias\/\" rel=\"category tag\">Not\u00edcias<\/a>","rttpg_excerpt":"A Goi\u00e1s Previd\u00eancia marcou presen\u00e7a na Expoprev 2025, realizada entre os dias 4 e 6 de junho, em Goi\u00e2nia, como uma das protagonistas do debate sobre os desafios e estrat\u00e9gias sustent\u00e1veis na gest\u00e3o dos Regimes Pr\u00f3prios de Previd\u00eancia Social (RPPS). Com o tema &#8220;Gest\u00e3o Sustent\u00e1vel de RPPS&#8221;, a edi\u00e7\u00e3o deste ano reuniu gestores, especialistas e&hellip;","_links":{"self":[{"href":"https:\/\/goias.gov.br\/goiasprev\/wp-json\/wp\/v2\/posts\/25945","targetHints":{"allow":["GET"]}}],"collection":[{"href":"https:\/\/goias.gov.br\/goiasprev\/wp-json\/wp\/v2\/posts"}],"about":[{"href":"https:\/\/goias.gov.br\/goiasprev\/wp-json\/wp\/v2\/types\/post"}],"author":[{"embeddable":true,"href":"https:\/\/goias.gov.br\/goiasprev\/wp-json\/wp\/v2\/users\/412"}],"replies":[{"embeddable":true,"href":"https:\/\/goias.gov.br\/goiasprev\/wp-json\/wp\/v2\/comments?post=25945"}],"version-history":[{"count":1,"href":"https:\/\/goias.gov.br\/goiasprev\/wp-json\/wp\/v2\/posts\/25945\/revisions"}],"predecessor-version":[{"id":25966,"href":"https:\/\/goias.gov.br\/goiasprev\/wp-json\/wp\/v2\/posts\/25945\/revisions\/25966"}],"wp:featuredmedia":[{"embeddable":true,"href":"https:\/\/goias.gov.br\/goiasprev\/wp-json\/wp\/v2\/media\/25965"}],"wp:attachment":[{"href":"https:\/\/goias.gov.br\/goiasprev\/wp-json\/wp\/v2\/media?parent=25945"}],"wp:term":[{"taxonomy":"category","embeddable":true,"href":"https:\/\/goias.gov.br\/goiasprev\/wp-json\/wp\/v2\/categories?post=25945"},{"taxonomy":"post_tag","embeddable":true,"href":"https:\/\/goias.gov.br\/goiasprev\/wp-json\/wp\/v2\/tags?post=25945"}],"curies":[{"name":"wp","href":"https:\/\/api.w.org\/{rel}","templated":true}]}}