

{"id":17569,"date":"2025-02-04T17:10:51","date_gmt":"2025-02-04T20:10:51","guid":{"rendered":"https:\/\/goias.gov.br\/goiasprev\/?p=17569"},"modified":"2025-02-04T17:32:42","modified_gmt":"2025-02-04T20:32:42","slug":"goias-previdencia-promove-capacitacao-avancada-em-microsoft-excel-para-os-seus-colaboradores","status":"publish","type":"post","link":"https:\/\/goias.gov.br\/goiasprev\/goias-previdencia-promove-capacitacao-avancada-em-microsoft-excel-para-os-seus-colaboradores\/","title":{"rendered":"Goi\u00e1s Previd\u00eancia promove capacita\u00e7\u00e3o avan\u00e7ada em Microsoft Excel para os seus colaboradores"},"content":{"rendered":"\n<p>A Goi\u00e1s Previd\u00eancia (Goiasprev), por meio da Diretoria de Gest\u00e3o Integrada, realizou uma oficina de Microsoft Excel avan\u00e7ado para trabalhadores de seu quadro t\u00e9cnico, com aulas ministradas nos dias 27, 29 e 31 de janeiro. A forma\u00e7\u00e3o marcou o in\u00edcio das trilhas de aprendizagem pelas quais todos os servidores da autarquia ir\u00e3o passar, sob coordena\u00e7\u00e3o da Ger\u00eancia de Gest\u00e3o e Desenvolvimento de Pessoas (GGDP) e em acordo com o objetivo de capacita\u00e7\u00e3o cont\u00ednua previsto no Planejamento Estrat\u00e9gico da autarquia para o per\u00edodo de 2025 a 2029.<\/p>\n\n\n\n<p>A oficina teve como instrutor o engenheiro de software, Fernando Vieira, que tamb\u00e9m \u00e9 servidor da Ger\u00eancia de Tecnologia (GTI). Ele destacou os impactos positivos diretos da oficina para os participantes. \u201cTenho visto que os conceitos aprendidos pelos alunos em sala de aula j\u00e1 est\u00e3o sendo aplicados em suas rotinas profissionais, tornando mais f\u00e1cil e produtivo o uso da ferramenta\u201d, afirma o instrutor.<\/p>\n\n\n\n<p>Alyne Gon\u00e7alves \u00e9 gerente da Folha de Pagamentos de Benef\u00edcios, departamento que de onde provieram a maioria dos colaboradores que participaram do treinamento. Conforme ela ressalta, \u201cos conhecimentos aprendidos nestes tr\u00eas dias est\u00e3o sendo muito bem incorporados, permitindo que processos manuais sejam automatizados por meio da cria\u00e7\u00e3o de condi\u00e7\u00f5es dentro do Excel\u201d.<\/p>\n\n\n\n<p>Na segunda-feira (3), uma nova remessa de colaboradores passar\u00e1 pelo aprimoramento do uso da ferramenta. Yuri Rodrigues tamb\u00e9m trabalha na Ger\u00eancia de Folha de Pagamento de Benef\u00edcios, e para ele, \u201cexperi\u00eancias de aprendizagem como as vividas nesta semana s\u00e3o de vital import\u00e2ncia para a autarquia e para as carreiras profissionais dos seus colaboradores\u201d.<\/p>\n\n\n\n<p><strong>Projeto Capacitar&nbsp;&nbsp;<\/strong><\/p>\n\n\n\n<p>A oficina ministrada por Fernando Vieira faz parte do Projeto Capacitar, realizado pela Diretoria de Gest\u00e3o Integrada por meio da Ger\u00eancia de Gest\u00e3o e Desenvolvimento de Pessoas, com apoio da Ger\u00eancia de Tecnologia. O intuito do programa \u00e9, por meio de um Plano de Capacita\u00e7\u00e3o, criar caminhos de aprendizagem pelos quais passar\u00e3o todos os colaboradores da Goi\u00e1s Previd\u00eancia.&nbsp;<\/p>\n\n\n\n<p>Conforme explica a psic\u00f3loga e servidora da GGDP, Cristiany Barros, respons\u00e1vel pela execu\u00e7\u00e3o do Projeto Capacitar, ao ingressar no corpo t\u00e9cnico da Goiasprev, o colaborador vai passar por um Check-in. \u201cNa oportunidade, por meio da Cartilha do Novo Colaborador, o profissional ingressante ter\u00e1 pleno entendimento do organograma e da cultura organizacional da autarquia, recebendo tamb\u00e9m um treinamento para o uso dos sistemas internos que ser\u00e3o necess\u00e1rios em sua rotina, como o Gprev (Gerenciador Previdenci\u00e1rio) e o SEI, por exemplo\u201d.&nbsp;<\/p>\n\n\n\n<figure class=\"wp-block-image size-large is-style-default\"><img fetchpriority=\"high\" decoding=\"async\" width=\"2560\" height=\"1440\" src=\"https:\/\/goias.gov.br\/goiasprev\/wp-content\/uploads\/sites\/36\/2025\/02\/IMG_0264-edited-1-scaled.jpg\" alt=\"\" class=\"wp-image-17692\" srcset=\"https:\/\/goias.gov.br\/goiasprev\/wp-content\/uploads\/sites\/36\/2025\/02\/IMG_0264-edited-1-scaled.jpg 2560w, https:\/\/goias.gov.br\/goiasprev\/wp-content\/uploads\/sites\/36\/2025\/02\/IMG_0264-edited-1-300x169.jpg 300w, https:\/\/goias.gov.br\/goiasprev\/wp-content\/uploads\/sites\/36\/2025\/02\/IMG_0264-edited-1-1024x576.jpg 1024w, https:\/\/goias.gov.br\/goiasprev\/wp-content\/uploads\/sites\/36\/2025\/02\/IMG_0264-edited-1-768x432.jpg 768w, https:\/\/goias.gov.br\/goiasprev\/wp-content\/uploads\/sites\/36\/2025\/02\/IMG_0264-edited-1-1536x864.jpg 1536w, https:\/\/goias.gov.br\/goiasprev\/wp-content\/uploads\/sites\/36\/2025\/02\/IMG_0264-edited-1-2048x1152.jpg 2048w\" sizes=\"(max-width: 2560px) 100vw, 2560px\" \/><figcaption class=\"wp-element-caption\">A oficina ministrada por Fernando Vieira faz parte das iniciativas do Projeto Capacitar | Foto: Goi\u00e1s Previd\u00eancia<\/figcaption><\/figure>\n\n\n\n<p>Al\u00e9m da trilha b\u00e1sica comum de aprendizagem, os colaboradores das diferentes ger\u00eancias ser\u00e3o atendidos com qualifica\u00e7\u00f5es espec\u00edficas que contribuam nas resolu\u00e7\u00f5es de suas demandas di\u00e1rias, conforme as \u00e1reas em que atuam. O levantamento das necessidades de aperfei\u00e7oamento de cada se\u00e7\u00e3o \u00e9 feito pela GGDP, sendo a oferta de capacita\u00e7\u00e3o promovida tanto pela Escola de Governo, quanto pela pr\u00f3pria Goi\u00e1s Previd\u00eancia.&nbsp;<\/p>\n\n\n\n<p>A iniciativa de aprimoramento massivo faz parte das defini\u00e7\u00f5es do Objetivo n\u00b09 do\u00a0 Plano Estrat\u00e9gico da Goiasprev para o per\u00edodo de 2025 a 2029, o qual est\u00e1 dispon\u00edvel na aba de \u201cAcesso \u00e0 Informa\u00e7\u00e3o\u201d no site da autarquia. Neste trecho do documento, consta como compromisso: \u201cinvestir na capacita\u00e7\u00e3o e desenvolvimento cont\u00ednuo dos servidores da organiza\u00e7\u00e3o\u201d. Para Alessandra Oliveira, gerente de Gest\u00e3o e Desenvolvimento de Pessoas, \u201co Projeto Capacitar, ao elevar ainda mais o n\u00edvel t\u00e9cnico e a produtividade do quadro de servidores da Goi\u00e1s Previd\u00eancia, agir\u00e1 como um facilitador para o alcance de todos os outros Objetivos Estrat\u00e9gicos previstos no Plano\u201d.\u00a0<\/p>\n\n\n\n<p><strong>Goi\u00e1s Previd\u00eancia &#8211; Governo de Goi\u00e1s<\/strong><\/p>\n","protected":false},"excerpt":{"rendered":"<p>A Goi\u00e1s Previd\u00eancia (Goiasprev), por meio da Diretoria de Gest\u00e3o Integrada, realizou uma oficina de Microsoft Excel avan\u00e7ado para trabalhadores de seu quadro t\u00e9cnico, com aulas ministradas nos dias 27, 29 e 31 de janeiro. A forma\u00e7\u00e3o marcou o in\u00edcio das trilhas de aprendizagem pelas quais todos os servidores da autarquia ir\u00e3o passar, sob coordena\u00e7\u00e3o [&hellip;]<\/p>\n","protected":false},"author":412,"featured_media":17680,"comment_status":"closed","ping_status":"open","sticky":false,"template":"","format":"standard","meta":{"footnotes":""},"categories":[24],"tags":[],"class_list":["post-17569","post","type-post","status-publish","format-standard","has-post-thumbnail","hentry","category-noticias"],"rttpg_featured_image_url":{"full":["https:\/\/goias.gov.br\/goiasprev\/wp-content\/uploads\/sites\/36\/2025\/02\/IMG_0285-scaled.jpg",2560,1920,false],"landscape":["https:\/\/goias.gov.br\/goiasprev\/wp-content\/uploads\/sites\/36\/2025\/02\/IMG_0285-scaled.jpg",2560,1920,false],"portraits":["https:\/\/goias.gov.br\/goiasprev\/wp-content\/uploads\/sites\/36\/2025\/02\/IMG_0285-scaled.jpg",2560,1920,false],"thumbnail":["https:\/\/goias.gov.br\/goiasprev\/wp-content\/uploads\/sites\/36\/2025\/02\/IMG_0285-150x150.jpg",150,150,true],"medium":["https:\/\/goias.gov.br\/goiasprev\/wp-content\/uploads\/sites\/36\/2025\/02\/IMG_0285-300x225.jpg",300,225,true],"large":["https:\/\/goias.gov.br\/goiasprev\/wp-content\/uploads\/sites\/36\/2025\/02\/IMG_0285-1024x768.jpg",1024,768,true],"1536x1536":["https:\/\/goias.gov.br\/goiasprev\/wp-content\/uploads\/sites\/36\/2025\/02\/IMG_0285-1536x1152.jpg",1536,1152,true],"2048x2048":["https:\/\/goias.gov.br\/goiasprev\/wp-content\/uploads\/sites\/36\/2025\/02\/IMG_0285-2048x1536.jpg",2048,1536,true]},"rttpg_author":{"display_name":"paulomecarvalho","author_link":"https:\/\/goias.gov.br\/goiasprev\/author\/paulomecarvalho\/"},"rttpg_comment":0,"rttpg_category":"<a href=\"https:\/\/goias.gov.br\/goiasprev\/categoria\/noticias\/\" rel=\"category tag\">Not\u00edcias<\/a>","rttpg_excerpt":"A Goi\u00e1s Previd\u00eancia (Goiasprev), por meio da Diretoria de Gest\u00e3o Integrada, realizou uma oficina de Microsoft Excel avan\u00e7ado para trabalhadores de seu quadro t\u00e9cnico, com aulas ministradas nos dias 27, 29 e 31 de janeiro. A forma\u00e7\u00e3o marcou o in\u00edcio das trilhas de aprendizagem pelas quais todos os servidores da autarquia ir\u00e3o passar, sob coordena\u00e7\u00e3o&hellip;","_links":{"self":[{"href":"https:\/\/goias.gov.br\/goiasprev\/wp-json\/wp\/v2\/posts\/17569","targetHints":{"allow":["GET"]}}],"collection":[{"href":"https:\/\/goias.gov.br\/goiasprev\/wp-json\/wp\/v2\/posts"}],"about":[{"href":"https:\/\/goias.gov.br\/goiasprev\/wp-json\/wp\/v2\/types\/post"}],"author":[{"embeddable":true,"href":"https:\/\/goias.gov.br\/goiasprev\/wp-json\/wp\/v2\/users\/412"}],"replies":[{"embeddable":true,"href":"https:\/\/goias.gov.br\/goiasprev\/wp-json\/wp\/v2\/comments?post=17569"}],"version-history":[{"count":2,"href":"https:\/\/goias.gov.br\/goiasprev\/wp-json\/wp\/v2\/posts\/17569\/revisions"}],"predecessor-version":[{"id":17742,"href":"https:\/\/goias.gov.br\/goiasprev\/wp-json\/wp\/v2\/posts\/17569\/revisions\/17742"}],"wp:featuredmedia":[{"embeddable":true,"href":"https:\/\/goias.gov.br\/goiasprev\/wp-json\/wp\/v2\/media\/17680"}],"wp:attachment":[{"href":"https:\/\/goias.gov.br\/goiasprev\/wp-json\/wp\/v2\/media?parent=17569"}],"wp:term":[{"taxonomy":"category","embeddable":true,"href":"https:\/\/goias.gov.br\/goiasprev\/wp-json\/wp\/v2\/categories?post=17569"},{"taxonomy":"post_tag","embeddable":true,"href":"https:\/\/goias.gov.br\/goiasprev\/wp-json\/wp\/v2\/tags?post=17569"}],"curies":[{"name":"wp","href":"https:\/\/api.w.org\/{rel}","templated":true}]}}