

{"id":14607,"date":"2024-11-26T18:44:31","date_gmt":"2024-11-26T21:44:31","guid":{"rendered":"https:\/\/goias.gov.br\/goiasprev\/?p=14607"},"modified":"2024-12-13T10:38:13","modified_gmt":"2024-12-13T13:38:13","slug":"rascunho-automatico","status":"publish","type":"post","link":"https:\/\/goias.gov.br\/goiasprev\/rascunho-automatico\/","title":{"rendered":"Goiasprev faz palestra sobre Educa\u00e7\u00e3o Previdenci\u00e1ria para servidores da CGE"},"content":{"rendered":"\n<p>Em evento que aconteceu na manh\u00e3 desta ter\u00e7a-feira (26), a Goiasprev coordenou as atividades do Programa de Educa\u00e7\u00e3o Previdenci\u00e1ria (PEP-GO), que desta vez, atendeu aos servidores da Controladoria-Geral do Estado de Goi\u00e1s. O projeto tem como objetivo preparar o trabalhador do setor p\u00fablico para o processo de aposentadoria.<\/p>\n\n\n\n<p>Sediado no audit\u00f3rio Jaime C\u00e2mara do Pal\u00e1cio Pedro Ludovico, o encontro foi promovido pela Superintend\u00eancia de Gest\u00e3o Integrada da Controladoria-Geral do Estado, por meio da Ger\u00eancia de Desenvolvimento de Pessoas, e contou em sua abertura com a participa\u00e7\u00e3o do presidente da Goiasprev, Gilvan C\u00e2ndido, do superintendente da SGI, Ednilson Lins, e da gerente da GGDP, Cl\u00e1udia Faria.&nbsp;<\/p>\n\n\n\n<p>Ao cumprimentar os presentes, Gilvan C\u00e2ndido parabenizou a&nbsp;CGE pelo evento e falou sobre os avan\u00e7os da previd\u00eancia estadual na desacelera\u00e7\u00e3o do d\u00e9ficit previdenci\u00e1rio e nas adequa\u00e7\u00f5es das leis do Regime Pr\u00f3prio de Previd\u00eancia dos civis e do Sistema de Prote\u00e7\u00e3o Social dos Militares do Estado de Goi\u00e1s. Destacou ainda o aprimoramento de ferramentas tecnol\u00f3gicas e a certifica\u00e7\u00e3o no corpo diretivo, t\u00e9cnicos e conselheiros da autarquia, com foco na qualidade dos servi\u00e7os e da credibilidade da gest\u00e3o previdenci\u00e1ria. \u201cCuidar do servidor \u00e9 cuidar do Estado, e consequentemente, do cidad\u00e3o\u201d, finalizou.<\/p>\n\n\n\n<p>Ap\u00f3s a abertura, o gerente de Concess\u00e3o de Aposentadoria, Josiniro Coelho, palestrante do evento, iniciou a apresenta\u00e7\u00e3o detalhando as regras de aposentadoria e pens\u00e3o do Regime Pr\u00f3prio de Previd\u00eancia Social-GO, al\u00e9m de temas voltados para o planejamento e garantia dos benef\u00edcios dos segurados.&nbsp;<\/p>\n\n\n\n<p>Josiniro tamb\u00e9m pontuou a import\u00e2ncia do servidor ter um acompanhamento do seu hist\u00f3rico funcional e da juntada de todos os documentos que registrem movimenta\u00e7\u00f5es, averba\u00e7\u00f5es e contribui\u00e7\u00f5es do per\u00edodo laboral, para que, no momento de instruir seu processo de aposentadoria, possa conclu\u00ed-lo com maior celeridade. \u201cAtualmente, a Goiasprev consegue concluir um processo, instru\u00eddo da forma correta, de aposentadoria, em at\u00e9 60 dias. J\u00e1 os processos em que faltam a documenta\u00e7\u00e3o necess\u00e1ria para o ato passam por dilig\u00eancias, geram retrabalho e caminham com mais morosidade\u201d, orienta.<\/p>\n\n\n\n<p>Ap\u00f3s tirar as d\u00favidas dos presentes, o gerente refor\u00e7ou o compromisso da Goiasprev em levar o debate sobre a programa\u00e7\u00e3o da&nbsp;aposentadoria a todas as pastas do Poder Executivo e demais Poderes, como forma de inserir a cultura do planejamento pr\u00e9 e p\u00f3s aposentadoria do servidor.<\/p>\n\n\n\n<p>Em seguida, o encontro teve a participa\u00e7\u00e3o da psic\u00f3loga e servidora da Ger\u00eancia de Gest\u00e3o e Desenvolvimento de Pessoas da Goiasprev, Cristiany Barros, que abordou temas do cotidiano da vida ativa laboral e os projetos e impactos na transi\u00e7\u00e3o para a inatividade, levando em considera\u00e7\u00e3o os aspectos psicol\u00f3gicos, financeiros e interpessoais.<\/p>\n\n\n\n<p>Em sua apresenta\u00e7\u00e3o, a profissional ressaltou a import\u00e2ncia do planejamento e autoconhecimento para que se possa realizar antigos projetos, al\u00e9m das melhores escolhas para aproveitar a nova fase de suas vidas.<\/p>\n\n\n\n<p>Dando sequ\u00eancia \u00e0 programa\u00e7\u00e3o, foi realizada uma reuni\u00e3o com a gerente de Desenvolvimento de Gest\u00e3o de Pessoas, Cl\u00e1udia Faria, e sua equipe. Representando a Goiasprev, participaram a Gerente de An\u00e1lise de Inatividade, procuradora Cynthia Dayse Rosa Nogueira, a gerente de Pens\u00e3o e Direitos de Civis da Goiasprev, Kelly Rezende, e a coordenadora pertencente \u00e0 Ger\u00eancia de Concess\u00e3o de Aposentadorias, Jodelma Faleiros. O encontro teve como pauta principal a instru\u00e7\u00e3o dos processos de aposentadoria, visando a uma maior celeridade no tr\u00e2mite.<\/p>\n\n\n\n<figure class=\"wp-block-image size-large\"><img fetchpriority=\"high\" decoding=\"async\" width=\"1024\" height=\"768\" src=\"https:\/\/goias.gov.br\/goiasprev\/wp-content\/uploads\/sites\/36\/2024\/11\/36AF7EE0-4551-4AB1-BA1E-4A48368D1C4F-1024x768.jpeg\" alt=\"\" class=\"wp-image-14645\" srcset=\"https:\/\/goias.gov.br\/goiasprev\/wp-content\/uploads\/sites\/36\/2024\/11\/36AF7EE0-4551-4AB1-BA1E-4A48368D1C4F-1024x768.jpeg 1024w, https:\/\/goias.gov.br\/goiasprev\/wp-content\/uploads\/sites\/36\/2024\/11\/36AF7EE0-4551-4AB1-BA1E-4A48368D1C4F-300x225.jpeg 300w, https:\/\/goias.gov.br\/goiasprev\/wp-content\/uploads\/sites\/36\/2024\/11\/36AF7EE0-4551-4AB1-BA1E-4A48368D1C4F-768x576.jpeg 768w, https:\/\/goias.gov.br\/goiasprev\/wp-content\/uploads\/sites\/36\/2024\/11\/36AF7EE0-4551-4AB1-BA1E-4A48368D1C4F-1536x1152.jpeg 1536w, https:\/\/goias.gov.br\/goiasprev\/wp-content\/uploads\/sites\/36\/2024\/11\/36AF7EE0-4551-4AB1-BA1E-4A48368D1C4F-600x450.jpeg 600w, https:\/\/goias.gov.br\/goiasprev\/wp-content\/uploads\/sites\/36\/2024\/11\/36AF7EE0-4551-4AB1-BA1E-4A48368D1C4F.jpeg 1600w\" sizes=\"(max-width: 1024px) 100vw, 1024px\" \/><\/figure>\n\n\n\n<p><strong>Goi\u00e1s Previd\u00eancia &#8211; Governo de Goi\u00e1s<\/strong><\/p>\n","protected":false},"excerpt":{"rendered":"<p>Em evento que aconteceu na manh\u00e3 desta ter\u00e7a-feira (26), a Goiasprev coordenou as atividades do Programa de Educa\u00e7\u00e3o Previdenci\u00e1ria (PEP-GO), que desta vez, atendeu aos servidores da Controladoria-Geral do Estado de Goi\u00e1s. O projeto tem como objetivo preparar o trabalhador do setor p\u00fablico para o processo de aposentadoria. Sediado no audit\u00f3rio Jaime C\u00e2mara do Pal\u00e1cio [&hellip;]<\/p>\n","protected":false},"author":412,"featured_media":14613,"comment_status":"closed","ping_status":"open","sticky":false,"template":"","format":"standard","meta":{"footnotes":""},"categories":[24],"tags":[],"class_list":["post-14607","post","type-post","status-publish","format-standard","has-post-thumbnail","hentry","category-noticias"],"rttpg_featured_image_url":{"full":["https:\/\/goias.gov.br\/goiasprev\/wp-content\/uploads\/sites\/36\/2024\/11\/WhatsApp-Image-2024-11-26-at-6.36.04-PM-scaled.jpeg",2560,1440,false],"landscape":["https:\/\/goias.gov.br\/goiasprev\/wp-content\/uploads\/sites\/36\/2024\/11\/WhatsApp-Image-2024-11-26-at-6.36.04-PM-scaled.jpeg",2560,1440,false],"portraits":["https:\/\/goias.gov.br\/goiasprev\/wp-content\/uploads\/sites\/36\/2024\/11\/WhatsApp-Image-2024-11-26-at-6.36.04-PM-scaled.jpeg",2560,1440,false],"thumbnail":["https:\/\/goias.gov.br\/goiasprev\/wp-content\/uploads\/sites\/36\/2024\/11\/WhatsApp-Image-2024-11-26-at-6.36.04-PM-150x150.jpeg",150,150,true],"medium":["https:\/\/goias.gov.br\/goiasprev\/wp-content\/uploads\/sites\/36\/2024\/11\/WhatsApp-Image-2024-11-26-at-6.36.04-PM-300x169.jpeg",300,169,true],"large":["https:\/\/goias.gov.br\/goiasprev\/wp-content\/uploads\/sites\/36\/2024\/11\/WhatsApp-Image-2024-11-26-at-6.36.04-PM-1024x576.jpeg",1024,576,true],"1536x1536":["https:\/\/goias.gov.br\/goiasprev\/wp-content\/uploads\/sites\/36\/2024\/11\/WhatsApp-Image-2024-11-26-at-6.36.04-PM-1536x864.jpeg",1536,864,true],"2048x2048":["https:\/\/goias.gov.br\/goiasprev\/wp-content\/uploads\/sites\/36\/2024\/11\/WhatsApp-Image-2024-11-26-at-6.36.04-PM-2048x1152.jpeg",2048,1152,true]},"rttpg_author":{"display_name":"paulomecarvalho","author_link":"https:\/\/goias.gov.br\/goiasprev\/author\/paulomecarvalho\/"},"rttpg_comment":0,"rttpg_category":"<a href=\"https:\/\/goias.gov.br\/goiasprev\/categoria\/noticias\/\" rel=\"category tag\">Not\u00edcias<\/a>","rttpg_excerpt":"Em evento que aconteceu na manh\u00e3 desta ter\u00e7a-feira (26), a Goiasprev coordenou as atividades do Programa de Educa\u00e7\u00e3o Previdenci\u00e1ria (PEP-GO), que desta vez, atendeu aos servidores da Controladoria-Geral do Estado de Goi\u00e1s. O projeto tem como objetivo preparar o trabalhador do setor p\u00fablico para o processo de aposentadoria. Sediado no audit\u00f3rio Jaime C\u00e2mara do Pal\u00e1cio&hellip;","_links":{"self":[{"href":"https:\/\/goias.gov.br\/goiasprev\/wp-json\/wp\/v2\/posts\/14607","targetHints":{"allow":["GET"]}}],"collection":[{"href":"https:\/\/goias.gov.br\/goiasprev\/wp-json\/wp\/v2\/posts"}],"about":[{"href":"https:\/\/goias.gov.br\/goiasprev\/wp-json\/wp\/v2\/types\/post"}],"author":[{"embeddable":true,"href":"https:\/\/goias.gov.br\/goiasprev\/wp-json\/wp\/v2\/users\/412"}],"replies":[{"embeddable":true,"href":"https:\/\/goias.gov.br\/goiasprev\/wp-json\/wp\/v2\/comments?post=14607"}],"version-history":[{"count":2,"href":"https:\/\/goias.gov.br\/goiasprev\/wp-json\/wp\/v2\/posts\/14607\/revisions"}],"predecessor-version":[{"id":15874,"href":"https:\/\/goias.gov.br\/goiasprev\/wp-json\/wp\/v2\/posts\/14607\/revisions\/15874"}],"wp:featuredmedia":[{"embeddable":true,"href":"https:\/\/goias.gov.br\/goiasprev\/wp-json\/wp\/v2\/media\/14613"}],"wp:attachment":[{"href":"https:\/\/goias.gov.br\/goiasprev\/wp-json\/wp\/v2\/media?parent=14607"}],"wp:term":[{"taxonomy":"category","embeddable":true,"href":"https:\/\/goias.gov.br\/goiasprev\/wp-json\/wp\/v2\/categories?post=14607"},{"taxonomy":"post_tag","embeddable":true,"href":"https:\/\/goias.gov.br\/goiasprev\/wp-json\/wp\/v2\/tags?post=14607"}],"curies":[{"name":"wp","href":"https:\/\/api.w.org\/{rel}","templated":true}]}}