

{"id":13254,"date":"2024-10-31T19:53:58","date_gmt":"2024-10-31T22:53:58","guid":{"rendered":"https:\/\/goias.gov.br\/goiasprev\/?p=13254"},"modified":"2024-10-31T20:11:52","modified_gmt":"2024-10-31T23:11:52","slug":"goias-previdencia-avanca-na-regulamentacao-de-tempo-especial-para-servidores-expostos-a-agentes-nocivos","status":"publish","type":"post","link":"https:\/\/goias.gov.br\/goiasprev\/goias-previdencia-avanca-na-regulamentacao-de-tempo-especial-para-servidores-expostos-a-agentes-nocivos\/","title":{"rendered":"Goi\u00e1s Previd\u00eancia avan\u00e7a na regulamenta\u00e7\u00e3o de tempo especial para servidores expostos a agentes nocivos"},"content":{"rendered":"\n<p>O Grupo de Trabalho (GT) formado por servidores da Goi\u00e1s Previd\u00eancia (Goiasprev), da Secretaria de Estado da Sa\u00fade e da Secretaria de Estado da Administra\u00e7\u00e3o apresentou hoje (30) ao presidente da Goiasprev, Gilvan C\u00e2ndido, a proposta de Instru\u00e7\u00e3o Normativa que regulamenta o reconhecimento do tempo de servi\u00e7o exercido em condi\u00e7\u00f5es especiais, ou seja, em ambientes onde os servidores p\u00fablicos estaduais ficaram expostos a agentes nocivos \u00e0 sa\u00fade.<\/p>\n\n\n\n<p>A Instru\u00e7\u00e3o Normativa visa, principalmente, oferecer seguran\u00e7a jur\u00eddica e estabelecer um procedimento eficiente para que esses servidores possam contar o tempo especial de forma diferenciada, um direito consolidado pelo julgamento do Tema 942 pelo Supremo Tribunal Federal. O regulamento traz mais clareza aos servidores sobre o processo, que agora possuir\u00e1 um passo a passo detalhado.<\/p>\n\n\n\n<p>O servidor que obtiver o reconhecimento de tempo especial ter\u00e1 duas op\u00e7\u00f5es: converter esse per\u00edodo em tempo comum, acrescendo 20% para mulheres e 40% para homens ao tempo de contribui\u00e7\u00e3o, ou utilizar esse tempo para se aposentar com crit\u00e9rios espec\u00edficos de aposentadoria especial. Al\u00e9m disso, ex-servidores poder\u00e3o solicitar uma certid\u00e3o de tempo de contribui\u00e7\u00e3o para transfer\u00eancia desse per\u00edodo a outro regime previdenci\u00e1rio.<\/p>\n\n\n\n<p>\u201cEssa regulamenta\u00e7\u00e3o representa uma grande conquista para o RPPS de Goi\u00e1s, trazendo seguran\u00e7a e valoriza\u00e7\u00e3o aos servidores que trabalhavam em condi\u00e7\u00f5es de risco \u00e0 sa\u00fade. Estamos comprometidos em garantir um processo justo e transparente para o reconhecimento desse direito,\u201d afirmou Milena Dias, diretora de Previd\u00eancia da Goiasprev.<\/p>\n\n\n\n<p>O presidente da Goiasprev, Gilvan C\u00e2ndido, complementou: \u201cA partir de agora, teremos um processo claro, que traz agilidade e, acima de tudo, justi\u00e7a na concess\u00e3o desse direito. Estamos dando um passo significativo para fortalecer a previd\u00eancia estadual e atender com mais efici\u00eancia nossos segurados.\u201d<\/p>\n\n\n\n<p>Constitu\u00eddo pelo presidente da autarquia previdenci\u00e1ria, no que concerne aos servidores da Goiasprev, o Grupo de Trabalho \u00e9 integrado por: Milena Dias (Diretora de Previd\u00eancia), Cynthia Dayse Rosa (Procuradora e Gerente de An\u00e1lise de Inatividade), Elias Jakson de Oliveira (Procurador), C\u00e9sar Augusto Dias (Procurador), Josiniro Coelho (Gerente de Concess\u00e3o de Aposentadoria), Kelly Cristina Mendes (Gerente de Pens\u00e3o e Direitos de Civis), Bruna Tannus (Procuradora Setorial).<\/p>\n\n\n\n<p>Entre o corpo t\u00e9cnico da Secretaria de Estado de Administra\u00e7\u00e3o, compuseram o GT: Renata Nascimento (Chefe de Gabinete), F\u00e1bio Pascholati (Diretor-Executivo da Sa\u00fade e Seguran\u00e7a do Servidor), Alex Sandro Neves (Gerente Central de Sa\u00fade e Seguran\u00e7a do Servidor), Janete Piccolo (Gerente de Apoio Administrativo), Marina Gabriela Barbar (Coordenador de Engenharia de Trabalho), Leonardo C\u00e9sar Silva(M\u00e9dico do Trabalho), Patr\u00edcia Moraes (M\u00e9dica do Trabalho).<\/p>\n\n\n\n<p>J\u00e1 a Secretaria de Estado da Sa\u00fade de Goi\u00e1s foi representada pelos t\u00e9cnicos da Ger\u00eancia de Gest\u00e3o de Pessoas: Ana Maria Frois, On\u00e9simo Lima, Vagno Vitor, Michel Barros e Silva e Gustavo Henrique Alves.<\/p>\n\n\n\n<p><strong>Goi\u00e1s Previd\u00eancia &#8211; Governo de Goi\u00e1s<\/strong><\/p>\n","protected":false},"excerpt":{"rendered":"<p>O Grupo de Trabalho (GT) formado por servidores da Goi\u00e1s Previd\u00eancia (Goiasprev), da Secretaria de Estado da Sa\u00fade e da Secretaria de Estado da Administra\u00e7\u00e3o apresentou hoje (30) ao presidente da Goiasprev, Gilvan C\u00e2ndido, a proposta de Instru\u00e7\u00e3o Normativa que regulamenta o reconhecimento do tempo de servi\u00e7o exercido em condi\u00e7\u00f5es especiais, ou seja, em ambientes [&hellip;]<\/p>\n","protected":false},"author":412,"featured_media":13313,"comment_status":"closed","ping_status":"open","sticky":false,"template":"","format":"standard","meta":{"footnotes":""},"categories":[24],"tags":[],"class_list":["post-13254","post","type-post","status-publish","format-standard","has-post-thumbnail","hentry","category-noticias"],"rttpg_featured_image_url":{"full":["https:\/\/goias.gov.br\/goiasprev\/wp-content\/uploads\/sites\/36\/2024\/10\/WhatsApp-Image-2024-10-31-at-7.53.14-PM-scaled.jpeg",2560,1920,false],"landscape":["https:\/\/goias.gov.br\/goiasprev\/wp-content\/uploads\/sites\/36\/2024\/10\/WhatsApp-Image-2024-10-31-at-7.53.14-PM-scaled.jpeg",2560,1920,false],"portraits":["https:\/\/goias.gov.br\/goiasprev\/wp-content\/uploads\/sites\/36\/2024\/10\/WhatsApp-Image-2024-10-31-at-7.53.14-PM-scaled.jpeg",2560,1920,false],"thumbnail":["https:\/\/goias.gov.br\/goiasprev\/wp-content\/uploads\/sites\/36\/2024\/10\/WhatsApp-Image-2024-10-31-at-7.53.14-PM-150x150.jpeg",150,150,true],"medium":["https:\/\/goias.gov.br\/goiasprev\/wp-content\/uploads\/sites\/36\/2024\/10\/WhatsApp-Image-2024-10-31-at-7.53.14-PM-300x225.jpeg",300,225,true],"large":["https:\/\/goias.gov.br\/goiasprev\/wp-content\/uploads\/sites\/36\/2024\/10\/WhatsApp-Image-2024-10-31-at-7.53.14-PM-1024x768.jpeg",1024,768,true],"1536x1536":["https:\/\/goias.gov.br\/goiasprev\/wp-content\/uploads\/sites\/36\/2024\/10\/WhatsApp-Image-2024-10-31-at-7.53.14-PM-1536x1152.jpeg",1536,1152,true],"2048x2048":["https:\/\/goias.gov.br\/goiasprev\/wp-content\/uploads\/sites\/36\/2024\/10\/WhatsApp-Image-2024-10-31-at-7.53.14-PM-2048x1536.jpeg",2048,1536,true]},"rttpg_author":{"display_name":"paulomecarvalho","author_link":"https:\/\/goias.gov.br\/goiasprev\/author\/paulomecarvalho\/"},"rttpg_comment":0,"rttpg_category":"<a href=\"https:\/\/goias.gov.br\/goiasprev\/categoria\/noticias\/\" rel=\"category tag\">Not\u00edcias<\/a>","rttpg_excerpt":"O Grupo de Trabalho (GT) formado por servidores da Goi\u00e1s Previd\u00eancia (Goiasprev), da Secretaria de Estado da Sa\u00fade e da Secretaria de Estado da Administra\u00e7\u00e3o apresentou hoje (30) ao presidente da Goiasprev, Gilvan C\u00e2ndido, a proposta de Instru\u00e7\u00e3o Normativa que regulamenta o reconhecimento do tempo de servi\u00e7o exercido em condi\u00e7\u00f5es especiais, ou seja, em ambientes&hellip;","_links":{"self":[{"href":"https:\/\/goias.gov.br\/goiasprev\/wp-json\/wp\/v2\/posts\/13254","targetHints":{"allow":["GET"]}}],"collection":[{"href":"https:\/\/goias.gov.br\/goiasprev\/wp-json\/wp\/v2\/posts"}],"about":[{"href":"https:\/\/goias.gov.br\/goiasprev\/wp-json\/wp\/v2\/types\/post"}],"author":[{"embeddable":true,"href":"https:\/\/goias.gov.br\/goiasprev\/wp-json\/wp\/v2\/users\/412"}],"replies":[{"embeddable":true,"href":"https:\/\/goias.gov.br\/goiasprev\/wp-json\/wp\/v2\/comments?post=13254"}],"version-history":[{"count":2,"href":"https:\/\/goias.gov.br\/goiasprev\/wp-json\/wp\/v2\/posts\/13254\/revisions"}],"predecessor-version":[{"id":13328,"href":"https:\/\/goias.gov.br\/goiasprev\/wp-json\/wp\/v2\/posts\/13254\/revisions\/13328"}],"wp:featuredmedia":[{"embeddable":true,"href":"https:\/\/goias.gov.br\/goiasprev\/wp-json\/wp\/v2\/media\/13313"}],"wp:attachment":[{"href":"https:\/\/goias.gov.br\/goiasprev\/wp-json\/wp\/v2\/media?parent=13254"}],"wp:term":[{"taxonomy":"category","embeddable":true,"href":"https:\/\/goias.gov.br\/goiasprev\/wp-json\/wp\/v2\/categories?post=13254"},{"taxonomy":"post_tag","embeddable":true,"href":"https:\/\/goias.gov.br\/goiasprev\/wp-json\/wp\/v2\/tags?post=13254"}],"curies":[{"name":"wp","href":"https:\/\/api.w.org\/{rel}","templated":true}]}}