

{"id":13177,"date":"2024-10-31T17:45:35","date_gmt":"2024-10-31T20:45:35","guid":{"rendered":"https:\/\/goias.gov.br\/goiasprev\/?p=13177"},"modified":"2024-11-01T14:02:19","modified_gmt":"2024-11-01T17:02:19","slug":"goiasprev-faz-palestra-sobre-educacao-previdenciaria-para-colaboradores-da-seapa-go","status":"publish","type":"post","link":"https:\/\/goias.gov.br\/goiasprev\/goiasprev-faz-palestra-sobre-educacao-previdenciaria-para-colaboradores-da-seapa-go\/","title":{"rendered":"Goiasprev faz palestra sobre Educa\u00e7\u00e3o Previdenci\u00e1ria para colaboradores da SEAPA-GO"},"content":{"rendered":"\n<p>Em evento que aconteceu na manh\u00e3 desta quinta-feira (31), o Programa de Educa\u00e7\u00e3o Previdenci\u00e1ria de Goi\u00e1s (PEP-GO), coordenado pela Goiasprev, realizou palestras e tirou d\u00favidas dos servidores da Secretaria de Estado de Agricultura, Pecu\u00e1ria e Abastecimento (Seapa), em atividade que integra as comemora\u00e7\u00f5es do Dia do Servidor P\u00fablico. O evento contou com a presen\u00e7a do secret\u00e1rio da Seapa, Pedro Leonardo Rezende e do presidente da Goi\u00e1s Previd\u00eancia, Gilvan C\u00e2ndido da Silva.<\/p>\n\n\n\n<p>Ao dar as boas-vindas aos convidados, o secret\u00e1rio Pedro Rezende, agradeceu toda sua equipe, dividindo com os colaboradores, o \u00eaxito de todos os projetos desenvolvidos pela Pasta, principalmente na mudan\u00e7a da condi\u00e7\u00e3o de vida fam\u00edlia rural. \u201cCom o apoio do governador Ronaldo Caiado e a parceria de toda a equipe de Governo, conseguimos dar dignidade a essa faixa da popula\u00e7\u00e3o. O trabalho de voc\u00eas impactou diretamente as vidas dessas fam\u00edlias\u201d, afirmou.<\/p>\n\n\n\n<p>Por sua vez, Gilvan C\u00e2ndido, parabenizou a Seapa pelo evento e falou sobre os avan\u00e7os da previd\u00eancia estadual, tanto na desacelera\u00e7\u00e3o do d\u00e9ficit previdenci\u00e1rio, quanto nas adequa\u00e7\u00f5es das leis do Regime Pr\u00f3prio de Previd\u00eancia dos Civis e no Sistema de Prote\u00e7\u00e3o Social dos Militares do Estado de Goi\u00e1s- SPSM-GO. &nbsp;O titular destacou tamb\u00e9m o aprimoramento de ferramentas tecnol\u00f3gicas e certifica\u00e7\u00e3o no corpo diretivo, t\u00e9cnicos e conselheiros da autarquia.<\/p>\n\n\n\n<p>&nbsp;Segundo o presidente, a Goi\u00e1s Previd\u00eancia tem se dedicado intensamente \u00e0 moderniza\u00e7\u00e3o dos servi\u00e7os de previd\u00eancia no Estado, buscando sempre assegurar um atendimento mais \u00e1gil, eficiente e adequado \u00e0s necessidades dos servidores. \u201cEm seis anos de gest\u00e3o, com o apoio do governador Ronaldo Caiado, acrescentamos servi\u00e7os e aprimoramos os existentes, sempre com o objetivo de facilitar a vida do servidor, seja ativo, inativo ou pensionista\u201d, assegura.<\/p>\n\n\n\n<p>Ap\u00f3s a abertura, a diretora de Previd\u00eancia da Goiasprev, Milena Guilherme Dias, discorreu sobre regras de aposentadoria e pens\u00e3o do Regime Pr\u00f3prio de Previd\u00eancia Social-GO, al\u00e9m de temas voltados para o planejamento e garantia dos benef\u00edcios dos segurados.<\/p>\n\n\n\n<p>Em sua palestra, a diretora mencionou as atividades do projeto PEP-GO, com o tema &#8220;Dia da Previd\u00eancia-Cuidando do Amanh\u00e3&#8221;.&nbsp; A iniciativa da Goi\u00e1s Previd\u00eancia \u00e9 voltada aos servidores p\u00fablicos do Estado de Goi\u00e1s, em especial, aos profissionais de Gest\u00e3o de Pessoas e demais unidades das pastas estaduais envolvidas nos processos de aposentadorias de seus colaboradores.<\/p>\n\n\n\n<p>De acordo com a diretora, o Projeto de Educa\u00e7\u00e3o Previdenci\u00e1ria busca parcerias e debates com todas as pastas do Poder Executivo, para que possa, cada vez mais, inserir a cultura do planejamento pr\u00e9 e p\u00f3s aposentadoria do servidor, come\u00e7ando pela instru\u00e7\u00e3o processual, at\u00e9 os aspectos financeiros e emocionais. \u201cNossa miss\u00e3o \u00e9 instru\u00ed-los sobre todas essas etapas e como fazer a transi\u00e7\u00e3o de forma tranquila e consciente\u201d.<\/p>\n\n\n\n<p>Em seguida, o encontro teve a participa\u00e7\u00e3o da psic\u00f3loga da Goiasprev, Cristiane Barros, que abordou temas do cotidiano da vida ativa laboral, al\u00e9m dos projetos e impactos na transi\u00e7\u00e3o para a inatividade.&nbsp; Em sua apresenta\u00e7\u00e3o, a profissional ressaltou a import\u00e2ncia do autoconhecimento para melhor aproveitar a nova fase de suas vidas.<\/p>\n\n\n\n<p>Participaram ainda da reuni\u00e3o, a gerente de Gest\u00e3o e Desenvolvimento de Pessoas da Seapa, Ilma Alves Martins e equipe, e os membros do Projeto PEP-GO da Goiasprev, o chefe de Gabinete, Jos\u00e9 Ant\u00f4nio Capparelli, a gerente de An\u00e1lise de inatividade, Cynthia Dayse Rosa Nogueira, a gerente de Pens\u00e3o e Direitos de Civis, Kelly Cristina Mendes de Rezende e o gerente de Concess\u00e3o de Aposentadoria, Josiniro da Silva Coelho.<br><br><strong>Goi\u00e1s Previd\u00eancia \u2013 Governo de Goi\u00e1s<\/strong><\/p>\n","protected":false},"excerpt":{"rendered":"<p>Em evento que aconteceu na manh\u00e3 desta quinta-feira (31), o Programa de Educa\u00e7\u00e3o Previdenci\u00e1ria de Goi\u00e1s (PEP-GO), coordenado pela Goiasprev, realizou palestras e tirou d\u00favidas dos servidores da Secretaria de Estado de Agricultura, Pecu\u00e1ria e Abastecimento (Seapa), em atividade que integra as comemora\u00e7\u00f5es do Dia do Servidor P\u00fablico. O evento contou com a presen\u00e7a do [&hellip;]<\/p>\n","protected":false},"author":412,"featured_media":13194,"comment_status":"closed","ping_status":"open","sticky":false,"template":"","format":"standard","meta":{"footnotes":""},"categories":[24],"tags":[],"class_list":["post-13177","post","type-post","status-publish","format-standard","has-post-thumbnail","hentry","category-noticias"],"rttpg_featured_image_url":{"full":["https:\/\/goias.gov.br\/goiasprev\/wp-content\/uploads\/sites\/36\/2024\/10\/WhatsApp-Image-2024-10-31-at-5.48.29-PM-scaled.jpeg",2560,1920,false],"landscape":["https:\/\/goias.gov.br\/goiasprev\/wp-content\/uploads\/sites\/36\/2024\/10\/WhatsApp-Image-2024-10-31-at-5.48.29-PM-scaled.jpeg",2560,1920,false],"portraits":["https:\/\/goias.gov.br\/goiasprev\/wp-content\/uploads\/sites\/36\/2024\/10\/WhatsApp-Image-2024-10-31-at-5.48.29-PM-scaled.jpeg",2560,1920,false],"thumbnail":["https:\/\/goias.gov.br\/goiasprev\/wp-content\/uploads\/sites\/36\/2024\/10\/WhatsApp-Image-2024-10-31-at-5.48.29-PM-150x150.jpeg",150,150,true],"medium":["https:\/\/goias.gov.br\/goiasprev\/wp-content\/uploads\/sites\/36\/2024\/10\/WhatsApp-Image-2024-10-31-at-5.48.29-PM-300x225.jpeg",300,225,true],"large":["https:\/\/goias.gov.br\/goiasprev\/wp-content\/uploads\/sites\/36\/2024\/10\/WhatsApp-Image-2024-10-31-at-5.48.29-PM-1024x768.jpeg",1024,768,true],"1536x1536":["https:\/\/goias.gov.br\/goiasprev\/wp-content\/uploads\/sites\/36\/2024\/10\/WhatsApp-Image-2024-10-31-at-5.48.29-PM-1536x1152.jpeg",1536,1152,true],"2048x2048":["https:\/\/goias.gov.br\/goiasprev\/wp-content\/uploads\/sites\/36\/2024\/10\/WhatsApp-Image-2024-10-31-at-5.48.29-PM-2048x1536.jpeg",2048,1536,true]},"rttpg_author":{"display_name":"paulomecarvalho","author_link":"https:\/\/goias.gov.br\/goiasprev\/author\/paulomecarvalho\/"},"rttpg_comment":0,"rttpg_category":"<a href=\"https:\/\/goias.gov.br\/goiasprev\/categoria\/noticias\/\" rel=\"category tag\">Not\u00edcias<\/a>","rttpg_excerpt":"Em evento que aconteceu na manh\u00e3 desta quinta-feira (31), o Programa de Educa\u00e7\u00e3o Previdenci\u00e1ria de Goi\u00e1s (PEP-GO), coordenado pela Goiasprev, realizou palestras e tirou d\u00favidas dos servidores da Secretaria de Estado de Agricultura, Pecu\u00e1ria e Abastecimento (Seapa), em atividade que integra as comemora\u00e7\u00f5es do Dia do Servidor P\u00fablico. O evento contou com a presen\u00e7a do&hellip;","_links":{"self":[{"href":"https:\/\/goias.gov.br\/goiasprev\/wp-json\/wp\/v2\/posts\/13177","targetHints":{"allow":["GET"]}}],"collection":[{"href":"https:\/\/goias.gov.br\/goiasprev\/wp-json\/wp\/v2\/posts"}],"about":[{"href":"https:\/\/goias.gov.br\/goiasprev\/wp-json\/wp\/v2\/types\/post"}],"author":[{"embeddable":true,"href":"https:\/\/goias.gov.br\/goiasprev\/wp-json\/wp\/v2\/users\/412"}],"replies":[{"embeddable":true,"href":"https:\/\/goias.gov.br\/goiasprev\/wp-json\/wp\/v2\/comments?post=13177"}],"version-history":[{"count":2,"href":"https:\/\/goias.gov.br\/goiasprev\/wp-json\/wp\/v2\/posts\/13177\/revisions"}],"predecessor-version":[{"id":13377,"href":"https:\/\/goias.gov.br\/goiasprev\/wp-json\/wp\/v2\/posts\/13177\/revisions\/13377"}],"wp:featuredmedia":[{"embeddable":true,"href":"https:\/\/goias.gov.br\/goiasprev\/wp-json\/wp\/v2\/media\/13194"}],"wp:attachment":[{"href":"https:\/\/goias.gov.br\/goiasprev\/wp-json\/wp\/v2\/media?parent=13177"}],"wp:term":[{"taxonomy":"category","embeddable":true,"href":"https:\/\/goias.gov.br\/goiasprev\/wp-json\/wp\/v2\/categories?post=13177"},{"taxonomy":"post_tag","embeddable":true,"href":"https:\/\/goias.gov.br\/goiasprev\/wp-json\/wp\/v2\/tags?post=13177"}],"curies":[{"name":"wp","href":"https:\/\/api.w.org\/{rel}","templated":true}]}}