

{"id":12285,"date":"2024-09-30T19:09:31","date_gmt":"2024-09-30T22:09:31","guid":{"rendered":"https:\/\/goias.gov.br\/goiasprev\/?p=12285"},"modified":"2024-09-30T19:17:53","modified_gmt":"2024-09-30T22:17:53","slug":"goias-previdencia-promove-palestra-sobre-a-prevencao-ao-suicidio","status":"publish","type":"post","link":"https:\/\/goias.gov.br\/goiasprev\/goias-previdencia-promove-palestra-sobre-a-prevencao-ao-suicidio\/","title":{"rendered":"Goi\u00e1s Previd\u00eancia promove palestra sobre a preven\u00e7\u00e3o ao suic\u00eddio"},"content":{"rendered":"\n<p>Em conson\u00e2ncia com a campanha Setembro Amarelo, a Goi\u00e1s Previd\u00eancia (Goiasprev), por meio da Diretoria de Gest\u00e3o Integrada e da Ger\u00eancia de Gest\u00e3o e Desenvolvimento de Pessoas, realizou, nesta segunda-feira (30), uma importante palestra voltada para a conscientiza\u00e7\u00e3o dos colaboradores acerca da preven\u00e7\u00e3o do suic\u00eddio. O evento foi conduzido pela psic\u00f3loga Ludmylla de Moraes, que abordou a urg\u00eancia do tema e prop\u00f4s din\u00e2micas em grupo para incentivar o di\u00e1logo aberto sobre o assunto.<\/p>\n\n\n\n<p>A psic\u00f3loga destacou que a preven\u00e7\u00e3o ao suic\u00eddio depende, em grande parte, da quebra do sil\u00eancio e do estigma que ainda cercam o tema. \u201c\u00c9 preciso alertar a popula\u00e7\u00e3o sobre a import\u00e2ncia de cuidar da sa\u00fade mental e incentivar as pessoas e os profissionais de sa\u00fade a oferecerem apoio a quem precisa\u201d, ressaltou Ludmylla durante a palestra. Neste sentido, chama aten\u00e7\u00e3o o fato de que, de acordo com a Organiza\u00e7\u00e3o Mundial da Sa\u00fade (OMS), o suic\u00eddio est\u00e1 entre as principais causas de morte evit\u00e1veis no mundo, sendo respons\u00e1vel por cerca de 800 mil mortes anuais em todo o planeta.<\/p>\n\n\n\n<p>No Brasil, os dados s\u00e3o igualmente alarmantes. O pa\u00eds registra aproximadamente 14 mil suic\u00eddios por ano, o que representa cerca de 38 mortes por dia. Esse n\u00famero, no entanto, pode ser ainda maior, considerando os casos subnotificados. Ludmylla de Moraes ressalta que a maioria dos suic\u00eddios est\u00e1 associada a transtornos mentais, como depress\u00e3o e ansiedade, al\u00e9m de fatores socioecon\u00f4micos e familiares. Al\u00e9m da elucida\u00e7\u00e3o das informa\u00e7\u00f5es sobre o assunto, o evento tamb\u00e9m contou com din\u00e2micas de grupo, com trocas de experi\u00eancias pessoais e de terceiros sobre a quest\u00e3o do suic\u00eddio.<\/p>\n\n\n\n<p><strong>Compromisso com a sa\u00fade mental<\/strong><\/p>\n\n\n\n<p>Marcos Medeiros, diretor de Gest\u00e3o de Ativos e Passivos da Goiasprev, refor\u00e7ou o compromisso da institui\u00e7\u00e3o com a sa\u00fade mental dos seus colaboradores: \u201cNossa prioridade \u00e9 cuidar das pessoas que fazem parte da Goi\u00e1s Previd\u00eancia. Iniciativas como esta palestra s\u00e3o essenciais para promover o bem-estar e criar um ambiente de trabalho mais acolhedor, onde todos se sintam ouvidos e valorizados\u201d.<\/p>\n\n\n\n<p>Milena Dias, diretora de Previd\u00eancia, complementou destacando a import\u00e2ncia de a\u00e7\u00f5es cont\u00ednuas para o cuidado com a sa\u00fade emocional: \u201cObservem-se, observe as pessoas ao seu redor e acolha, pois a sa\u00fade mental tem que vir em primeiro lugar\u201d.<\/p>\n\n\n\n<p>Com essas a\u00e7\u00f5es, a Goi\u00e1s Previd\u00eancia reafirma seu compromisso com a integridade e o cuidado com a vida de seus colaboradores, contribuindo para a constru\u00e7\u00e3o de um ambiente de trabalho mais saud\u00e1vel e consciente da urg\u00eancia de se falar sobre sa\u00fade mental.<\/p>\n\n\n\n<p><strong>Goi\u00e1s Previd\u00eancia &#8211; Governo de Goi\u00e1s<\/strong><\/p>\n","protected":false},"excerpt":{"rendered":"<p>Em conson\u00e2ncia com a campanha Setembro Amarelo, a Goi\u00e1s Previd\u00eancia (Goiasprev), por meio da Diretoria de Gest\u00e3o Integrada e da Ger\u00eancia de Gest\u00e3o e Desenvolvimento de Pessoas, realizou, nesta segunda-feira (30), uma importante palestra voltada para a conscientiza\u00e7\u00e3o dos colaboradores acerca da preven\u00e7\u00e3o do suic\u00eddio. O evento foi conduzido pela psic\u00f3loga Ludmylla de Moraes, que [&hellip;]<\/p>\n","protected":false},"author":412,"featured_media":12300,"comment_status":"closed","ping_status":"open","sticky":false,"template":"","format":"standard","meta":{"footnotes":""},"categories":[24],"tags":[],"class_list":["post-12285","post","type-post","status-publish","format-standard","has-post-thumbnail","hentry","category-noticias"],"rttpg_featured_image_url":{"full":["https:\/\/goias.gov.br\/goiasprev\/wp-content\/uploads\/sites\/36\/2024\/09\/WhatsApp-Image-2024-09-30-at-7.07.52-PM-scaled.jpeg",2560,1280,false],"landscape":["https:\/\/goias.gov.br\/goiasprev\/wp-content\/uploads\/sites\/36\/2024\/09\/WhatsApp-Image-2024-09-30-at-7.07.52-PM-scaled.jpeg",2560,1280,false],"portraits":["https:\/\/goias.gov.br\/goiasprev\/wp-content\/uploads\/sites\/36\/2024\/09\/WhatsApp-Image-2024-09-30-at-7.07.52-PM-scaled.jpeg",2560,1280,false],"thumbnail":["https:\/\/goias.gov.br\/goiasprev\/wp-content\/uploads\/sites\/36\/2024\/09\/WhatsApp-Image-2024-09-30-at-7.07.52-PM-150x150.jpeg",150,150,true],"medium":["https:\/\/goias.gov.br\/goiasprev\/wp-content\/uploads\/sites\/36\/2024\/09\/WhatsApp-Image-2024-09-30-at-7.07.52-PM-300x150.jpeg",300,150,true],"large":["https:\/\/goias.gov.br\/goiasprev\/wp-content\/uploads\/sites\/36\/2024\/09\/WhatsApp-Image-2024-09-30-at-7.07.52-PM-1024x512.jpeg",1024,512,true],"1536x1536":["https:\/\/goias.gov.br\/goiasprev\/wp-content\/uploads\/sites\/36\/2024\/09\/WhatsApp-Image-2024-09-30-at-7.07.52-PM-1536x768.jpeg",1536,768,true],"2048x2048":["https:\/\/goias.gov.br\/goiasprev\/wp-content\/uploads\/sites\/36\/2024\/09\/WhatsApp-Image-2024-09-30-at-7.07.52-PM-2048x1024.jpeg",2048,1024,true]},"rttpg_author":{"display_name":"paulomecarvalho","author_link":"https:\/\/goias.gov.br\/goiasprev\/author\/paulomecarvalho\/"},"rttpg_comment":0,"rttpg_category":"<a href=\"https:\/\/goias.gov.br\/goiasprev\/categoria\/noticias\/\" rel=\"category tag\">Not\u00edcias<\/a>","rttpg_excerpt":"Em conson\u00e2ncia com a campanha Setembro Amarelo, a Goi\u00e1s Previd\u00eancia (Goiasprev), por meio da Diretoria de Gest\u00e3o Integrada e da Ger\u00eancia de Gest\u00e3o e Desenvolvimento de Pessoas, realizou, nesta segunda-feira (30), uma importante palestra voltada para a conscientiza\u00e7\u00e3o dos colaboradores acerca da preven\u00e7\u00e3o do suic\u00eddio. O evento foi conduzido pela psic\u00f3loga Ludmylla de Moraes, que&hellip;","_links":{"self":[{"href":"https:\/\/goias.gov.br\/goiasprev\/wp-json\/wp\/v2\/posts\/12285","targetHints":{"allow":["GET"]}}],"collection":[{"href":"https:\/\/goias.gov.br\/goiasprev\/wp-json\/wp\/v2\/posts"}],"about":[{"href":"https:\/\/goias.gov.br\/goiasprev\/wp-json\/wp\/v2\/types\/post"}],"author":[{"embeddable":true,"href":"https:\/\/goias.gov.br\/goiasprev\/wp-json\/wp\/v2\/users\/412"}],"replies":[{"embeddable":true,"href":"https:\/\/goias.gov.br\/goiasprev\/wp-json\/wp\/v2\/comments?post=12285"}],"version-history":[{"count":2,"href":"https:\/\/goias.gov.br\/goiasprev\/wp-json\/wp\/v2\/posts\/12285\/revisions"}],"predecessor-version":[{"id":12309,"href":"https:\/\/goias.gov.br\/goiasprev\/wp-json\/wp\/v2\/posts\/12285\/revisions\/12309"}],"wp:featuredmedia":[{"embeddable":true,"href":"https:\/\/goias.gov.br\/goiasprev\/wp-json\/wp\/v2\/media\/12300"}],"wp:attachment":[{"href":"https:\/\/goias.gov.br\/goiasprev\/wp-json\/wp\/v2\/media?parent=12285"}],"wp:term":[{"taxonomy":"category","embeddable":true,"href":"https:\/\/goias.gov.br\/goiasprev\/wp-json\/wp\/v2\/categories?post=12285"},{"taxonomy":"post_tag","embeddable":true,"href":"https:\/\/goias.gov.br\/goiasprev\/wp-json\/wp\/v2\/tags?post=12285"}],"curies":[{"name":"wp","href":"https:\/\/api.w.org\/{rel}","templated":true}]}}