

{"id":10553,"date":"2024-09-05T10:58:18","date_gmt":"2024-09-05T13:58:18","guid":{"rendered":"https:\/\/goias.gov.br\/goiasprev\/?p=10553"},"modified":"2024-09-05T10:59:01","modified_gmt":"2024-09-05T13:59:01","slug":"diretora-de-previdencia-da-goiasprev-conduz-reuniao-da-copajure-na-sede-do-iprev-df","status":"publish","type":"post","link":"https:\/\/goias.gov.br\/goiasprev\/diretora-de-previdencia-da-goiasprev-conduz-reuniao-da-copajure-na-sede-do-iprev-df\/","title":{"rendered":"Diretora de Previd\u00eancia da Goiasprev conduz reuni\u00e3o da Copajure na sede do Iprev-DF"},"content":{"rendered":"\n<p>Nesta ter\u00e7a-feira (3), a Comiss\u00e3o Permanente de Acompanhamento de A\u00e7\u00f5es Judiciais Relevantes (Copajure), coordenada pela diretora de Previd\u00eancia da Goiasprev, Milena Guilherme Dias, realizou reuni\u00e3o na sede do Instituto de Previd\u00eancia dos Servidores do Distrito Federal (Iprev-DF). O encontro contou com a participa\u00e7\u00e3o da diretora-presidente do RPPS-DF e membro titular do Copajure, Raquel Galv\u00e3o, do diretor jur\u00eddico da institui\u00e7\u00e3o anfitri\u00e3 e membro suplente da Comiss\u00e3o, Luiz Gustavo Barreira Muglia, e dos demais componentes da Comiss\u00e3o, que contribu\u00edram de forma presencial e por videoconfer\u00eancia.<\/p>\n\n\n\n<p>Dentre os assuntos discutidos na reuni\u00e3o da Copajure, destacaram-se as: A\u00e7\u00f5es Diretas de Inconstitucionalidade (ADIs) da Emenda Constitucional n\u00ba 103\/2019, em julgamento pelo Supremo Tribunal Federal (STF), que disp\u00f5e sobre a Reforma da Previd\u00eancia; Adicional por Tempo de Servi\u00e7o \u2013 Quiqu\u00eanios \u2013 PEC n\u00ba 10\/2023, entre outros temas.<\/p>\n\n\n\n<figure class=\"wp-block-image size-large\"><img fetchpriority=\"high\" decoding=\"async\" width=\"1024\" height=\"768\" src=\"https:\/\/goias.gov.br\/goiasprev\/wp-content\/uploads\/sites\/36\/2024\/09\/reuniao_copajure_3_9_2024_iprev_df_foto_rogerio_caldas-1-1024x768.jpg\" alt=\"\" class=\"wp-image-10600\" srcset=\"https:\/\/goias.gov.br\/goiasprev\/wp-content\/uploads\/sites\/36\/2024\/09\/reuniao_copajure_3_9_2024_iprev_df_foto_rogerio_caldas-1-1024x768.jpg 1024w, https:\/\/goias.gov.br\/goiasprev\/wp-content\/uploads\/sites\/36\/2024\/09\/reuniao_copajure_3_9_2024_iprev_df_foto_rogerio_caldas-1-300x225.jpg 300w, https:\/\/goias.gov.br\/goiasprev\/wp-content\/uploads\/sites\/36\/2024\/09\/reuniao_copajure_3_9_2024_iprev_df_foto_rogerio_caldas-1-768x576.jpg 768w, https:\/\/goias.gov.br\/goiasprev\/wp-content\/uploads\/sites\/36\/2024\/09\/reuniao_copajure_3_9_2024_iprev_df_foto_rogerio_caldas-1-1536x1152.jpg 1536w, https:\/\/goias.gov.br\/goiasprev\/wp-content\/uploads\/sites\/36\/2024\/09\/reuniao_copajure_3_9_2024_iprev_df_foto_rogerio_caldas-1-600x450.jpg 600w, https:\/\/goias.gov.br\/goiasprev\/wp-content\/uploads\/sites\/36\/2024\/09\/reuniao_copajure_3_9_2024_iprev_df_foto_rogerio_caldas-1.jpg 1600w\" sizes=\"(max-width: 1024px) 100vw, 1024px\" \/><figcaption class=\"wp-element-caption\"><em>A diretora de Previd\u00eancia da Goi\u00e1s Previd\u00eancia (Goiasprev) e coordenadora da Copajure, Milena Guilherme Dias, conduziu a reuni\u00e3o realizada na sede do Iprev-DF<\/em> <em>\/ Foto: Rodrigo Caldas<\/em><\/figcaption><\/figure>\n\n\n\n<p>A coordenadora Milena avaliou a reuni\u00e3o realizada no Iprev-DF como produtiva. \u201cHoje, os trabalhos foram extremamente relevantes para a continuidade das atividades da Copajure. Falamos sobre diversos assuntos, especialmente o julgamento das a\u00e7\u00f5es do STF que impactar\u00e1 de forma significativa os RPPS de todo o Brasil\u201d, comentou.<\/p>\n\n\n\n<p>\u201cTratamos sobre assuntos que podem impactar os RPPS como o julgamento de a\u00e7\u00f5es relacionadas \u00e0 Guarda Civil Metropolitana, \u00e0 implementa\u00e7\u00e3o de adicionais de tempo de servi\u00e7o a servidores j\u00e1 aposentados e pensionistas de RPPS, assim como a participa\u00e7\u00e3o da Copajure nos informativos do Minist\u00e9rio da Previd\u00eancia\u201d, acrescentou Milena.<\/p>\n\n\n\n<p>A pr\u00f3xima reuni\u00e3o da Copajure est\u00e1 marcada para o dia 12 de novembro, em Florian\u00f3polis.<\/p>\n\n\n\n<p><strong>A Copajure<\/strong><br><br>A Comiss\u00e3o tem por finalidade essencial promover debates, troca de informa\u00e7\u00f5es, a\u00e7\u00f5es e diretrizes acerca de temas judiciais considerados relevantes para os Regimes Pr\u00f3prios de Previd\u00eancia Social (RPPS) institu\u00eddos no Brasil e a articula\u00e7\u00e3o entre os RPPS, os entes federativos, o STF e os Tribunais Superiores.<\/p>\n\n\n\n<p>Compete \u00e0 Copajure a atua\u00e7\u00e3o perante o STF e os Tribunais Superiores, mediante a\u00e7\u00f5es conjuntas com entidades que atuam na defesa judicial dos interesses dos RPPS, visando \u00e0 promo\u00e7\u00e3o de esclarecimentos, encaminhamento de documenta\u00e7\u00e3o, apresenta\u00e7\u00e3o de informa\u00e7\u00f5es e argumentos jur\u00eddicos, financeiros e atuariais, dentre outros, aos Ministros e a seus assessores.<\/p>\n\n\n\n<p>A atua\u00e7\u00e3o da Copajure ter\u00e1 como objetivo principal as a\u00e7\u00f5es judiciais que tramitam nos respectivos Tribunais, cujo objeto de discuss\u00e3o seja mat\u00e9ria de interesse do conjunto dos RPPS, em especial aquelas cuja decis\u00e3o tenha reflexo mais expressivo no seu equil\u00edbrio financeiro e atuarial.<\/p>\n\n\n\n<p>Fonte: Iprev-DF<\/p>\n\n\n\n<p><strong>Goi\u00e1s Previd\u00eancia &#8211; Governo de Goi\u00e1s<\/strong><\/p>\n","protected":false},"excerpt":{"rendered":"<p>Nesta ter\u00e7a-feira (3), a Comiss\u00e3o Permanente de Acompanhamento de A\u00e7\u00f5es Judiciais Relevantes (Copajure), coordenada pela diretora de Previd\u00eancia da Goiasprev, Milena Guilherme Dias, realizou reuni\u00e3o na sede do Instituto de Previd\u00eancia dos Servidores do Distrito Federal (Iprev-DF). O encontro contou com a participa\u00e7\u00e3o da diretora-presidente do RPPS-DF e membro titular do Copajure, Raquel Galv\u00e3o, do [&hellip;]<\/p>\n","protected":false},"author":412,"featured_media":10666,"comment_status":"closed","ping_status":"open","sticky":false,"template":"","format":"standard","meta":{"footnotes":""},"categories":[24],"tags":[],"class_list":["post-10553","post","type-post","status-publish","format-standard","has-post-thumbnail","hentry","category-noticias"],"rttpg_featured_image_url":{"full":["https:\/\/goias.gov.br\/goiasprev\/wp-content\/uploads\/sites\/36\/2024\/09\/3D78494E-3A72-4C08-8F45-F824C2E0EC9E.jpeg",1374,1080,false],"landscape":["https:\/\/goias.gov.br\/goiasprev\/wp-content\/uploads\/sites\/36\/2024\/09\/3D78494E-3A72-4C08-8F45-F824C2E0EC9E.jpeg",1374,1080,false],"portraits":["https:\/\/goias.gov.br\/goiasprev\/wp-content\/uploads\/sites\/36\/2024\/09\/3D78494E-3A72-4C08-8F45-F824C2E0EC9E.jpeg",1374,1080,false],"thumbnail":["https:\/\/goias.gov.br\/goiasprev\/wp-content\/uploads\/sites\/36\/2024\/09\/3D78494E-3A72-4C08-8F45-F824C2E0EC9E-150x150.jpeg",150,150,true],"medium":["https:\/\/goias.gov.br\/goiasprev\/wp-content\/uploads\/sites\/36\/2024\/09\/3D78494E-3A72-4C08-8F45-F824C2E0EC9E-300x236.jpeg",300,236,true],"large":["https:\/\/goias.gov.br\/goiasprev\/wp-content\/uploads\/sites\/36\/2024\/09\/3D78494E-3A72-4C08-8F45-F824C2E0EC9E-1024x805.jpeg",1024,805,true],"1536x1536":["https:\/\/goias.gov.br\/goiasprev\/wp-content\/uploads\/sites\/36\/2024\/09\/3D78494E-3A72-4C08-8F45-F824C2E0EC9E.jpeg",1374,1080,false],"2048x2048":["https:\/\/goias.gov.br\/goiasprev\/wp-content\/uploads\/sites\/36\/2024\/09\/3D78494E-3A72-4C08-8F45-F824C2E0EC9E.jpeg",1374,1080,false]},"rttpg_author":{"display_name":"paulomecarvalho","author_link":"https:\/\/goias.gov.br\/goiasprev\/author\/paulomecarvalho\/"},"rttpg_comment":0,"rttpg_category":"<a href=\"https:\/\/goias.gov.br\/goiasprev\/categoria\/noticias\/\" rel=\"category tag\">Not\u00edcias<\/a>","rttpg_excerpt":"Nesta ter\u00e7a-feira (3), a Comiss\u00e3o Permanente de Acompanhamento de A\u00e7\u00f5es Judiciais Relevantes (Copajure), coordenada pela diretora de Previd\u00eancia da Goiasprev, Milena Guilherme Dias, realizou reuni\u00e3o na sede do Instituto de Previd\u00eancia dos Servidores do Distrito Federal (Iprev-DF). O encontro contou com a participa\u00e7\u00e3o da diretora-presidente do RPPS-DF e membro titular do Copajure, Raquel Galv\u00e3o, do&hellip;","_links":{"self":[{"href":"https:\/\/goias.gov.br\/goiasprev\/wp-json\/wp\/v2\/posts\/10553","targetHints":{"allow":["GET"]}}],"collection":[{"href":"https:\/\/goias.gov.br\/goiasprev\/wp-json\/wp\/v2\/posts"}],"about":[{"href":"https:\/\/goias.gov.br\/goiasprev\/wp-json\/wp\/v2\/types\/post"}],"author":[{"embeddable":true,"href":"https:\/\/goias.gov.br\/goiasprev\/wp-json\/wp\/v2\/users\/412"}],"replies":[{"embeddable":true,"href":"https:\/\/goias.gov.br\/goiasprev\/wp-json\/wp\/v2\/comments?post=10553"}],"version-history":[{"count":2,"href":"https:\/\/goias.gov.br\/goiasprev\/wp-json\/wp\/v2\/posts\/10553\/revisions"}],"predecessor-version":[{"id":10677,"href":"https:\/\/goias.gov.br\/goiasprev\/wp-json\/wp\/v2\/posts\/10553\/revisions\/10677"}],"wp:featuredmedia":[{"embeddable":true,"href":"https:\/\/goias.gov.br\/goiasprev\/wp-json\/wp\/v2\/media\/10666"}],"wp:attachment":[{"href":"https:\/\/goias.gov.br\/goiasprev\/wp-json\/wp\/v2\/media?parent=10553"}],"wp:term":[{"taxonomy":"category","embeddable":true,"href":"https:\/\/goias.gov.br\/goiasprev\/wp-json\/wp\/v2\/categories?post=10553"},{"taxonomy":"post_tag","embeddable":true,"href":"https:\/\/goias.gov.br\/goiasprev\/wp-json\/wp\/v2\/tags?post=10553"}],"curies":[{"name":"wp","href":"https:\/\/api.w.org\/{rel}","templated":true}]}}