

{"id":10052,"date":"2024-08-22T10:20:02","date_gmt":"2024-08-22T13:20:02","guid":{"rendered":"https:\/\/goias.gov.br\/goiasprev\/?p=10052"},"modified":"2025-10-14T06:42:12","modified_gmt":"2025-10-14T09:42:12","slug":"acoes-de-educacao-previdenciaria","status":"publish","type":"post","link":"https:\/\/goias.gov.br\/goiasprev\/acoes-de-educacao-previdenciaria\/","title":{"rendered":"A\u00e7\u00f5es de Educa\u00e7\u00e3o Previdenci\u00e1ria"},"content":{"rendered":"\n<p><a href=\"https:\/\/goias.gov.br\/goiasprev\/goias-previdencia-realiza-palestra-de-educacao-previdenciaria-durante-a-semana-de-prevencao-de-acidentes-de-trabalho-promovida-pela-emater-goias\/\" target=\"_blank\" rel=\"noreferrer noopener\">Ag\u00eancia Goiana de Assist\u00eancia T\u00e9cnica, Extens\u00e3o Rural e Pesquisa Agropecu\u00e1ria &#8211; EMATER<\/a><\/p>\n\n\n\n<p><a href=\"https:\/\/goias.gov.br\/goiasprev\/goias-previdencia-inaugura-projeto-de-educacao-previdenciaria-para-servidores-do-servico-publico-estadual-na-programacao-de-aniversario-da-agr-2\/\" data-type=\"link\" data-id=\"https:\/\/goias.gov.br\/goiasprev\/goias-previdencia-inaugura-projeto-de-educacao-previdenciaria-para-servidores-do-servico-publico-estadual-na-programacao-de-aniversario-da-agr-2\/\" target=\"_blank\" rel=\"noreferrer noopener\">Ag\u00eancia Goiana de Regula\u00e7\u00e3o, Controle e Fiscaliza\u00e7\u00e3o de Servi\u00e7os P\u00fablicos &#8211; AGR<\/a><\/p>\n\n\n\n<p><a href=\"https:\/\/goias.gov.br\/goiasprev\/goiasprev-lanca-calculadora-previdenciaria-para-otimizar-apuracao-do-tempo-de-contribuicao-dos-servidores-estaduais\/\" target=\"_blank\" rel=\"noreferrer noopener\">Calculadora Previdenci\u00e1ria<\/a><\/p>\n\n\n\n<p><a href=\"https:\/\/goias.gov.br\/goiasprev\/rascunho-automatico\/\" target=\"_blank\" rel=\"noreferrer noopener\">Controladoria-Geral do Estado &#8211; CGE<\/a><\/p>\n\n\n\n<p><a href=\"https:\/\/goias.gov.br\/goiasprev\/em-evento-organizado-pela-sead-goiasprev-e-prevcom-brc-explicam-sobre-o-beneficio-especial-e-a-previdencia-complementar-para-os-servidores\/\" target=\"_blank\" rel=\"noreferrer noopener\">Secretaria de Estado da Administra\u00e7\u00e3o &#8211; SEAD<\/a><\/p>\n\n\n\n<p><a href=\"https:\/\/goias.gov.br\/goiasprev\/goiasprev-leva-o-programa-de-educacao-previdenciaria-para-os-servidores-da-secretaria-de-estado-da-economia\/\" target=\"_blank\" rel=\"noreferrer noopener\">Secretaria de Estado da Economia<\/a><\/p>\n\n\n\n<p><a href=\"https:\/\/goias.gov.br\/goiasprev\/goiasprev-promove-palestra-sobre-educacao-previdenciaria-para-servidores-da-secretaria-de-seguranca-publica-e-policia-civil-de-goias\/\" target=\"_blank\" rel=\"noreferrer noopener\">Secretaria de Estado da Seguran\u00e7a P\u00fablica &#8211; SSP<\/a><\/p>\n\n\n\n<p><a href=\"https:\/\/goias.gov.br\/goiasprev\/goiasprev-faz-palestra-sobre-educacao-previdenciaria-para-colaboradores-da-seapa-go\/\" target=\"_blank\" rel=\"noreferrer noopener\">Secretaria de Estado de Agricultura, Pecu\u00e1ria e Abastecimento &#8211; SEAPA<\/a><\/p>\n\n\n\n<p><a href=\"https:\/\/goias.gov.br\/goiasprev\/goiasprev-faz-palestra-sobre-educacao-previdenciaria-em-evento-da-secretaria-de-desenvolvimento-social\/\" data-type=\"link\" data-id=\"https:\/\/goias.gov.br\/goiasprev\/goiasprev-faz-palestra-sobre-educacao-previdenciaria-em-evento-da-secretaria-de-desenvolvimento-social\/\" target=\"_blank\" rel=\"noreferrer noopener\">Secretaria de Estado de Desenvolvimento Social &#8211; SEDS<\/a><\/p>\n\n\n\n<p><\/p>\n\n\n\n<p><\/p>\n","protected":false},"excerpt":{"rendered":"<p>Ag\u00eancia Goiana de Assist\u00eancia T\u00e9cnica, Extens\u00e3o Rural e Pesquisa Agropecu\u00e1ria &#8211; EMATER Ag\u00eancia Goiana de Regula\u00e7\u00e3o, Controle e Fiscaliza\u00e7\u00e3o de Servi\u00e7os P\u00fablicos &#8211; AGR Calculadora Previdenci\u00e1ria Controladoria-Geral do Estado &#8211; CGE Secretaria de Estado da Administra\u00e7\u00e3o &#8211; SEAD Secretaria de Estado da Economia Secretaria de Estado da Seguran\u00e7a P\u00fablica &#8211; SSP Secretaria de Estado de [&hellip;]<\/p>\n","protected":false},"author":436,"featured_media":0,"comment_status":"closed","ping_status":"open","sticky":false,"template":"","format":"standard","meta":{"footnotes":""},"categories":[23],"tags":[],"class_list":["post-10052","post","type-post","status-publish","format-standard","hentry","category-institucional"],"rttpg_featured_image_url":null,"rttpg_author":{"display_name":"Guilherme Corr\u00eaa","author_link":"https:\/\/goias.gov.br\/goiasprev\/author\/guilhermecorrea\/"},"rttpg_comment":0,"rttpg_category":"<a href=\"https:\/\/goias.gov.br\/goiasprev\/categoria\/institucional\/\" rel=\"category tag\">Institucional<\/a>","rttpg_excerpt":"Ag\u00eancia Goiana de Assist\u00eancia T\u00e9cnica, Extens\u00e3o Rural e Pesquisa Agropecu\u00e1ria &#8211; EMATER Ag\u00eancia Goiana de Regula\u00e7\u00e3o, Controle e Fiscaliza\u00e7\u00e3o de Servi\u00e7os P\u00fablicos &#8211; AGR Calculadora Previdenci\u00e1ria Controladoria-Geral do Estado &#8211; CGE Secretaria de Estado da Administra\u00e7\u00e3o &#8211; SEAD Secretaria de Estado da Economia Secretaria de Estado da Seguran\u00e7a P\u00fablica &#8211; SSP Secretaria de Estado de&hellip;","_links":{"self":[{"href":"https:\/\/goias.gov.br\/goiasprev\/wp-json\/wp\/v2\/posts\/10052","targetHints":{"allow":["GET"]}}],"collection":[{"href":"https:\/\/goias.gov.br\/goiasprev\/wp-json\/wp\/v2\/posts"}],"about":[{"href":"https:\/\/goias.gov.br\/goiasprev\/wp-json\/wp\/v2\/types\/post"}],"author":[{"embeddable":true,"href":"https:\/\/goias.gov.br\/goiasprev\/wp-json\/wp\/v2\/users\/436"}],"replies":[{"embeddable":true,"href":"https:\/\/goias.gov.br\/goiasprev\/wp-json\/wp\/v2\/comments?post=10052"}],"version-history":[{"count":2,"href":"https:\/\/goias.gov.br\/goiasprev\/wp-json\/wp\/v2\/posts\/10052\/revisions"}],"predecessor-version":[{"id":33375,"href":"https:\/\/goias.gov.br\/goiasprev\/wp-json\/wp\/v2\/posts\/10052\/revisions\/33375"}],"wp:attachment":[{"href":"https:\/\/goias.gov.br\/goiasprev\/wp-json\/wp\/v2\/media?parent=10052"}],"wp:term":[{"taxonomy":"category","embeddable":true,"href":"https:\/\/goias.gov.br\/goiasprev\/wp-json\/wp\/v2\/categories?post=10052"},{"taxonomy":"post_tag","embeddable":true,"href":"https:\/\/goias.gov.br\/goiasprev\/wp-json\/wp\/v2\/tags?post=10052"}],"curies":[{"name":"wp","href":"https:\/\/api.w.org\/{rel}","templated":true}]}}