

{"id":3060,"date":"2024-05-28T16:19:42","date_gmt":"2024-05-28T19:19:42","guid":{"rendered":"https:\/\/goias.gov.br\/goiasparcerias\/?p=3060"},"modified":"2025-12-15T16:38:16","modified_gmt":"2025-12-15T19:38:16","slug":"maxuelo-braz-de-paula","status":"publish","type":"post","link":"https:\/\/goias.gov.br\/goiasparcerias\/maxuelo-braz-de-paula\/","title":{"rendered":"Maxu\u00ealo Braz de Paula"},"content":{"rendered":"\n<p>Possui gradua\u00e7\u00e3o em Direito pela Universidade de Ribeir\u00e3o Preto (1999). \u00c9 Major &#8211; Pol\u00edcia Militar do Estado de Goi\u00e1s. Tem experi\u00eancia na \u00e1rea de Direito, com \u00eanfase em Direito Administrativo, Constitucional e Previdenci\u00e1rio; P\u00f3s-Gradua\u00e7\u00e3o em Direito Administrativo e Constitucional &#8211; PUC &#8211; Goi\u00e1s, em Conv\u00eanio com a Academia de Pol\u00edcia Civil do Estado de Goi\u00e1s; P\u00f3s-Gradua\u00e7\u00e3o em Direito Penal e Processo Penal &#8211; PUC &#8211; Goi\u00e1s, em Conv\u00eanio com a Academia de Pol\u00edcia Civil do Estado de Goi\u00e1s; P\u00f3s-Gradua\u00e7\u00e3o em Direitos Humanos Pela Academia de Pol\u00edcia Militar do Estado de Goi\u00e1s, em Conv\u00eanio com a Universidade federal de Goi\u00e1s e Unesco; P\u00f3s Graduando em Direito Previdenci\u00e1rio e Processo Previdenci\u00e1rio &#8211; Faculdades Dam\u00e1sio Educacional; Mestrando em Ecologia e Produ\u00e7\u00e3o Sustent\u00e1vel &#8211; PUC Goi\u00e1s. Co-Autor do Projeto de Lei, que se transformou na Lei Complementar 66\/2009 do Estado de Goi\u00e1s, a qual instituiu a Autarquia Previdenci\u00e1ria, no \u00c2mbito do Estado de Goi\u00e1s; Co-Autor do Projeto de Lei, que se transformou na Lei Complementar 77\/2010 &#8211; Que Criou o Regime Pr\u00f3prio de Previd\u00eancia dos Servidores do Estado de Goi\u00e1s &#8211; RPPS; Co-Autor do Projeto de Lei, que est\u00e1 em tramite com fim de criar o Regime Pr\u00f3prio de Previd\u00eancia dos Militares do Estado de Goi\u00e1s &#8211; RPPM, participando inclusive de todas as atualiza\u00e7\u00f5es realizadas para sua adequa\u00e7\u00e3o; Diretor de Previd\u00eancia da Goiasprev &#8211; de 21 de junho de 2010 a 21 de junho de 2018.<\/p>\n","protected":false},"excerpt":{"rendered":"<p>Possui gradua\u00e7\u00e3o em Direito pela Universidade de Ribeir\u00e3o Preto (1999). \u00c9 Major &#8211; Pol\u00edcia Militar do Estado de Goi\u00e1s. Tem experi\u00eancia na \u00e1rea de Direito, com \u00eanfase em Direito Administrativo, Constitucional e Previdenci\u00e1rio; P\u00f3s-Gradua\u00e7\u00e3o em Direito Administrativo e Constitucional &#8211; PUC &#8211; Goi\u00e1s, em Conv\u00eanio com a Academia de Pol\u00edcia Civil do Estado de Goi\u00e1s; [&hellip;]<\/p>\n","protected":false},"author":394,"featured_media":0,"comment_status":"closed","ping_status":"open","sticky":false,"template":"","format":"standard","meta":{"footnotes":""},"categories":[26],"tags":[],"class_list":["post-3060","post","type-post","status-publish","format-standard","hentry","category-institucional"],"rttpg_featured_image_url":null,"rttpg_author":{"display_name":"anacosta","author_link":"https:\/\/goias.gov.br\/goiasparcerias\/author\/anacosta\/"},"rttpg_comment":0,"rttpg_category":"<a href=\"https:\/\/goias.gov.br\/goiasparcerias\/categoria\/institucional\/\" rel=\"category tag\">Institucional<\/a>","rttpg_excerpt":"Possui gradua\u00e7\u00e3o em Direito pela Universidade de Ribeir\u00e3o Preto (1999). \u00c9 Major &#8211; Pol\u00edcia Militar do Estado de Goi\u00e1s. Tem experi\u00eancia na \u00e1rea de Direito, com \u00eanfase em Direito Administrativo, Constitucional e Previdenci\u00e1rio; P\u00f3s-Gradua\u00e7\u00e3o em Direito Administrativo e Constitucional &#8211; PUC &#8211; Goi\u00e1s, em Conv\u00eanio com a Academia de Pol\u00edcia Civil do Estado de Goi\u00e1s;&hellip;","_links":{"self":[{"href":"https:\/\/goias.gov.br\/goiasparcerias\/wp-json\/wp\/v2\/posts\/3060","targetHints":{"allow":["GET"]}}],"collection":[{"href":"https:\/\/goias.gov.br\/goiasparcerias\/wp-json\/wp\/v2\/posts"}],"about":[{"href":"https:\/\/goias.gov.br\/goiasparcerias\/wp-json\/wp\/v2\/types\/post"}],"author":[{"embeddable":true,"href":"https:\/\/goias.gov.br\/goiasparcerias\/wp-json\/wp\/v2\/users\/394"}],"replies":[{"embeddable":true,"href":"https:\/\/goias.gov.br\/goiasparcerias\/wp-json\/wp\/v2\/comments?post=3060"}],"version-history":[{"count":2,"href":"https:\/\/goias.gov.br\/goiasparcerias\/wp-json\/wp\/v2\/posts\/3060\/revisions"}],"predecessor-version":[{"id":23699,"href":"https:\/\/goias.gov.br\/goiasparcerias\/wp-json\/wp\/v2\/posts\/3060\/revisions\/23699"}],"wp:attachment":[{"href":"https:\/\/goias.gov.br\/goiasparcerias\/wp-json\/wp\/v2\/media?parent=3060"}],"wp:term":[{"taxonomy":"category","embeddable":true,"href":"https:\/\/goias.gov.br\/goiasparcerias\/wp-json\/wp\/v2\/categories?post=3060"},{"taxonomy":"post_tag","embeddable":true,"href":"https:\/\/goias.gov.br\/goiasparcerias\/wp-json\/wp\/v2\/tags?post=3060"}],"curies":[{"name":"wp","href":"https:\/\/api.w.org\/{rel}","templated":true}]}}