

{"id":29898,"date":"2026-04-24T10:20:44","date_gmt":"2026-04-24T13:20:44","guid":{"rendered":"https:\/\/goias.gov.br\/goiasparcerias\/?p=29898"},"modified":"2026-04-24T10:20:44","modified_gmt":"2026-04-24T13:20:44","slug":"fabiola-ariadne","status":"publish","type":"post","link":"https:\/\/goias.gov.br\/goiasparcerias\/fabiola-ariadne\/","title":{"rendered":"Fab\u00edola Ariadne"},"content":{"rendered":"\n<p>Fab\u00edola Ariadne graduou-se em Direito pela Universidade Federal de Goi\u00e1s em 2003, especializando-se em Direito P\u00fablico pela Universidade de Rio Verde em 2005 e em Gest\u00e3o P\u00fablica e Pol\u00edticas P\u00fablicas pela UFG entre 2021 e 2022. Atua como advogada aut\u00f4noma desde 2004 , com foco em consultoria de governan\u00e7a, conformidade e pol\u00edticas p\u00fablicas. Iniciou sua trajet\u00f3ria no setor p\u00fablico na Ouvidoria da Secretaria de Seguran\u00e7a P\u00fablica (2007-2010) e como advogada e gerente jur\u00eddica interina na Agrodefesa entre 2010 e 2015. Seguiu para assessorias estrat\u00e9gicas na SEGPLAN em 2015 , na Assembleia Legislativa (2015-2018) e na Defensoria P\u00fablica (2018-2020). Mais recentemente, foi Assessora de Diretoria na Saneago entre 2020 e 2024 e coordenou a Rede Goiana de Laborat\u00f3rios de Inova\u00e7\u00e3o. Desde abril de 2024, atua como Gerente de Inclus\u00e3o Digital na Secretaria de Estado de Ci\u00eancia, Tecnologia e Inova\u00e7\u00e3o (SECTI). Paralelamente, preside a Comiss\u00e3o Especial de Pol\u00edticas P\u00fablicas da OAB\/GO desde mar\u00e7o de 2025.<\/p>\n","protected":false},"excerpt":{"rendered":"<p>Fab\u00edola Ariadne graduou-se em Direito pela Universidade Federal de Goi\u00e1s em 2003, especializando-se em Direito P\u00fablico pela Universidade de Rio Verde em 2005 e em Gest\u00e3o P\u00fablica e Pol\u00edticas P\u00fablicas pela UFG entre 2021 e 2022. Atua como advogada aut\u00f4noma desde 2004 , com foco em consultoria de governan\u00e7a, conformidade e pol\u00edticas p\u00fablicas. Iniciou sua [&hellip;]<\/p>\n","protected":false},"author":393,"featured_media":0,"comment_status":"closed","ping_status":"open","sticky":false,"template":"","format":"standard","meta":{"footnotes":""},"categories":[],"tags":[],"class_list":["post-29898","post","type-post","status-publish","format-standard","hentry"],"rttpg_featured_image_url":null,"rttpg_author":{"display_name":"jessicamelo","author_link":"https:\/\/goias.gov.br\/goiasparcerias\/author\/jessicamelo\/"},"rttpg_comment":0,"rttpg_category":"Sem categoria","rttpg_excerpt":"Fab\u00edola Ariadne graduou-se em Direito pela Universidade Federal de Goi\u00e1s em 2003, especializando-se em Direito P\u00fablico pela Universidade de Rio Verde em 2005 e em Gest\u00e3o P\u00fablica e Pol\u00edticas P\u00fablicas pela UFG entre 2021 e 2022. Atua como advogada aut\u00f4noma desde 2004 , com foco em consultoria de governan\u00e7a, conformidade e pol\u00edticas p\u00fablicas. Iniciou sua&hellip;","_links":{"self":[{"href":"https:\/\/goias.gov.br\/goiasparcerias\/wp-json\/wp\/v2\/posts\/29898","targetHints":{"allow":["GET"]}}],"collection":[{"href":"https:\/\/goias.gov.br\/goiasparcerias\/wp-json\/wp\/v2\/posts"}],"about":[{"href":"https:\/\/goias.gov.br\/goiasparcerias\/wp-json\/wp\/v2\/types\/post"}],"author":[{"embeddable":true,"href":"https:\/\/goias.gov.br\/goiasparcerias\/wp-json\/wp\/v2\/users\/393"}],"replies":[{"embeddable":true,"href":"https:\/\/goias.gov.br\/goiasparcerias\/wp-json\/wp\/v2\/comments?post=29898"}],"version-history":[{"count":1,"href":"https:\/\/goias.gov.br\/goiasparcerias\/wp-json\/wp\/v2\/posts\/29898\/revisions"}],"predecessor-version":[{"id":29905,"href":"https:\/\/goias.gov.br\/goiasparcerias\/wp-json\/wp\/v2\/posts\/29898\/revisions\/29905"}],"wp:attachment":[{"href":"https:\/\/goias.gov.br\/goiasparcerias\/wp-json\/wp\/v2\/media?parent=29898"}],"wp:term":[{"taxonomy":"category","embeddable":true,"href":"https:\/\/goias.gov.br\/goiasparcerias\/wp-json\/wp\/v2\/categories?post=29898"},{"taxonomy":"post_tag","embeddable":true,"href":"https:\/\/goias.gov.br\/goiasparcerias\/wp-json\/wp\/v2\/tags?post=29898"}],"curies":[{"name":"wp","href":"https:\/\/api.w.org\/{rel}","templated":true}]}}